{"id":71514,"date":"2023-09-22T12:13:05","date_gmt":"2023-09-22T18:13:05","guid":{"rendered":"https:\/\/redsemlac.com\/semmexico\/?p=71514"},"modified":"2023-09-22T13:37:50","modified_gmt":"2023-09-22T19:37:50","slug":"voces-de-periodistas-espanolas-se-alzan-contra-el-machismo-racismo-e-impunidad-de-la-derecha","status":"publish","type":"post","link":"https:\/\/redsemlac.com\/semmexico\/voces-de-periodistas-espanolas-se-alzan-contra-el-machismo-racismo-e-impunidad-de-la-derecha\/","title":{"rendered":"Voces de periodistas espa\u00f1olas se alzan contra el machismo, racismo e impunidad de la derecha"},"content":{"rendered":"\n<h2 class=\"wp-block-heading\">\u00a1A por todas!<\/h2>\n\n\n\n<p class=\"wp-block-paragraph\"><br>Elda Montiel<br>SemM\u00e9xico, Ciudad de M\u00e9xico, 22 de septiembre, 2023.- Destacadas periodistas espa\u00f1olas cansadas de los discursos de odio machistas y racistas se unieron en el proyecto audiovisual \u00a1A por todas! para liderar la ola imparable de feministas, alzar la lucha antirracista y parar los pies a la prepotencia de impunidad de la derecha.<\/p>\n\n\n\n<p class=\"wp-block-paragraph\"><br>Solicitan, v\u00eda newsletter, interesadas en el periodismo inc\u00f3modo, riguroso y valiente, el apoyo de personas para asegurar su nuevo proyecto audiovisual para contar con un plat\u00f3 de televisi\u00f3n, un equipo de c\u00e1maras y micr\u00f3fonos porque ya tienen el equipo de redactoras\/es, editoras\/es, c\u00e1maras y las propias periodistas para asegurar el proyecto para asegurar su continuidad.<\/p>\n\n\n\n<p class=\"wp-block-paragraph\"><br>Explican que los medios audiovisuales se pueden utilizar tanto para denunciar injusticias como para lanzar mensajes racistas y machistas llenos de odio y de maldad que calan en los millones de personas que d\u00eda a d\u00eda ven sus programas. Citan por ejemplo respecto a las y los migrantes \u201cs\u00f3lo vienen a nuestro pa\u00eds a robar\u201d.<\/p>\n\n\n\n<p class=\"wp-block-paragraph\"><br>Un plat\u00f3 de televisi\u00f3n, un equipo de c\u00e1maras y micr\u00f3fonos, un grupo de magn\u00edficos redactores y periodistas, tiempo y pasi\u00f3n. Lo que se puede lograr cuando unes todos estos elementos es mucho m\u00e1s fuerte de lo que podemos pensar. Se puede usar para denunciar injusticias, pero tambi\u00e9n para lanzar mensajes racistas y machistas llenos de odio y de maldad que calan en los millones de personas que d\u00eda a d\u00eda ven sus programas. Y as\u00ed es c\u00f3mo se va extendiendo el \u201csolo vienen a nuestro pa\u00eds a robar\u201d, \u201ctan feminista no ser\u00e1\u201d o \u201csolo son unas feminazis\u201d.<\/p>\n\n\n\n<p class=\"wp-block-paragraph\"><br>\u201cEn P\u00fablico, al igual que David contra Goliat, llevamos m\u00e1s de 15 a\u00f1os trabajando para plantar cara a ese discurso. Y hoy, hartas y cansadas de tanta mentira y tanto odio, hemos decidido dar un paso m\u00e1s y comenzar un proyecto audiovisual que, de forma modesta pero firme, sirva para todo lo contrario: liderar la ola imparable de feministas, alzar la lucha antirracista y parar los pies a la prepotencia e impunidad de la derecha\u201d.<\/p>\n\n\n\n<p class=\"wp-block-paragraph\"><br>Para ello, contamos con varias de las mejores periodistas de nuestro pa\u00eds. Virginia P\u00e9rez Alonso, directora de Publico; Asaari Bibang, escritora y activista; Cristina Fallar\u00e1s, \u201dcuento mujeres son m\u00e1s reveladores que cualquier teor\u00eda\u201d; Ana Bernal-Trivi\u00f1o, periodista e investigadora; Marina Lobo, \u201ccuriosa la guerra entre hombres y mujeres que solo tienen muertas en un lado\u201d y Ana Pardo de Vera especialista en comunicaci\u00f3n pol\u00edtica, se van a poner delante de las c\u00e1maras para realizar an\u00e1lisis cr\u00edticos y entrevistas \u00fanicas.<\/p>\n\n\n\n<p class=\"wp-block-paragraph\"><br>Ya hay un equipo de redactores, editores, c\u00e1maras y las propias periodistas trabajando para sacar este proyecto adelante. Pero todav\u00eda tenemos que reformar el plat\u00f3, reforzar el trabajo del equipo, invertir m\u00e1s para asegurar su continuidad\u2026 Es un gran reto, pero contamos con el apoyo de personas como t\u00fa.<\/p>\n\n\n\n<p class=\"wp-block-paragraph\"><br>Para que este gran proyecto sea una realidad, necesitamos a 87 personas que se unan a P\u00fablico y nos den el apoyo que tanta falta nos hace en estos momentos. Y me gustar\u00eda que t\u00fa fueras una de ellas.<\/p>\n","protected":false},"excerpt":{"rendered":"<p>Destacadas periodistas espa\u00f1olas cansadas de los discursos de odio machistas y racistas se unieron en el proyecto audiovisual <\/p>\n","protected":false},"author":3,"featured_media":71515,"comment_status":"open","ping_status":"open","sticky":false,"template":"","format":"standard","meta":{"_monsterinsights_skip_tracking":false,"footnotes":""},"categories":[45,46],"tags":[],"class_list":["post-71514","post","type-post","status-publish","format-standard","has-post-thumbnail","category-cultura","category-cultura-cultura"],"_links":{"self":[{"href":"https:\/\/redsemlac.com\/semmexico\/wp-json\/wp\/v2\/posts\/71514","targetHints":{"allow":["GET"]}}],"collection":[{"href":"https:\/\/redsemlac.com\/semmexico\/wp-json\/wp\/v2\/posts"}],"about":[{"href":"https:\/\/redsemlac.com\/semmexico\/wp-json\/wp\/v2\/types\/post"}],"author":[{"embeddable":true,"href":"https:\/\/redsemlac.com\/semmexico\/wp-json\/wp\/v2\/users\/3"}],"replies":[{"embeddable":true,"href":"https:\/\/redsemlac.com\/semmexico\/wp-json\/wp\/v2\/comments?post=71514"}],"version-history":[{"count":0,"href":"https:\/\/redsemlac.com\/semmexico\/wp-json\/wp\/v2\/posts\/71514\/revisions"}],"wp:featuredmedia":[{"embeddable":true,"href":"https:\/\/redsemlac.com\/semmexico\/wp-json\/wp\/v2\/media\/71515"}],"wp:attachment":[{"href":"https:\/\/redsemlac.com\/semmexico\/wp-json\/wp\/v2\/media?parent=71514"}],"wp:term":[{"taxonomy":"category","embeddable":true,"href":"https:\/\/redsemlac.com\/semmexico\/wp-json\/wp\/v2\/categories?post=71514"},{"taxonomy":"post_tag","embeddable":true,"href":"https:\/\/redsemlac.com\/semmexico\/wp-json\/wp\/v2\/tags?post=71514"}],"curies":[{"name":"wp","href":"https:\/\/api.w.org\/{rel}","templated":true}]}}