{"id":71493,"date":"2023-09-21T15:12:12","date_gmt":"2023-09-21T21:12:12","guid":{"rendered":"https:\/\/redsemlac.com\/semmexico\/?p=71493"},"modified":"2023-09-21T15:12:14","modified_gmt":"2023-09-21T21:12:14","slug":"primer-aniversario-del-transporte-violeta-en-guerrero-cumple-un-ano-brindando-seguridad","status":"publish","type":"post","link":"https:\/\/redsemlac.com\/semmexico\/primer-aniversario-del-transporte-violeta-en-guerrero-cumple-un-ano-brindando-seguridad\/","title":{"rendered":"Primer aniversario del transporte violeta en Guerrero cumple un a\u00f1o brindando seguridad"},"content":{"rendered":"\n<p class=\"wp-block-paragraph\">*Con su puesta en marcha por parte de la gobernadora Evelyn Salgado Pineda, las mujeres viajan m\u00e1s tranquilas en el transporte p\u00fablico<\/p>\n\n\n\n<p class=\"wp-block-paragraph\">*Es una iniciativa transformadora que promueve la seguridad y la movilidad sin acoso de las mujeres y ni\u00f1os menores de 12 a\u00f1os<\/p>\n\n\n\n<figure class=\"wp-block-image size-large\"><a href=\"https:\/\/redsemlac.com\/semmexico\/wp-content\/uploads\/2023\/09\/transporte-violeta-02.jpg\"><img decoding=\"async\" src=\"https:\/\/redsemlac.com\/semmexico\/wp-content\/uploads\/2023\/09\/transporte-violeta-02-1024x682.jpg\" alt=\"\" class=\"wp-image-71494\"\/><\/a><\/figure>\n\n\n\n<p class=\"wp-block-paragraph\">Redacci\u00f3n<\/p>\n\n\n\n<p class=\"wp-block-paragraph\">SemM\u00e9xico\/Cerovysa, Chilpancingo, Gro., 21 de septiembre de 2023.- A un a\u00f1o del lanzamiento del Transporte Violeta en Guerrero, en cumplimiento a las recomendaciones de la Alerta de Violencia de G\u00e9nero contra las Mujeres AVGM en 8 municipios, en 2017, y con iniciativa del gobierno, se ha logrado que diariamente m\u00e1s de 6 mil mujeres y ni\u00f1os menores de 12 a\u00f1os viajen seguras y tranquilas a sus destinos, permitiendo reducir los casos de acoso.<\/p>\n\n\n\n<p class=\"wp-block-paragraph\">En Chilpancingo, 18 unidades de Urvan prestan servicio a aproximadamente a mil mujeres diariamente, y 50 taxis preferentes atienden a alrededor de 500 usuarias cada d\u00eda. En tanto en Acapulco, 5 unidades del Acab\u00fas ofrecen servicio exclusivo a 5 mil mujeres, y 30 unidades de taxi preferente brindan asistencia a 340 mujeres.<\/p>\n\n\n\n<figure class=\"wp-block-image size-large\"><a href=\"https:\/\/redsemlac.com\/semmexico\/wp-content\/uploads\/2023\/09\/transporte-violeta-03.jpg\"><img decoding=\"async\" src=\"https:\/\/redsemlac.com\/semmexico\/wp-content\/uploads\/2023\/09\/transporte-violeta-03-1024x682.jpg\" alt=\"\" class=\"wp-image-71495\"\/><\/a><\/figure>\n\n\n\n<p class=\"wp-block-paragraph\">Para ello, en el \u00faltimo a\u00f1o se han capacitado a 3 mil 500 operadores en temas de perspectiva de g\u00e9nero, protecci\u00f3n civil y primeros auxilios; 170 operadores han sido sometidos a ex\u00e1menes de control y confianza del Secretariado Estatal de Seguridad P\u00fablica; se han entregado c\u00e9dulas de identificaci\u00f3n a cada operador del Transporte Violeta, con informaci\u00f3n del chofer y el veh\u00edculo, as\u00ed como un c\u00f3digo QR para su validaci\u00f3n.<\/p>\n\n\n\n<p class=\"wp-block-paragraph\">Los veh\u00edculos comenzaron a circular el 20 de septiembre del 2022 como parte de la estrategia integral \u201cProtocolo Violeta\u201d. Esta iniciativa busca no solo fortalecer y garantizar la seguridad de las mujeres, sino tambi\u00e9n prevenir, sancionar, atender y erradicar la violencia dirigida hacia ellas. Hasta la fecha, el Acab\u00fas ha transportado a 1, 277, 440 usuarias de manera segura y libre de acoso a sus trabajos, escuelas y hogares.<\/p>\n\n\n\n<p class=\"wp-block-paragraph\">Desde su implementaci\u00f3n, el Transporte Violeta llam\u00f3 la atenci\u00f3n debido a las opiniones de los hombres que viajan todos los d\u00edas en Acab\u00fas, mencionando que esta medida era \u201cdiscriminatoria\u201d al tener un autob\u00fas exclusivo para las mujeres. Sin embargo, gracias a la constante supervisi\u00f3n del personal operativo al interior de las unidades y la activa socializaci\u00f3n en redes sociales, los usuarios han ido adapt\u00e1ndose a esta nueva modalidad. Como resultado, se ha logrado reducir en un 90% los reportes de acoso y ya no se registran casos de hombres subi\u00e9ndose a los autobuses violetas.<\/p>\n\n\n\n<p class=\"wp-block-paragraph\">Acab\u00fas participa en la primera fase de esta iniciativa al asignar cuatro autobuses, distribuidos en las Rutas Troncales 2 (Retorno-Maxit\u00fanel-Oviedo) y 5 (Transferencia-Farall\u00f3n-Base). Recientemente, se ha a\u00f1adido otro autob\u00fas a la Ruta Troncal 3 (Coloso-Maxit\u00fanel-Oviedo), sumando un total de cinco autobuses exclusivos, beneficiando a m\u00e1s mujeres y ni\u00f1as de otras \u00e1reas de Acapulco.<\/p>\n\n\n\n<p class=\"wp-block-paragraph\">Estas medidas permanecer\u00e1n en el Sistema Acab\u00fas, con la expectativa de ampliarse en una segunda fase a m\u00e1s Rutas Troncales en beneficio de todas las mujeres de Acapulco, al ofrecer un transporte p\u00fablico seguro para sus traslados.<\/p>\n\n\n\n<p class=\"wp-block-paragraph\"><strong><em>Sala Mariposa <\/em><\/strong><strong><em><\/em><\/strong><\/p>\n\n\n\n<figure class=\"wp-block-image size-large\"><a href=\"https:\/\/redsemlac.com\/semmexico\/wp-content\/uploads\/2023\/09\/transporte-violeta-04.jpg\"><img decoding=\"async\" src=\"https:\/\/redsemlac.com\/semmexico\/wp-content\/uploads\/2023\/09\/transporte-violeta-04-1024x682.jpg\" alt=\"\" class=\"wp-image-71496\"\/><\/a><\/figure>\n\n\n\n<p class=\"wp-block-paragraph\"><a href=\"https:\/\/ceprovysa.com\/?p=64258\"><\/a><\/p>\n\n\n\n<p class=\"wp-block-paragraph\">En atenci\u00f3n a la pol\u00edtica de salud impulsada por la gobernadora Evelyn Salgado Pineda, y en representaci\u00f3n de la titular de la Secretar\u00eda de Salud Guerrero (SSG), Aid\u00e9 Ibarez Castro, el subsecretario de Prevenci\u00f3n y Control de Enfermedades, Jes\u00fas Ulises Adame Reyna, asisti\u00f3 a la inauguraci\u00f3n de la Sala Mariposa en el Hospital de la Madre y el Ni\u00f1o Guerrerense (HMNG), en un esfuerzo para empatizar con las mujeres y sus parejas que han sufrido la p\u00e9rdida de un beb\u00e9 y para brindarles acompa\u00f1amiento psicol\u00f3gico.<\/p>\n\n\n\n<figure class=\"wp-block-image size-large\"><a href=\"https:\/\/redsemlac.com\/semmexico\/wp-content\/uploads\/2023\/09\/transporte-violeta-05.jpg\"><img decoding=\"async\" src=\"https:\/\/redsemlac.com\/semmexico\/wp-content\/uploads\/2023\/09\/transporte-violeta-05-1024x682.jpg\" alt=\"\" class=\"wp-image-71497\"\/><\/a><\/figure>\n\n\n\n<p class=\"wp-block-paragraph\">Al hablar de la importancia de la creaci\u00f3n de la Sala Mariposa, Adame Reyna expres\u00f3 que a veces es dif\u00edcil dimensionar el gran impacto psicol\u00f3gico, f\u00edsico y hasta social que enfrentan una mujer y su pareja cuando ha perdido a su beb\u00e9 durante el embarazo o el parto.<\/p>\n\n\n\n<p class=\"wp-block-paragraph\">\u201cMuchas veces esas parejas enfrentan sentimientos de culpa, sentimientos de verg\u00fcenza y eso hace que no puedan manifestar libremente su dolor por la p\u00e9rdida, y ya no se diga socialmente, donde en algunos lugares se le resta la importancia a la p\u00e9rdida del beb\u00e9, haciendo como que no ha sucedido, sobre todo cuando la p\u00e9rdida se ha presentado durante el embarazo, haciendo que la pareja en duelo viva su dolor sin el acompa\u00f1amiento debido\u201d, indic\u00f3.<\/p>\n\n\n\n<p class=\"wp-block-paragraph\">La Sala Mariposa, subray\u00f3, ayudar\u00e1 a brindar acompa\u00f1amiento psicol\u00f3gico a las parejas con p\u00e9rdida perinatal, y evitar que se silencie el dolor, que a veces lleva a evitar hablar de este tipo de situaciones, porque tan solo pensar que algo as\u00ed puede ocurrir es doloroso.<\/p>\n\n\n\n<p class=\"wp-block-paragraph\">\u201cPor eso es muy importante contar con un espacio en donde se cuente con ayuda profesional para las madres que est\u00e1n viviendo la p\u00e9rdida de un hijo en el periodo perinatal, y as\u00ed poder garantizar el derecho de la madre al duelo y a la atenci\u00f3n integral ante la muerte gestacional o perinatal, centr\u00e1ndose en la dignidad ante el duelo gestacional\u201d, agreg\u00f3 el subsecretario.<\/p>\n\n\n\n<p class=\"wp-block-paragraph\">Asistieron la presidenta del Sistema para el Desarrollo Integral de la Familia (DIF Guerrero), Liz Salgado Pineda; la gestora de la iniciativa de ley Cunas Vac\u00edas MX y promotora del C\u00f3digo Mariposa, Georgina Gonz\u00e1lez del Campo; y el director del Hospital de la Madre y el Ni\u00f1o Guerrerense, Carlos Michel Gonz\u00e1lez Jim\u00e9nez.<\/p>\n","protected":false},"excerpt":{"rendered":"<p>Con su puesta en marcha por parte de la gobernadora Evelyn Salgado Pineda, las mujeres viajan m\u00e1s tranquilas en el transporte p\u00fablico<\/p>\n","protected":false},"author":3,"featured_media":71498,"comment_status":"open","ping_status":"open","sticky":false,"template":"","format":"standard","meta":{"_monsterinsights_skip_tracking":false,"footnotes":""},"categories":[700],"tags":[],"class_list":["post-71493","post","type-post","status-publish","format-standard","has-post-thumbnail","category-estados"],"_links":{"self":[{"href":"https:\/\/redsemlac.com\/semmexico\/wp-json\/wp\/v2\/posts\/71493","targetHints":{"allow":["GET"]}}],"collection":[{"href":"https:\/\/redsemlac.com\/semmexico\/wp-json\/wp\/v2\/posts"}],"about":[{"href":"https:\/\/redsemlac.com\/semmexico\/wp-json\/wp\/v2\/types\/post"}],"author":[{"embeddable":true,"href":"https:\/\/redsemlac.com\/semmexico\/wp-json\/wp\/v2\/users\/3"}],"replies":[{"embeddable":true,"href":"https:\/\/redsemlac.com\/semmexico\/wp-json\/wp\/v2\/comments?post=71493"}],"version-history":[{"count":0,"href":"https:\/\/redsemlac.com\/semmexico\/wp-json\/wp\/v2\/posts\/71493\/revisions"}],"wp:featuredmedia":[{"embeddable":true,"href":"https:\/\/redsemlac.com\/semmexico\/wp-json\/wp\/v2\/media\/71498"}],"wp:attachment":[{"href":"https:\/\/redsemlac.com\/semmexico\/wp-json\/wp\/v2\/media?parent=71493"}],"wp:term":[{"taxonomy":"category","embeddable":true,"href":"https:\/\/redsemlac.com\/semmexico\/wp-json\/wp\/v2\/categories?post=71493"},{"taxonomy":"post_tag","embeddable":true,"href":"https:\/\/redsemlac.com\/semmexico\/wp-json\/wp\/v2\/tags?post=71493"}],"curies":[{"name":"wp","href":"https:\/\/api.w.org\/{rel}","templated":true}]}}