{"id":7149,"date":"2019-02-21T22:56:54","date_gmt":"2019-02-21T22:56:54","guid":{"rendered":"https:\/\/redsemlac.com\/semmexico\/?p=7149"},"modified":"2023-07-21T14:47:07","modified_gmt":"2023-07-21T19:47:07","slug":"al-menos-4-de-esos-municipios-con-declaratoria-de-avgm","status":"publish","type":"post","link":"https:\/\/redsemlac.com\/semmexico\/al-menos-4-de-esos-municipios-con-declaratoria-de-avgm\/","title":{"rendered":"Al menos 4 de esos municipios con declaratoria de AVGM"},"content":{"rendered":"\n<p class=\"wp-block-paragraph\"><a href=\"https:\/\/www.semmexico.com\/gallery-post.php?id=7309#\">Josefina Aguilar Pastor,<\/a><\/p>\n\n\n\n<p class=\"wp-block-paragraph\">SemM\u00e9xico, Chilpancingo, Gro., 20 febrero 2019.-&nbsp; A poco m\u00e1s de cuatro meses de iniciar las nuevas administraciones, en al menos 16 municipios, de los 81 que conforman la entidad, no han designado \u00e1reas de atenci\u00f3n a la mujer, inform\u00f3 Maira Mart\u00ednez Pineda, titular de la Secretaria de la Mujer (Semujer).<\/p>\n\n\n\n<p class=\"wp-block-paragraph\">En entrevista, dijo que tampoco se han instalado los Sistemas Municipales para Atender, Prevenir, Sancionar y Erradicar la Violencia contra las Mujeres y el de Igualdad entre Hombres y Mujeres, entre esos municipios, cuatro con declaratoria de Alerta de Violencia de G\u00e9nero.<\/p>\n\n\n\n<p class=\"wp-block-paragraph\">Coment\u00f3 que como cabeza de sector incide ante las autoridades municipales, a fin de implementen mecanismos de avance para la protecci\u00f3n de las mujeres, estrategia que incluye capacitaci\u00f3n, evaluaci\u00f3n y seguimiento.<\/p>\n\n\n\n<p class=\"wp-block-paragraph\">Muchos ayuntamientos, han reinstalado sus sistemas, se toman la foto y nada m\u00e1s, les es muy dif\u00edcil elaborar un programa de acci\u00f3n, de ah\u00ed la intenci\u00f3n de implementar un mecanismo de evaluaci\u00f3n y seguimiento, dijo Mart\u00ednez Pineda.<\/p>\n\n\n\n<p class=\"wp-block-paragraph\">De los 81 ayuntamientos que conforman Guerrero, solo en 65 han reinstalado sus respectivas instancias de atenci\u00f3n a la mujer, como secretar\u00edas municipales, direcciones y sistemas, entre los 16 restantes, mencion\u00f3 los casos de Chilapa y Coyuca de Catal\u00e1n, entre otros, quienes fueron incluidos en la declaratoria de AVG.<\/p>\n\n\n\n<p class=\"wp-block-paragraph\">\u201cEs una realidad que muchos ayuntamientos no le dan la importancia a la agenda de g\u00e9nero y muchos no han designado a la titular de la instancia de la mujer, y no podemos instalar sistemas, si no hay presencia de la secretaria o directora de la mujer\u201d, y esto se\u00f1al\u00f3 la funcionaria, no es a decisi\u00f3n propia, es una obligaci\u00f3n establecida en la ley.<\/p>\n\n\n\n<p class=\"wp-block-paragraph\">No se trata de resistencias, sino que la agenda de g\u00e9nero no es importante en aquellos municipios que a\u00fan no cuentan con espacios de atenci\u00f3n a la mujer, \u201cno han formado parte de sus agendas prioritarias\u201d.<\/p>\n\n\n\n<p class=\"wp-block-paragraph\">Luego consider\u00f3 que no ha sido f\u00e1cil para las autoridades municipales que tomaron protesta a finales de septiembre, octubre, noviembre y diciembre \u201cest\u00e1n revisando c\u00f3mo les dejaron las anteriores administraciones sus ayuntamientos y todav\u00eda algunos no han nombrado a quien se har\u00e1 cargo. Quiero pensar que no es por falta de voluntad, hay que darles un poquito de tiempo, aunque la agenda de g\u00e9nero es importante\u201d, asinti\u00f3, Mart\u00ednez Pineda.<\/p>\n\n\n\n<p class=\"wp-block-paragraph\">El mes de marzo, es la fecha l\u00edmite para que, en el resto de los municipios, designen tanto a sus responsables de \u00e1rea de atenci\u00f3n a las mujeres y sus respectivos sistemas, \u201chay que darles este periodo de gracia\u201d, si en marzo no se ha completado, dar\u00eda a conocer en qu\u00e9 municipios contin\u00faan las resistencias.<\/p>\n\n\n\n<p class=\"wp-block-paragraph\">La titular de la Secretaria de la Mujer critic\u00f3 que ha encontrado instancias municipales de la mujer, encabezadas por un hombre, que no es correcto, se\u00f1al\u00f3 la funcionaria; de lo que se trata es de visibilizar al mismo tiempo, a trav\u00e9s de estos espacios a las mujeres.<\/p>\n\n\n\n<p class=\"wp-block-paragraph\">SEM\/jap\/sj<\/p>\n","protected":false},"excerpt":{"rendered":"<p>Josefina Aguilar Pastor, SemM\u00e9xico, Chilpancingo, Gro., 20 febrero 2019.-&nbsp; A poco m\u00e1s de cuatro meses de iniciar las nuevas administraciones, en al menos 16 municipios, de los 81 que conforman la entidad, no han designado \u00e1reas de atenci\u00f3n a la mujer, inform\u00f3 Maira Mart\u00ednez Pineda, titular de la Secretaria de la Mujer (Semujer). En entrevista, [&hellip;]<\/p>\n","protected":false},"author":3,"featured_media":7152,"comment_status":"open","ping_status":"open","sticky":false,"template":"","format":"standard","meta":{"_monsterinsights_skip_tracking":false,"footnotes":""},"categories":[690,51],"tags":[],"class_list":["post-7149","post","type-post","status-publish","format-standard","has-post-thumbnail","category-690","category-ejecutivo"],"_links":{"self":[{"href":"https:\/\/redsemlac.com\/semmexico\/wp-json\/wp\/v2\/posts\/7149","targetHints":{"allow":["GET"]}}],"collection":[{"href":"https:\/\/redsemlac.com\/semmexico\/wp-json\/wp\/v2\/posts"}],"about":[{"href":"https:\/\/redsemlac.com\/semmexico\/wp-json\/wp\/v2\/types\/post"}],"author":[{"embeddable":true,"href":"https:\/\/redsemlac.com\/semmexico\/wp-json\/wp\/v2\/users\/3"}],"replies":[{"embeddable":true,"href":"https:\/\/redsemlac.com\/semmexico\/wp-json\/wp\/v2\/comments?post=7149"}],"version-history":[{"count":0,"href":"https:\/\/redsemlac.com\/semmexico\/wp-json\/wp\/v2\/posts\/7149\/revisions"}],"wp:featuredmedia":[{"embeddable":true,"href":"https:\/\/redsemlac.com\/semmexico\/wp-json\/wp\/v2\/media\/7152"}],"wp:attachment":[{"href":"https:\/\/redsemlac.com\/semmexico\/wp-json\/wp\/v2\/media?parent=7149"}],"wp:term":[{"taxonomy":"category","embeddable":true,"href":"https:\/\/redsemlac.com\/semmexico\/wp-json\/wp\/v2\/categories?post=7149"},{"taxonomy":"post_tag","embeddable":true,"href":"https:\/\/redsemlac.com\/semmexico\/wp-json\/wp\/v2\/tags?post=7149"}],"curies":[{"name":"wp","href":"https:\/\/api.w.org\/{rel}","templated":true}]}}