{"id":71475,"date":"2023-09-21T14:02:38","date_gmt":"2023-09-21T20:02:38","guid":{"rendered":"https:\/\/redsemlac.com\/semmexico\/?p=71475"},"modified":"2023-09-21T14:08:18","modified_gmt":"2023-09-21T20:08:18","slug":"condena-bancada-del-pan-feminicidio-de-anaserrano","status":"publish","type":"post","link":"https:\/\/redsemlac.com\/semmexico\/condena-bancada-del-pan-feminicidio-de-anaserrano\/","title":{"rendered":"Condena bancada del PAN feminicidio de #anaserrano"},"content":{"rendered":"\n<p class=\"wp-block-paragraph\">Exige a la Fiscal\u00eda General de Justicia investigaci\u00f3n apegada a derecho, juzgar con perspectiva de g\u00e9nero y castigo<\/p>\n\n\n\n<p class=\"wp-block-paragraph\">Ingrid Schemelensky Castro, habl\u00f3 en nombre de toda la bancada<\/p>\n\n\n\n<p class=\"wp-block-paragraph\">Redacci\u00f3n<\/p>\n\n\n\n<p class=\"wp-block-paragraph\">SemM\u00e9xico, Toluca, EDOMEX, 21 de septiembre, 2023.- En nombre del grupo parlamentario del PAN en el Congreso del Estado de M\u00e9xico la diputada Ingrid Schemelensky Castro conden\u00f3 el feminicidio de la estudiante de medicina Ana Mar\u00eda Serrano C\u00e9spedes, presuntamente a manos de su exnovio, y exigi\u00f3 a la Fiscal\u00eda General de Justicia una investigaci\u00f3n apegada a derecho, que se juzgue con perspectiva de g\u00e9nero y se castigue con todo el peso de la ley.<\/p>\n\n\n\n<p class=\"wp-block-paragraph\">En sesi\u00f3n deliberante, la legisladora afirm\u00f3 que su bancada rechaza cualquier acto de violencia en contra de las ni\u00f1as y mujeres, por lo que solicit\u00f3 a las autoridades estatales acciones firmes y decididas en la prevenci\u00f3n, investigaci\u00f3n y sanci\u00f3n de los feminicidios; que se garantice un acceso efectivo a la justicia para las v\u00edctimas y sus familias, as\u00ed como medidas de protecci\u00f3n adecuadas para las mujeres en riesgo.<\/p>\n\n\n\n<p class=\"wp-block-paragraph\">Cada vida perdida, enfatiz\u00f3, es irreparable para las familias, las amistades y la comunidad en general, en tanto que cada feminicidio es un recordatorio tr\u00e1gico de la urgente necesidad de tomar medidas concretas y efectivas para detener esta violencia.<\/p>\n\n\n\n<p class=\"wp-block-paragraph\">Consider\u00f3 fundamental que se promueva la educaci\u00f3n y la concientizaci\u00f3n sobre la igualdad de g\u00e9nero desde edades tempranas para combatir las ra\u00edces de esta violencia por lo que llam\u00f3 a la sociedad civil, a las organizaciones de derechos humanos, a las instituciones educativas, medios de comunicaci\u00f3n y a todas las personas a unirse en un esfuerzo colectivo para erradicar los feminicidios, pues solo a trav\u00e9s de la solidaridad y la colaboraci\u00f3n se construir\u00e1 una entidad y un mundo en el que todas las mujeres vivan libres de miedo y violencia.<\/p>\n\n\n\n<p class=\"wp-block-paragraph\">Consider\u00f3 que es deber de la sociedad alzar la voz y trabajar incansablemente para poner fin a esta violencia de g\u00e9nero pues hoy, el feminicidio de la joven de 18 a\u00f1os, Ana Serrano en Atizap\u00e1n, no s\u00f3lo arrebat\u00f3 la vida de una joven con el sue\u00f1o de ser cardi\u00f3loga, se rob\u00f3 la libertad y tranquilidad de una familia entera que ahora teme por su integridad.<\/p>\n\n\n\n<p class=\"wp-block-paragraph\">Dijo que Acci\u00f3n Nacional brinda su voto de confianza al nuevo gobierno estatal, de que su actuaci\u00f3n ser\u00e1 apegada al esclarecimiento de este tipo de hechos, e hizo un llamado a la sociedad a unirse en solidaridad con las v\u00edctimas y a exigir justicia en cada caso de feminicidio y ser la voz de las mujeres que ya no pueden hablar.<\/p>\n\n\n\n<p class=\"wp-block-paragraph\">En este sentido, convoc\u00f3 a trabajar juntos y decir: no m\u00e1s feminicidios en el Estado de M\u00e9xico, ni en ning\u00fan otro lugar del pa\u00eds.<\/p>\n","protected":false},"excerpt":{"rendered":"<p>Exige a la Fiscal\u00eda General de Justicia investigaci\u00f3n apegada a derecho, juzgar con perspectiva de g\u00e9nero y castigo<\/p>\n","protected":false},"author":3,"featured_media":71476,"comment_status":"open","ping_status":"open","sticky":false,"template":"","format":"standard","meta":{"_monsterinsights_skip_tracking":false,"footnotes":""},"categories":[48],"tags":[],"class_list":["post-71475","post","type-post","status-publish","format-standard","has-post-thumbnail","category-no-mas-impunidad-no-mas-impunidad"],"_links":{"self":[{"href":"https:\/\/redsemlac.com\/semmexico\/wp-json\/wp\/v2\/posts\/71475","targetHints":{"allow":["GET"]}}],"collection":[{"href":"https:\/\/redsemlac.com\/semmexico\/wp-json\/wp\/v2\/posts"}],"about":[{"href":"https:\/\/redsemlac.com\/semmexico\/wp-json\/wp\/v2\/types\/post"}],"author":[{"embeddable":true,"href":"https:\/\/redsemlac.com\/semmexico\/wp-json\/wp\/v2\/users\/3"}],"replies":[{"embeddable":true,"href":"https:\/\/redsemlac.com\/semmexico\/wp-json\/wp\/v2\/comments?post=71475"}],"version-history":[{"count":0,"href":"https:\/\/redsemlac.com\/semmexico\/wp-json\/wp\/v2\/posts\/71475\/revisions"}],"wp:featuredmedia":[{"embeddable":true,"href":"https:\/\/redsemlac.com\/semmexico\/wp-json\/wp\/v2\/media\/71476"}],"wp:attachment":[{"href":"https:\/\/redsemlac.com\/semmexico\/wp-json\/wp\/v2\/media?parent=71475"}],"wp:term":[{"taxonomy":"category","embeddable":true,"href":"https:\/\/redsemlac.com\/semmexico\/wp-json\/wp\/v2\/categories?post=71475"},{"taxonomy":"post_tag","embeddable":true,"href":"https:\/\/redsemlac.com\/semmexico\/wp-json\/wp\/v2\/tags?post=71475"}],"curies":[{"name":"wp","href":"https:\/\/api.w.org\/{rel}","templated":true}]}}