{"id":71456,"date":"2023-09-20T14:01:56","date_gmt":"2023-09-20T20:01:56","guid":{"rendered":"https:\/\/redsemlac.com\/semmexico\/?p=71456"},"modified":"2023-09-20T14:01:57","modified_gmt":"2023-09-20T20:01:57","slug":"se-prepara-la-marea-verde-para-el-28s-exigen-salga-de-los-codigos-penales","status":"publish","type":"post","link":"https:\/\/redsemlac.com\/semmexico\/se-prepara-la-marea-verde-para-el-28s-exigen-salga-de-los-codigos-penales\/","title":{"rendered":"Se prepara la Marea Verde para el 28S, exigen salga de los c\u00f3digos penales"},"content":{"rendered":"\n<ul class=\"wp-block-list\">\n<li><strong>Llamados a la movilizaci\u00f3n en distintas ciudades del pa\u00eds, para inundar a todo M\u00e9xico con la protesta y la exigencia<\/strong><\/li>\n\n\n\n<li><strong>El d\u00eda de Acci\u00f3n Global moviliza desde 1990 en Am\u00e9rica Latina y Marea Verde naci\u00f3 en Argentina<\/strong><\/li>\n<\/ul>\n\n\n\n<p class=\"wp-block-paragraph\"><strong>Elda Montiel<\/strong><\/p>\n\n\n\n<p class=\"wp-block-paragraph\">SemM\u00e9xico, Ciudad de M\u00e9xico,&nbsp; 20 de septiembre 2023.- Las colectivas feministas ya est\u00e1n en los preparativos para el jueves 28 de Septiembre, las convocatorias a los lugares de reuni\u00f3n, la preparaci\u00f3n de carteles, los imprescindibles pa\u00f1uelos verdes.<\/p>\n\n\n\n<p class=\"wp-block-paragraph\">Este a\u00f1o al conmemorar el \u201cD\u00eda de Acci\u00f3n Global para el acceso al Aborto Legal y Seguro\u201d tambi\u00e9n conocido como \u201cD\u00eda por la Despenalizaci\u00f3n y Legalizaci\u00f3n del Aborto\u201d se celebra en M\u00e9xico con la Sentencia de la Suprema Corte de Justicia de la Naci\u00f3n (SCJN) que descriminaliz\u00f3 el aborto en el C\u00f3digo Penal Federal, tambi\u00e9n que una tercera parte de las entidades del pa\u00eds, 12 de 32, &nbsp;ya permiten la interrupci\u00f3n legal del embarazo (ILE) hasta las 12 semanas. El ultimo estado sumado fue Aguascalientes, en agosto pasado.<\/p>\n\n\n\n<p class=\"wp-block-paragraph\">No obstante, el camino todav\u00eda es largo. A pesa del mandato de la SCJN, hay resistencias y el aborto sigue como un delito en cerca de 20 estados de la Rep\u00fablica. La movilizaci\u00f3n, en la que participar\u00e1 el Grupo de Informaci\u00f3n en Reproducci\u00f3n Elegida, GIRE, va de la mano con las demandas de amparo para que los Congresos act\u00faen.<\/p>\n\n\n\n<p class=\"wp-block-paragraph\">Rebeca Ramos, en entrevista con SemM\u00e9xico, inform\u00f3 que esta acci\u00f3n es un avance, pero dijo \u201chemos tenido que poner amparos para m\u00e1s de 18 entidades. Se trabaja con organizaciones sociales locales\u201d.<\/p>\n\n\n\n<p class=\"wp-block-paragraph\">Advirti\u00f3 que los Congresos tienen que avanzar, pero consider\u00f3 que el m\u00e1s duro es el de Guanajuato, donde no se mueve nada, ah\u00ed entre otros, \u201chan salido abiertamente en contra\u201d. Y en el Congreso federal \u201cest\u00e1 complicado\u201d<\/p>\n\n\n<div class=\"wp-block-image\">\n<figure class=\"aligncenter size-full\"><a href=\"https:\/\/redsemlac.com\/semmexico\/wp-content\/uploads\/2023\/09\/Imagen5-4.png\"><img loading=\"lazy\" decoding=\"async\" width=\"512\" height=\"640\" src=\"https:\/\/redsemlac.com\/semmexico\/wp-content\/uploads\/2023\/09\/Imagen5-4.png\" alt=\"\" class=\"wp-image-71457\"\/><\/a><\/figure>\n<\/div>\n\n\n<p class=\"wp-block-paragraph\">La sentencia de la SCJN mereci\u00f3 la felicitaci\u00f3n a la \u201cvictoria de las mujeres mexicanas\u201d por el Alto Comisionado de la ONU para los Derechos Humanos, Volker Turk, quien hizo un llamado a los Estados alrededor del mundo, que a\u00fan penalizan el aborto, a seguir el ejemplo de M\u00e9xico y reformar sus leyes para garantizar el acceso seguro y legal al aborto, en consonancia con sus obligaciones derivadas del derecho internacional de los derechos humanos.<\/p>\n\n\n\n<p class=\"wp-block-paragraph\">Tambi\u00e9n las feministas espa\u00f1olas de la Federaci\u00f3n Estatal,&nbsp; en la convocatoria de este 28 de septiembre se\u00f1alan: \u201cvamos a seguir en las calles en un #Grito Global celebrando la despenalizaci\u00f3n a nivel federal del aborto en M\u00e9xico, los avances en Colombia y Argentina y la nueva ley del aborto en el estado espa\u00f1ol\u201d.<\/p>\n\n\n<div class=\"wp-block-image\">\n<figure class=\"aligncenter size-full\"><a href=\"https:\/\/redsemlac.com\/semmexico\/wp-content\/uploads\/2023\/09\/Imagen6-4.png\"><img loading=\"lazy\" decoding=\"async\" width=\"526\" height=\"526\" src=\"https:\/\/redsemlac.com\/semmexico\/wp-content\/uploads\/2023\/09\/Imagen6-4.png\" alt=\"\" class=\"wp-image-71458\"\/><\/a><\/figure>\n<\/div>\n\n\n<p class=\"wp-block-paragraph\">&nbsp;Video:&nbsp; <a href=\"https:\/\/twitter.com\/i\/status\/1699895367532482843\">https:\/\/twitter.com\/i\/status\/1699895367532482843<\/a><\/p>\n\n\n\n<p class=\"wp-block-paragraph\">Las convocatorias a las marchas son para el 28 y 30 de septiembre:<\/p>\n\n\n\n<p class=\"wp-block-paragraph\">En la Ciudad de M\u00e9xico, la cita es en la Glorieta de las Mujeres que Luchan, en Paseo de la Reforma. A partir de las 14 horas. Anuncian que la Marea Verde saldr\u00e1 a inundar las calles de todo M\u00e9xico a exigir que el aborto como delito salta de todos los c\u00f3digos penales y se garantice su acceso a todas las mujeres.<\/p>\n\n\n\n<p class=\"wp-block-paragraph\">Marea Verde Quintana Roo cita a las 5:30 en el Museo de la Cultura Maya en Chetumal para el 30 de Septiembre.<\/p>\n\n\n\n<p class=\"wp-block-paragraph\">Las feministas de Ciudad del Carmen ya est\u00e1n listas para marchar en Campeche capital el 30 de septiembre a las 5 de la tarde, en el Parque de la Liberaci\u00f3n femenina (Martin)&nbsp; . Tambi\u00e9n convocan al 28 de septiembre para una concentraci\u00f3n y elaboraci\u00f3n de pancartas en Ciudad del Carmen.<\/p>\n\n\n\n<p class=\"wp-block-paragraph\">El Frente Feminista de Saltillo convoca el jueves 28 de septiembre en la Plaza de Armas a as 5 de la tarde \u00a1La lucha por el aborto legal, seguro y gratuito a\u00fan no termina!<\/p>\n\n\n<div class=\"wp-block-image\">\n<figure class=\"aligncenter size-full\"><a href=\"https:\/\/redsemlac.com\/semmexico\/wp-content\/uploads\/2023\/09\/Imagen7-4.png\"><img loading=\"lazy\" decoding=\"async\" width=\"526\" height=\"526\" src=\"https:\/\/redsemlac.com\/semmexico\/wp-content\/uploads\/2023\/09\/Imagen7-4.png\" alt=\"\" class=\"wp-image-71459\"\/><\/a><\/figure>\n<\/div>\n\n\n<p class=\"wp-block-paragraph\">\u201cAunque en Coahuila el aborto ya no es delito, a\u00fan no contamos con lugares seguros, gratuitos, actualizados y libres de estigmas para acceder a una interrupci\u00f3n del embarazo. Por lo que es necesaria una pol\u00edtica p\u00fablica que brinde el acceso real al ILE.<\/p>\n\n\n\n<p class=\"wp-block-paragraph\">Acomp\u00e1\u00f1anos este <a href=\"https:\/\/www.facebook.com\/hashtag\/28s?__eep__=6&amp;__cft__%5b0%5d=AZVx38XaJwBr4fdQUcCwT0D_5T273Yc7YlOXn_cY87MwMESFXrfSeqHkOjcD5_WWTPTXAkM5w5m0b2x2q3uopuKQf_hc11kZsod_6vzvaqkWa3FYBIv8pNfC6Gz4abijbpF7sKzr0iILP7bBevZi73rLxwPgBg8D5uXhHJLu4G4sO4n3v2m_Fle_j8na9oMduQw&amp;__tn__=*NK-R\">#28S<\/a> en la manifestaci\u00f3n a favor de los derechos sexuales y reproductivos de las mujeres y personas con capacidad de gestar\u201d.<\/p>\n\n\n\n<p class=\"wp-block-paragraph\">Marea Verde Chihuahua organiza un Morras Fest con m\u00fasica, artes visuales, danza, literatura y un corredor artesanal. Con informaci\u00f3n sobre Derechos Sexuales y Reproductivos para el 30 de septiembre 2023.&nbsp; &nbsp;<\/p>\n\n\n\n<p class=\"wp-block-paragraph\">La Asamblea Feminista NL, colectivas y feministas a nivel individual convocan el 28 de septiembre de las 6:00 a las 6:30 pm en la Explanada de los h\u00e9roes Monterrey, Nuevo Le\u00f3n para hacer la marea verde.<\/p>\n\n\n\n<p class=\"wp-block-paragraph\">Campa\u00f1a Aborto Legal Puebla convoca a un \u201cBailongo Abortista\u201d frente al Congreso de Puebla a las 3 de la tarde, el 28 de septiembre.<\/p>\n\n\n<div class=\"wp-block-image\">\n<figure class=\"aligncenter size-full\"><a href=\"https:\/\/redsemlac.com\/semmexico\/wp-content\/uploads\/2023\/09\/Imagen8-5.png\"><img loading=\"lazy\" decoding=\"async\" width=\"488\" height=\"867\" src=\"https:\/\/redsemlac.com\/semmexico\/wp-content\/uploads\/2023\/09\/Imagen8-5.png\" alt=\"\" class=\"wp-image-71460\"\/><\/a><\/figure>\n<\/div>\n\n\n<p class=\"wp-block-paragraph\">Derechos autonom\u00edas y sexualidades \u201cDAS Canc\u00fan\u201d convoca el 28 de septiembre en Quintana Roo para exigir a las autoridades el acceso a los servicios de aborto. \u00a1Marchemos Juntas! . &nbsp;<\/p>\n\n\n\n<p class=\"wp-block-paragraph\">La Campa\u00f1a 28 de Septiembre, D\u00eda por la Despenalizaci\u00f3n del Aborto en Am\u00e9rica Latina y El Caribe, es una iniciativa del movimiento de mujeres latinoamericanas y caribe\u00f1as, que luchan por la despenalizaci\u00f3n del aborto, en el marco de la democracia, los derechos humanos y la justicia social.<\/p>\n\n\n\n<p class=\"wp-block-paragraph\">Surgi\u00f3 en el marco del V Encuentro Feminista de Latinoam\u00e9rica y el Caribe, realizado en San Bernardo, Argentina, en el a\u00f1o de 1990. Esta propuesta fue hecha por la delegaci\u00f3n brasilera, para rescatar el 28 de septiembre de 1888, cuando en Brasil se declar\u00f3 la libertad de vientres, asegurando la libertad a todos los hijos (as) nacidos de mujeres esclavas.<\/p>\n\n\n<div class=\"wp-block-image\">\n<figure class=\"aligncenter size-full\"><a href=\"https:\/\/redsemlac.com\/semmexico\/wp-content\/uploads\/2023\/09\/Imagen9-6.png\"><img loading=\"lazy\" decoding=\"async\" width=\"526\" height=\"526\" src=\"https:\/\/redsemlac.com\/semmexico\/wp-content\/uploads\/2023\/09\/Imagen9-6.png\" alt=\"\" class=\"wp-image-71461\"\/><\/a><\/figure>\n<\/div>\n\n\n<p class=\"wp-block-paragraph\">La marea y el pa\u00f1uelo verde se identifica con el movimiento feminista a favor de la despenalizaci\u00f3n del aborto. Ganaron mucha visibilidad en el verano de 2018 cuando, en Argentina, la C\u00e1mara de Diputados discuti\u00f3 y aprob\u00f3 una iniciativa de despenalizar el aborto hasta las 12 semanas. Esa misma iniciativa luego fue rechazada por el Senado por tan solo siete votos, indicando que la despenalizaci\u00f3n estaba m\u00e1s cerca que nunca.<\/p>\n","protected":false},"excerpt":{"rendered":"<p>Llamados a la movilizaci\u00f3n en distintas ciudades del pa\u00eds, para inundar a todo M\u00e9xico con la protesta y la exigencia<\/p>\n","protected":false},"author":3,"featured_media":71462,"comment_status":"open","ping_status":"open","sticky":false,"template":"","format":"standard","meta":{"_monsterinsights_skip_tracking":false,"footnotes":""},"categories":[27],"tags":[730,731,149],"class_list":["post-71456","post","type-post","status-publish","format-standard","has-post-thumbnail","category-cobertura-especial","tag-28s-2","tag-cobertura","tag-mujeres"],"_links":{"self":[{"href":"https:\/\/redsemlac.com\/semmexico\/wp-json\/wp\/v2\/posts\/71456","targetHints":{"allow":["GET"]}}],"collection":[{"href":"https:\/\/redsemlac.com\/semmexico\/wp-json\/wp\/v2\/posts"}],"about":[{"href":"https:\/\/redsemlac.com\/semmexico\/wp-json\/wp\/v2\/types\/post"}],"author":[{"embeddable":true,"href":"https:\/\/redsemlac.com\/semmexico\/wp-json\/wp\/v2\/users\/3"}],"replies":[{"embeddable":true,"href":"https:\/\/redsemlac.com\/semmexico\/wp-json\/wp\/v2\/comments?post=71456"}],"version-history":[{"count":0,"href":"https:\/\/redsemlac.com\/semmexico\/wp-json\/wp\/v2\/posts\/71456\/revisions"}],"wp:featuredmedia":[{"embeddable":true,"href":"https:\/\/redsemlac.com\/semmexico\/wp-json\/wp\/v2\/media\/71462"}],"wp:attachment":[{"href":"https:\/\/redsemlac.com\/semmexico\/wp-json\/wp\/v2\/media?parent=71456"}],"wp:term":[{"taxonomy":"category","embeddable":true,"href":"https:\/\/redsemlac.com\/semmexico\/wp-json\/wp\/v2\/categories?post=71456"},{"taxonomy":"post_tag","embeddable":true,"href":"https:\/\/redsemlac.com\/semmexico\/wp-json\/wp\/v2\/tags?post=71456"}],"curies":[{"name":"wp","href":"https:\/\/api.w.org\/{rel}","templated":true}]}}