{"id":71445,"date":"2023-09-20T13:34:36","date_gmt":"2023-09-20T19:34:36","guid":{"rendered":"https:\/\/redsemlac.com\/semmexico\/?p=71445"},"modified":"2023-09-27T14:30:01","modified_gmt":"2023-09-27T20:30:01","slug":"mirada-violeta-la-marea-verde-en-mexico","status":"publish","type":"post","link":"https:\/\/redsemlac.com\/semmexico\/mirada-violeta-la-marea-verde-en-mexico\/","title":{"rendered":"Mirada Violeta| La marea verde en M\u00e9xico"},"content":{"rendered":"\n<p class=\"wp-block-paragraph\"><strong>Guadalupe Ramos Ponce*<\/strong><\/p>\n\n\n\n<p class=\"wp-block-paragraph\">SemM\u00e9xico, Guadalajara, Jalisco, 20 de septiembre, 2023.- La marea verde en M\u00e9xico, ha conseguido una nueva conquista. La Suprema Corte de Justicia de la Naci\u00f3n (SCJN), por decisi\u00f3n un\u00e1nime del m\u00e1ximo tribunal obliga a las instituciones de salud p\u00fablica federales, como son el Instituto Mexicano del Seguro Social (IMSS), Instituto de Seguridad y Servicios Sociales de los Trabajadores del Estado (ISSSTE) o Pemex, a ofrecer el servicio de interrupci\u00f3n del embarazo de forma gratuita. Adem\u00e1s, indica la resoluci\u00f3n de la Corte, en ning\u00fan caso el personal m\u00e9dico podr\u00e1 ser criminalizado. Esta decisi\u00f3n es un escal\u00f3n m\u00e1s hacia la libertad de interrumpir el embarazo, despu\u00e9s del precedente hist\u00f3rico de 2021.<\/p>\n\n\n\n<p class=\"wp-block-paragraph\">Hace justo dos a\u00f1os, la Suprema Corte de Justicia de la Naci\u00f3n dictamin\u00f3 que ninguna mujer pod\u00eda ir a la c\u00e1rcel por abortar, por lo que obligaba a los jueces a desechar el caso penal cuando llegaba a sus manos. Adem\u00e1s, la SCJN orden\u00f3 al Estado de Coahuila \u2014donde se hab\u00eda presentado la acci\u00f3n de inconstitucionalidad\u2014 a cambiar su c\u00f3digo penal. Este paso deb\u00eda ser el primero para que el resto de las entidades del pa\u00eds, derogaran de sus legislaciones las penas por interrumpir el embarazo. Sin embargo, el avance ha sido muy irregular desde entonces y solo 11 Estados, de los 32, han modificado sus legislaciones.<\/p>\n\n\n\n<p class=\"wp-block-paragraph\">Recientemente, un amparo de la organizaci\u00f3n feminista GIRE, ganado en la Primera Sala de la Corte resolvi\u00f3: \u201cEs inconstitucional el sistema jur\u00eddico que penaliza el aborto en el C\u00f3digo Penal Federal, ya que viola los derechos humanos de las mujeres y personas con capacidad de gestar\u201d. Esto supone varios avances, por un lado, ya no es solo que no se pueda criminalizar el aborto, sino que las instituciones federales de salud deben prestar el servicio. Esta era una de las principales batallas de las organizaciones de derechos de las mujeres.<\/p>\n\n\n\n<p class=\"wp-block-paragraph\">Adem\u00e1s, implica modificar el C\u00f3digo Penal Federal para eliminar el delito de aborto, que est\u00e1 definido en el art\u00edculo 329 como \u201cla muerte del producto de la concepci\u00f3n en cualquier momento de la pre\u00f1ez\u201d, y que contempla una pena de uno a tres a\u00f1os para los que \u201chagan abortar a una mujer\u201d, aunque sea con su consentimiento. Tambi\u00e9n inclu\u00eda inhabilitaciones de dos a cinco a\u00f1os para los m\u00e9dicos que lo practicaran.<\/p>\n\n\n\n<p class=\"wp-block-paragraph\">\u201cEste es el mayor avance que hemos conseguido en esta lucha\u201d, se\u00f1ala Isabel Fulda, subdirectora de GIRE. Por un lado, suprimir el delito de aborto del c\u00f3digo federal \u201cenv\u00eda un mensaje\u201d y \u201cquita el estigma\u201d, pero tambi\u00e9n es clave porque ese era el argumento bajo el que no se estaban practicando las interrupciones del embarazo en los centros m\u00e9dicos p\u00fablicos.<\/p>\n\n\n\n<p class=\"wp-block-paragraph\">As\u00ed, hace dos a\u00f1os que se gan\u00f3 la batalla contra la criminalizaci\u00f3n, para que no haya en las c\u00e1rceles del pa\u00eds, mujeres presas por abortar. Ahora, con esta resoluci\u00f3n de la Corte, se abre el camino para el acceso al aborto legal, seguro y gratuito en todo el pa\u00eds.<\/p>\n\n\n\n<p class=\"wp-block-paragraph\">La lucha tampoco ha terminado a nivel judicial. En M\u00e9xico se permite un acceso parcial al aborto, en la mayor\u00eda de los casos hasta las 12 semanas de embarazo, en Ciudad de M\u00e9xico, Oaxaca, Hidalgo y Veracruz \u2014donde estaba aprobado antes de la decisi\u00f3n de la Corte de 2021\u2014, y a ra\u00edz de la resoluci\u00f3n del tribunal se aprob\u00f3 en Coahuila, Baja California, Colima, Sinaloa, Guerrero, Baja California Sur y Aguascalientes, este \u00faltimo hace apenas hace unas semanas, gracias a un amparo ganado tambi\u00e9n por GIRE. &nbsp;La organizaci\u00f3n feminista, tiene ya presentados otros 21 amparos para los Estados que faltan por modificar su c\u00f3digo penal. puede provocar un efecto domin\u00f3 para que los Congresos locales se adelanten y quiten el aborto de la legislaci\u00f3n, o tambi\u00e9n puede ser, al contrario, ya que los Estados m\u00e1s conservadores les ayuda que sea la Suprema Corte quien les obligue porque as\u00ed no asumen ellos el coste pol\u00edtico.<\/p>\n\n\n\n<p class=\"wp-block-paragraph\">El Congreso de Jalisco tiene la posibilidad de reformar ya la legislaci\u00f3n local para considerar la ciudadan\u00eda plena de las mujeres jaliscienses, porque al final de cuentas, eso es lo que est\u00e1 en juego, el seguir siendo consideradas ciudadanas de segunda que no tienen posibilidad de tomar decisiones sobre su cuerpo y sobre su vida o garantizarles a las mujeres el acceso pleno de ciudadan\u00eda al poder tomar decisiones sobre su cuerpo y su vida. La Suprema Corte de Justicia de la Naci\u00f3n ya le envi\u00f3 el bal\u00f3n al Congreso del Estado, ahora le toca a la legislatura de la paridad, tomar la bolita en favor de los derechos humanos de las mujeres.<\/p>\n\n\n\n<p class=\"wp-block-paragraph\">*Vicecoordinadora de CLADEM en M\u00e9xico<\/p>\n\n\n\n<p class=\"wp-block-paragraph\">Profesora Investigadora de la UdeG.<\/p>\n\n\n\n<p class=\"wp-block-paragraph\">@dralupitaramosp<\/p>\n\n\n\n<p class=\"wp-block-paragraph\"><a href=\"mailto:lupitaramosponce@gmail.com\" target=\"_blank\" rel=\"noreferrer noopener\">lupitaramosponce@gmail.com<\/a><\/p>\n","protected":false},"excerpt":{"rendered":"<p>La marea verde en M\u00e9xico, ha conseguido una nueva conquista.<\/p>\n","protected":false},"author":3,"featured_media":8967,"comment_status":"open","ping_status":"open","sticky":false,"template":"","format":"standard","meta":{"_monsterinsights_skip_tracking":false,"footnotes":""},"categories":[27,91,35],"tags":[149,734],"class_list":["post-71445","post","type-post","status-publish","format-standard","has-post-thumbnail","category-cobertura-especial","category-lupita-ramos-ponce","category-opinion","tag-mujeres","tag-opinion-28s"],"_links":{"self":[{"href":"https:\/\/redsemlac.com\/semmexico\/wp-json\/wp\/v2\/posts\/71445","targetHints":{"allow":["GET"]}}],"collection":[{"href":"https:\/\/redsemlac.com\/semmexico\/wp-json\/wp\/v2\/posts"}],"about":[{"href":"https:\/\/redsemlac.com\/semmexico\/wp-json\/wp\/v2\/types\/post"}],"author":[{"embeddable":true,"href":"https:\/\/redsemlac.com\/semmexico\/wp-json\/wp\/v2\/users\/3"}],"replies":[{"embeddable":true,"href":"https:\/\/redsemlac.com\/semmexico\/wp-json\/wp\/v2\/comments?post=71445"}],"version-history":[{"count":0,"href":"https:\/\/redsemlac.com\/semmexico\/wp-json\/wp\/v2\/posts\/71445\/revisions"}],"wp:featuredmedia":[{"embeddable":true,"href":"https:\/\/redsemlac.com\/semmexico\/wp-json\/wp\/v2\/media\/8967"}],"wp:attachment":[{"href":"https:\/\/redsemlac.com\/semmexico\/wp-json\/wp\/v2\/media?parent=71445"}],"wp:term":[{"taxonomy":"category","embeddable":true,"href":"https:\/\/redsemlac.com\/semmexico\/wp-json\/wp\/v2\/categories?post=71445"},{"taxonomy":"post_tag","embeddable":true,"href":"https:\/\/redsemlac.com\/semmexico\/wp-json\/wp\/v2\/tags?post=71445"}],"curies":[{"name":"wp","href":"https:\/\/api.w.org\/{rel}","templated":true}]}}