{"id":71281,"date":"2023-09-13T16:49:24","date_gmt":"2023-09-13T22:49:24","guid":{"rendered":"https:\/\/redsemlac.com\/semmexico\/?p=71281"},"modified":"2023-09-13T17:43:26","modified_gmt":"2023-09-13T23:43:26","slug":"amnistia-internacional-pide-al-estado-mexicano-deje-de-criminalizar-a-quienes-defienden-la-tierra-y-el-agua-donde-viven","status":"publish","type":"post","link":"https:\/\/redsemlac.com\/semmexico\/amnistia-internacional-pide-al-estado-mexicano-deje-de-criminalizar-a-quienes-defienden-la-tierra-y-el-agua-donde-viven\/","title":{"rendered":"Amnist\u00eda Internacional pide al Estado Mexicano deje de criminalizar a quienes defienden la tierra y el agua donde viven"},"content":{"rendered":"\n<ul class=\"wp-block-list\">\n<li>Las y los defensores piden se investigue de acuerdo a la ley y les pidan disculpa p\u00fablica<\/li>\n<\/ul>\n\n\n\n<ul class=\"wp-block-list\">\n<li>Claman \u00a1No somos Delincuentes!<\/li>\n<\/ul>\n\n\n\n<p class=\"wp-block-paragraph\">Elda Montiel<\/p>\n\n\n\n<p class=\"wp-block-paragraph\">SemM\u00e9xico, Ciudad de M\u00e9xico, 13 de septiembre 2023.- \u201cNo somos delincuentes, estamos defendiendo el lugar donde vivimos\u201d es el testimonio de Eustacio Juan Hern\u00e1ndez V\u00e1zquez, titular de Derechos de Colonia Maya, Chiapas que evidencia lo que viven, desde el 2017 quienes decidieron defender la tierra y el agua, por oponerse a actividades comerciales y p\u00fablicas, y por lo que mucho de ellas y ellos han sido criminalizados y todav\u00eda enfrentan procesos penales en libertad.<\/p>\n\n\n\n<p class=\"wp-block-paragraph\">Amnist\u00eda Internacional hace un llamado a las autoridades para que deje de criminalizar y violar el derecho a protestar de las y los defensores de la tierra, territorio y medio ambiente, y lamenta que M\u00e9xico est\u00e9 entre los pa\u00edses que en 2022 se cometieron 177 asesinatos de activistas, el 80 por ciento de los casos se dan en Colombia, Brasil, M\u00e9xico y Honduras en contra de los pueblos ind\u00edgenas que enfrentan a los intereses pol\u00edticos y econ\u00f3micos, como lo dio a conocer Erika Guevara Rosas, directora para las Am\u00e9ricas.<\/p>\n\n\n\n<p class=\"wp-block-paragraph\">En M\u00e9xico es alarmante el desproporcionado uso de las normas penales en contra de personas defensoras de la tierra, el territorio y el medio ambiente para disuadirlas, castigarlas e impedir que exijan sus derechos, adem\u00e1s del hostigamiento, ataques, atentados, desplazamiento y desapariciones, lo cual ha sido documentado por Amnist\u00eda Internacional en las entidades federativas de Chiapas, Puebla y Yucat\u00e1n.<\/p>\n\n\n\n<p class=\"wp-block-paragraph\">El lanzamiento del Informe \u201cM\u00e9xico: Tierra y \u00bfLibertad? Criminalizaci\u00f3n de personas defensoras de tierra, territorio y medio ambiente\u201d junto con el inicio de la campa\u00f1a \u201cProtestar No es Crimen\u201d Amnist\u00eda Internacional pide aumente la protecci\u00f3n a los defensoras\/es de la tierra, territorio y medio ambiente, investiguen de acuerdo a derecho y retiren los cargos injustos.<\/p>\n\n\n\n<p class=\"wp-block-paragraph\">Expusieron los casos de Colonia Maya en San Crist\u00f3bal de las Casas, Chiapas, donde un grupo diverso de personas se uni\u00f3 para protestar en contra de la construcci\u00f3n de un fraccionamiento residencial en una zona protegida en la que causar\u00eda da\u00f1os ambientales, desde 2017.<\/p>\n\n\n\n<figure class=\"wp-block-image size-full\"><a href=\"https:\/\/redsemlac.com\/semmexico\/wp-content\/uploads\/2023\/09\/IMG-20230913-WA0005.jpg\"><img loading=\"lazy\" decoding=\"async\" width=\"1000\" height=\"666\" src=\"https:\/\/redsemlac.com\/semmexico\/wp-content\/uploads\/2023\/09\/IMG-20230913-WA0005.jpg\" alt=\"\" class=\"wp-image-71284\"\/><\/a><figcaption class=\"wp-element-caption\">En esta foto, al fondo se aprecia de derecha a izquierda a: David Montoya, Presidente del comit\u00e9 directivo de Amnist\u00eda Internacional M\u00e9xico; Edith Olivares Ferreto, Directora Ejecutiva de Amnist\u00eda Internacional M\u00e9xico; Jorge Luis L\u00f3pez L\u00f3pez, Abogado representante del caso de Chil\u00f3n, Chiapas; Alejandro Torres Chocolatl, Persona Titular de Derechos de Zacatepec, Puebla y Nayeli Rold\u00e1n, periodista y moderadora de la presentaci\u00f3n.<\/figcaption><\/figure>\n\n\n\n<p class=\"wp-block-paragraph\">Elizabeth del Carmen P\u00e9rez D\u00edaz de Derechos de Colonia Maya refiri\u00f3 como ella y sus compa\u00f1eros han sido criminalizados con \u00f3rdenes de aprehensi\u00f3n, cuyos procesos siguen, ahora en libertad, cuando defienden la paz, y el territorio, \u00a1No somos delincuentes! Reclama. Exigen que se hagan las investigaciones a derecho y una disculpa p\u00fabica para poder salir sin miedo.<\/p>\n\n\n\n<p class=\"wp-block-paragraph\">Zacatepec, en el que Miguel y Alejandro, comunicadoras\/es y defensora\/es nahuas, desde el 2019 protestaron en oposici\u00f3n a la construcci\u00f3n de un drenaje en Ciudad Industrial Huejotzingo, Puebla, que desembocar\u00eda en el R\u00edo Metlapanapa, contamin\u00e1ndolo.<\/p>\n\n\n\n<p class=\"wp-block-paragraph\">Chil\u00f3n, Chiapas, desde 2020 en donde C\u00e9sar y Jos\u00e9 Luis, defensores tzeltales, fueron criminalizados por oponerse a la construcci\u00f3n de un cuartel de la Guardia Nacional en su territorio, y Sitilpech, Yucat\u00e1n, en 2023, pobladores de esta localidad como Jes\u00fas Ariel, Arturo y Juan Diego, se oponen a las actividades de una mega granja porc\u00edcola en su territorio por la contaminaci\u00f3n, afectaciones al agua y problemas de salud que genera.<\/p>\n\n\n\n<p class=\"wp-block-paragraph\">El Estado Mexicano ha respondido con la criminalizaci\u00f3n de manifestantes iniciando procesos penales a nivel estatal en contra de las personas defensoras que protestaban de forma pac\u00edfica. Las acusaciones van desde \u201cmot\u00edn\u201d, \u201cobstrucci\u00f3n de la v\u00eda p\u00fablica\u201d, \u201cpandillerismo\u201d y las variaciones del delito de \u201cataques a las v\u00edas de comunicaci\u00f3n\u201d, precis\u00f3 Edith Olivares Ferreto, directora ejecutiva de Amnist\u00eda Internacional M\u00e9xico.<\/p>\n\n\n\n<p class=\"wp-block-paragraph\">Las acusaciones sin fundamento van dirigidas principalmente a las personas que son consideradas l\u00edderes o las m\u00e1s visible en los movimientos de protesta, los procesos suelen alargarse y se utilizan como mecanismo para causar miedo, disuadir a otras personas que participen, en la estigmatizaci\u00f3n como \u201crevoltosas\/os\u201d, represi\u00f3n y amenazas a su vida y su seguridad.<\/p>\n\n\n\n<p class=\"wp-block-paragraph\">Denuncian que las acusaciones fueron construidas por servidores p\u00fablicos y trabajadores de las empresas directamente relacionadas, en ning\u00fan caso existe evidencia contundente y se han hecho acusaciones falas o tergiversadas.<\/p>\n\n\n\n<p class=\"wp-block-paragraph\">Por ejemplo, se acusa a Miguel y Alejandro de Zacatepec de quemar una camioneta con bombas molotov, lo que nunca fue acreditado. A C\u00e9sar y Jos\u00e9 Luis de Chil\u00f3n, se les acusa de aventar piedras a polic\u00edas sin m\u00e1s pruebas que testimonios de los propios polic\u00edas.<\/p>\n\n\n\n<p class=\"wp-block-paragraph\">A las personas integrantes de la directiva de la Colonia Maya se les acusa de secuestrar a un trabajador cuando nunca se le restringi\u00f3 su libertad.<\/p>\n\n\n\n<p class=\"wp-block-paragraph\">Olivares Ferreto indic\u00f3 que: \u201cPudimos observar la esperanza y dignidad de las personas criminalizadas injustamente al sentirse apoyadas por sus comunidades, pero tambi\u00e9n que algunas personas decidieron abandonar la lucha para exigir respeto a sus derechos\u201d.<\/p>\n\n\n\n<p class=\"wp-block-paragraph\">El uso del sistema punitivo por disentir o alzar la voz en contra de proyectos de inter\u00e9s de gobiernos locales y de empresas se realiza sin ninguna consecuencia y en completa impunidad. Otras violaciones que ocurren en el marco de las protestas tampoco han sido investigadas, como las violaciones del derecho de libertad y seguridad de las personas defensoras, as\u00ed como el uso excesivo de la fuerza.<\/p>\n\n\n\n<p class=\"wp-block-paragraph\">Esto tiene un impacto individual y colectivo entre las personas defensoras, las afectaciones m\u00e1s comunes m\u00e1s comunes est\u00e1n las f\u00edsicas, psicol\u00f3gicas y econ\u00f3micas, como enfermedades, dolores f\u00edsicos como consecuencia de golpes recibidos, miedo, ansiedad, dificultades para dormir, estr\u00e9s, impotencia, sentimiento de injusticia por lo que les pas\u00f3 y afectaciones en su labor de defensa de derechos.<\/p>\n\n\n\n<p class=\"wp-block-paragraph\">Dentro de los impactos colectivos est\u00e1 el efecto amedrentador o la inhibici\u00f3n de la demanda de derechos de tierra, territorio y medio ambiente en contra de personas que abogan por las mismas causas.<\/p>\n\n\n\n<p class=\"wp-block-paragraph\">El informe de Amnist\u00eda Internacional detalla varias recomendaciones generales para atender la problem\u00e1tica del uso desproporcionado del sistema penal contra quienes protestan y otras espec\u00edficas para los casos documentados en el mismo.<\/p>\n\n\n\n<p class=\"wp-block-paragraph\">Entre las primeras est\u00e1 que las autoridades reconozcan la valiosa labor de las personas defensoras de tierra, territorio y medio ambiente; se abstengan de estigmatizarlas; garanticen su participaci\u00f3n en los asuntos que afectan a sus comunidades; se fortalezca el Mecanismo de Protecci\u00f3n para Personas Defensoras de Derechos Humanos y Periodistas y se abstengan de utilizar cuerpos de seguridad militarizados, como la Guardia Nacional, para la vigilancia de protestas.<\/p>\n\n\n\n<p class=\"wp-block-paragraph\">Amnist\u00eda Internacional llama al Estado a que cese de inmediato la criminalizaci\u00f3n de la protesta y que los hechos de violaciones a derechos humanos en los casos documentados en el informe se investiguen de manera adecuada, para asegurar a las personas defensoras una reparaci\u00f3n integral del da\u00f1o.<\/p>\n\n\n\n<p class=\"wp-block-paragraph\">El abordaje del derecho a la protesta debe reconocer que los conflictos sociales que se abordan con perspectivas punitivas generalmente agravan los problemas y no resuelven el fondo de los asuntos. Las exigencias de las personas defensoras deben ser escuchadas y analizadas de manera adecuada y su derecho a la protesta garantizado.<\/p>\n","protected":false},"excerpt":{"rendered":"<p>Las y los defensores piden se investigue de acuerdo a la ley y les pidan disculpa p\u00fablica<\/p>\n","protected":false},"author":3,"featured_media":71282,"comment_status":"open","ping_status":"open","sticky":false,"template":"","format":"standard","meta":{"_monsterinsights_skip_tracking":false,"footnotes":""},"categories":[48],"tags":[142],"class_list":["post-71281","post","type-post","status-publish","format-standard","has-post-thumbnail","category-no-mas-impunidad-no-mas-impunidad","tag-violencia"],"_links":{"self":[{"href":"https:\/\/redsemlac.com\/semmexico\/wp-json\/wp\/v2\/posts\/71281","targetHints":{"allow":["GET"]}}],"collection":[{"href":"https:\/\/redsemlac.com\/semmexico\/wp-json\/wp\/v2\/posts"}],"about":[{"href":"https:\/\/redsemlac.com\/semmexico\/wp-json\/wp\/v2\/types\/post"}],"author":[{"embeddable":true,"href":"https:\/\/redsemlac.com\/semmexico\/wp-json\/wp\/v2\/users\/3"}],"replies":[{"embeddable":true,"href":"https:\/\/redsemlac.com\/semmexico\/wp-json\/wp\/v2\/comments?post=71281"}],"version-history":[{"count":0,"href":"https:\/\/redsemlac.com\/semmexico\/wp-json\/wp\/v2\/posts\/71281\/revisions"}],"wp:featuredmedia":[{"embeddable":true,"href":"https:\/\/redsemlac.com\/semmexico\/wp-json\/wp\/v2\/media\/71282"}],"wp:attachment":[{"href":"https:\/\/redsemlac.com\/semmexico\/wp-json\/wp\/v2\/media?parent=71281"}],"wp:term":[{"taxonomy":"category","embeddable":true,"href":"https:\/\/redsemlac.com\/semmexico\/wp-json\/wp\/v2\/categories?post=71281"},{"taxonomy":"post_tag","embeddable":true,"href":"https:\/\/redsemlac.com\/semmexico\/wp-json\/wp\/v2\/tags?post=71281"}],"curies":[{"name":"wp","href":"https:\/\/api.w.org\/{rel}","templated":true}]}}