{"id":71268,"date":"2023-09-13T16:32:16","date_gmt":"2023-09-13T22:32:16","guid":{"rendered":"https:\/\/redsemlac.com\/semmexico\/?p=71268"},"modified":"2023-09-13T16:32:16","modified_gmt":"2023-09-13T22:32:16","slug":"ines-fernandez-sin-justicia-por-21-anos-este-lunes-cancelan-audiencia-que-reiniciaria-el-juicio-contra-elementos-castrenses","status":"publish","type":"post","link":"https:\/\/redsemlac.com\/semmexico\/ines-fernandez-sin-justicia-por-21-anos-este-lunes-cancelan-audiencia-que-reiniciaria-el-juicio-contra-elementos-castrenses\/","title":{"rendered":"In\u00e9s Fern\u00e1ndez, sin justicia por 21 a\u00f1os, este lunes cancelan audiencia que reiniciar\u00eda el juicio contra elementos castrenses"},"content":{"rendered":"\n<ul class=\"wp-block-list\">\n<li>Ello a pesar de la condena al Estado Mexicano de la Corte Interamericana de Derechos Humanos<\/li>\n\n\n\n<li>In\u00e9s Fern\u00e1ndez, v\u00edctima de tortura sexual por parte militares, no alcanza justicia, a pesar de que se le pidi\u00f3 disculpa p\u00fablica desde hace 11 a\u00f1os<\/li>\n<\/ul>\n\n\n\n<p class=\"wp-block-paragraph\"><strong>Redacci\u00f3n<\/strong><\/p>\n\n\n\n<p class=\"wp-block-paragraph\">SemM\u00e9xico\/con informaci\u00f3n de Ceprovysa, Acapulco, Guerrero, 13 de septiembre, 2023.- Tlapa de Comonfort, Esta ma\u00f1ana se ten\u00eda prevista la \u00faltima audiencia de juicio del caso In\u00e9s Fern\u00e1ndez Ortega en Acapulco, Guerrero, sin embargo, las autoridades judiciales la suspendieron con el argumento de que hoy el juzgado federal de la Ciudad de M\u00e9xico no ten\u00eda espacio libre.<\/p>\n\n\n\n<p class=\"wp-block-paragraph\">Te puede interesar: <a href=\"https:\/\/redsemlac.com\/semmexico\/caso-de-ines-fernandez-se-aplaza\">https:\/\/redsemlac.com\/semmexico\/caso-de-ines-fernandez-se-aplaza<\/a><\/p>\n\n\n\n<p class=\"wp-block-paragraph\">Fue el Centro de Derechos Humanos Tlachinollan quien inform\u00f3 de la suspensi\u00f3n de la audiencia de vista programada para este lunes por la ma\u00f1ana. En esta se reiniciar\u00eda el proceso para dictar sentencia.<\/p>\n\n\n\n<p class=\"wp-block-paragraph\"><br>El abogado de Tlachinollan, Rogelio T\u00e9liz Garc\u00eda, explic\u00f3 que la sentencia condenatoria contra un militar acusado, emitida en marzo pasado, fue anulada, por lo que se tuvo que reiniciar el procedimiento.<\/p>\n\n\n\n<p class=\"wp-block-paragraph\"><br>Al salir de las instalaciones del Poder Judicial Federal (PJF), en el bulevar de las Naciones, alrededor del mediod\u00eda, acompa\u00f1ado de In\u00e9s Fern\u00e1ndez, T\u00e9liz Garc\u00eda explic\u00f3 que, durante la fase de investigaci\u00f3n, el Ministerio P\u00fablico no recab\u00f3 las c\u00e9dulas de los abogados defensores del militar.<\/p>\n\n\n\n<p class=\"wp-block-paragraph\"><br>Debido a ello, el Tribunal colegiado de apelaci\u00f3n orden\u00f3 al juzgado de distrito recabar las c\u00e9dulas de los profesionistas, cancelar la sentencia, y nuevamente cerrar el proceso para dictar sentencia.<\/p>\n\n\n\n<figure class=\"wp-block-image size-full\"><a href=\"https:\/\/redsemlac.com\/semmexico\/wp-content\/uploads\/2023\/09\/Screenshot_20230913_162510_Word.jpg\"><img loading=\"lazy\" decoding=\"async\" width=\"918\" height=\"624\" src=\"https:\/\/redsemlac.com\/semmexico\/wp-content\/uploads\/2023\/09\/Screenshot_20230913_162510_Word.jpg\" alt=\"\" class=\"wp-image-71269\"\/><\/a><\/figure>\n\n\n\n<p class=\"wp-block-paragraph\"><br>T\u00e9liz Garc\u00eda indic\u00f3 que, en la audiencia de este lunes, en el segundo juzgado de distrito, se iban a ratificar las conclusiones para integrar el proyecto de sentencia.<\/p>\n\n\n\n<p class=\"wp-block-paragraph\"><br>Advirti\u00f3 que \u00abal d\u00eda de hoy no hay sentencia\u00bb, y record\u00f3 que se trata de un proceso penal que inici\u00f3 en 2013.<\/p>\n\n\n\n<p class=\"wp-block-paragraph\"><br>T\u00e9liz Garc\u00eda manifest\u00f3 que \u00abel juzgado federal no convalid\u00f3 la fecha, es un retraso doloso del PJF, pues no avis\u00f3 de la reposici\u00f3n del procedimiento\u00bb.<\/p>\n\n\n\n<p class=\"wp-block-paragraph\"><br>El abogado sintetiz\u00f3 que en octubre pasado concluy\u00f3 el juicio y en marzo se dict\u00f3 sentencia, pero el militar acusado interpuso un recurso de apelaci\u00f3n.<\/p>\n\n\n\n<p class=\"wp-block-paragraph\"><br>T\u00e9liz Garc\u00eda se\u00f1al\u00f3 que \u00abel juzgado no notific\u00f3 de la suspensi\u00f3n de la audiencia, lo cual implica la violaci\u00f3n a la exigencia de justicia de do\u00f1a In\u00e9s, pues a\u00fan no hay sentencia contra la persona que cometi\u00f3 tortura sexual\u00bb.<\/p>\n\n\n\n<p class=\"wp-block-paragraph\"><br>In\u00e9s Ortega, acompa\u00f1ada de la int\u00e9rprete Matilde Albino Jim\u00e9nez, lament\u00f3 que \u00abel Estado no ha cumplido como se debe, lo \u00fanico que yo pido es que se haga justicia, he sufrido mucho, he tenido que caminar desde mi comunidad para llegar al juzgado\u00bb.<\/p>\n\n\n\n<p class=\"wp-block-paragraph\"><br>Agreg\u00f3 que \u00abme intriga lo que ha pasado, que el Estado mexicano no ha cumplido la sentencia que se hab\u00eda venido plasmando desde ese tiempo, s\u00f3lo pido que se respete\u00bb.<\/p>\n\n\n\n<p class=\"wp-block-paragraph\"><\/p>\n\n\n\n<p class=\"wp-block-paragraph\">In\u00e9s Fern\u00e1ndez, v\u00edctima de tortura sexual por parte de elementos castrenses, acompa\u00f1ada de sus representantes legales y organizaciones de derechos humanos lamentaron y denunciaron que el Estado mexicano y el Poder Judicial de la Federaci\u00f3n contin\u00faen postergando el proceso jur\u00eddico.<\/p>\n\n\n\n<p class=\"wp-block-paragraph\">In\u00e9s Fern\u00e1ndez, ind\u00edgena perteneciente a la comunidad ind\u00edgena Me&#8217;phaa en Guerrero, fue violada por militares del ej\u00e9rcito mexicano en su domicilio el 22 de marzo de 2002 como una forma de intimidaci\u00f3n y tortura pues ella forma parte de una organizaci\u00f3n ind\u00edgena que hab\u00eda denunciado otros abusos de miembros de las fuerzas armadas en la comunidad, recuerda la Articulaci\u00f3n Regional Feminista.<\/p>\n\n\n\n<p class=\"wp-block-paragraph\"><br>Consulta: <a href=\"http:\/\/www.articulacionfeminista.org\/c\/app003\/4\/3\/3\/3306#:~:text=In%C3%A9s%20Fern%C3%A1ndez%2C%20ind%C3%ADgena%20perteneciente%20a,abusos%20de%20miembros%20de%20las\">http:\/\/www.articulacionfeminista.org\/c\/app003\/4\/3\/3\/3306#:~:text=In%C3%A9s%20Fern%C3%A1ndez%2C%20ind%C3%ADgena%20perteneciente%20a,abusos%20de%20miembros%20de%20las<\/a><\/p>\n\n\n\n<p class=\"wp-block-paragraph\">Lleva 21 a\u00f1os peleando contra el poder militar. Ha tenido que encarar a los militares que la agredieron. A pesar de que los ministerios p\u00fablicos nunca creyeron en su testimonio nunca claudic\u00f3 en su ardua lucha por justicia.<\/p>\n\n\n\n<p class=\"wp-block-paragraph\">En marzo del 2023 se emiti\u00f3 la sentencia condenatoria en contra del militar acusado, pero present\u00f3 un recurso de apelaci\u00f3n y este 11 de septiembre se estar\u00eda celebrando la audiencia de reinicio.<\/p>\n\n\n\n<p class=\"wp-block-paragraph\"><br>Ante la cancelaci\u00f3n de la audiencia In\u00e9s Fern\u00e1ndez expres\u00f3 que nuevamente el Estado mexicano le da la espalda por ser una mujer ind\u00edgena. A las autoridades judiciales no le importa a la v\u00edctima. In\u00e9s tuvo que salir de su comunidad a las 2 de la ma\u00f1ana para llegar a la audiencia.<\/p>\n\n\n\n<p class=\"wp-block-paragraph\"><br>\u201cLo \u00fanico que quiero es que los militares sean condenados, castigados por atentar contra mi persona. Desde hace dos d\u00e9cadas sigo con la esperanza para que llegue la justicia, y lo que me pas\u00f3 no se repita con otras mujeres ind\u00edgenas\u201d reiter\u00f3 In\u00e9s.<br>El 6 de marzo de 2012 -hace 11 a\u00f1os- el secretario de Gobernaci\u00f3n, Alejandro Poir\u00e9, pidi\u00f3 una disculpa p\u00fablica en nombre del Estado Mexicano a la ind\u00edgena guerrerense In\u00e9s Fern\u00e1ndez Ortega, quien fue abusada sexualmente por militares en 2002, aunque el caso fue a dar a la Corte Interamericana de Derechos Humanos.<\/p>\n\n\n\n<figure class=\"wp-block-image size-full\"><a href=\"https:\/\/redsemlac.com\/semmexico\/wp-content\/uploads\/2023\/09\/Screenshot_20230913_162524_Word.jpg\"><img loading=\"lazy\" decoding=\"async\" width=\"916\" height=\"522\" src=\"https:\/\/redsemlac.com\/semmexico\/wp-content\/uploads\/2023\/09\/Screenshot_20230913_162524_Word.jpg\" alt=\"\" class=\"wp-image-71270\"\/><\/a><\/figure>\n\n\n\n<p class=\"wp-block-paragraph\"><\/p>\n\n\n\n<p class=\"wp-block-paragraph\"><br>En el estado de Guerrero, se encuentra en una zona monta\u00f1osa, aislada y, por lo tanto, es de dif\u00edcil acceso. A los 2 d\u00edas de ser atacada, en 2002, In\u00e9s Fern\u00e1ndez acudi\u00f3 a presentar una denuncia ante el Ministerio P\u00fablico del Municipio de Ayutla de los Libres.<\/p>\n\n\n\n<p class=\"wp-block-paragraph\">Desde esa fecha, el Ministerio P\u00fablico local dilat\u00f3 la investigaci\u00f3n por diversos medios, lo que desemboc\u00f3 en la violaci\u00f3n de los derechos procesales de la Sra. Fern\u00e1ndez, as\u00ed como su revictimizaci\u00f3n ante las autoridades investigadoras.<\/p>\n\n\n\n<p class=\"wp-block-paragraph\">Por ello se acudi\u00f3 ante la Comisi\u00f3n Interamericana de Derechos Humanos para denunciar los hechos, el Estado mexicano incumple con las recomendaciones resultado de su informe, por lo que la Comisi\u00f3n demanda a M\u00e9xico ante la Corte Interamericana.<br>In\u00e9s Fern\u00e1ndez, ind\u00edgena perteneciente a la comunidad ind\u00edgena Me\u2019phaa en Guerrero, fue violada por militares del ej\u00e9rcito mexicano en su domicilio el 22 de marzo de 2002 como una forma de intimidaci\u00f3n y tortura pues ella forma parte de una organizaci\u00f3n ind\u00edgena que hab\u00eda denunciado otros abusos de miembros de las fuerzas armadas en la comunidad.<\/p>\n\n\n\n<p class=\"wp-block-paragraph\"><br>Despu\u00e9s de interponer una denuncia ante el Ministerio P\u00fablico donde no se contaba con int\u00e9rprete ni m\u00e9dica forense. \u00c9ste y otras autoridades han dilatado las investigaciones y hasta la fecha en que la Corte dicta sentencia, agosto de 2010, no se han encontrado a los responsables a pesar de que la Sra. Fern\u00e1ndez los identific\u00f3 en fotograf\u00edas que le fueron presentadas en una diligencia.<\/p>\n\n\n\n<p class=\"wp-block-paragraph\"><br>Debido a que la Sra. Fern\u00e1ndez se\u00f1ala como culpables a militares del ej\u00e9rcito mexicano, el Ministerio P\u00fablico civil se declara incompetente y remite el asunto al Ministerio P\u00fablico Militar. Durante las investigaciones se \u201cpierden\u201d las pruebas ginecol\u00f3gicas de la Sra. Fern\u00e1ndez y no se realiza ninguna inspecci\u00f3n ni investigaci\u00f3n para encontrar a los responsables.<\/p>\n\n\n\n<p class=\"wp-block-paragraph\"><br>El Ministerio P\u00fablico Militar determina que no se acredita la comisi\u00f3n de alg\u00fan delito por parte de alg\u00fan militar por lo que regresa el asunto a la Procuradur\u00eda General del Estado de Oaxaca. Posteriormente, se solicita la colaboraci\u00f3n de la Procuradur\u00eda General de la Rep\u00fablica para el apoyo en las diligencias. A\u00f1os m\u00e1s tarde, en noviembre de 2009, se env\u00eda nuevamente el expediente a la jurisdicci\u00f3n militar y la investigaci\u00f3n permanece abierta sin poderse aclarar.<\/p>\n\n\n\n<p class=\"wp-block-paragraph\"><br>Durante varios a\u00f1os, la Sra. Fern\u00e1ndez no tiene certeza sobre qu\u00e9 autoridad tiene la competencia para la investigaci\u00f3n de su asunto.<\/p>\n\n\n\n<h2 class=\"wp-block-heading\"><br><strong>Corte Interamericana condena al Estado Mexicano<\/strong><\/h2>\n\n\n\n<p class=\"wp-block-paragraph\"><br>El Estado mexicano neg\u00f3 la justicia a la Sra. In\u00e9s Fern\u00e1ndez Ortega durante m\u00e1s de 8 a\u00f1os, motivo por el cual la Corte Interamericana encontr\u00f3 culpable al Estado por haber violado sus derechos.<\/p>\n\n\n\n<p class=\"wp-block-paragraph\"><br>Adem\u00e1s, se conden\u00f3 al Estado mexicano por haber incumplido con diversas disposiciones de la Convenci\u00f3n Interamericana para Prevenir y Sancionar la Tortura y la Convenci\u00f3n Interamericana para Prevenir, Sancionar y Erradicar la Violencia contra la Mujer.<\/p>\n\n\n\n<p class=\"wp-block-paragraph\"><br>La Corte Interamericana estima que no es compatible con la Convenci\u00f3n la participaci\u00f3n de la jurisdicci\u00f3n militar en asuntos relacionados con la violaci\u00f3n a derechos humanos de civiles, m\u00e1s a\u00fan cuando se trata de la violaci\u00f3n sexual de una mujer por parte de elementos de los cuerpos militares, pues ello no guarda en ning\u00fan caso relaci\u00f3n con la disciplina o la misi\u00f3n castrense.<\/p>\n\n\n\n<p class=\"wp-block-paragraph\"><br>Para la Corte resulta muy preocupante el hecho de que las autoridades a cargo de la investigaci\u00f3n hubieren centrado sus esfuerzos en citar a declarar a la Sra. Fern\u00e1ndez y no en obtener y asegurar otras pruebas, pues \u201c\u2026en casos de violencia sexual, la investigaci\u00f3n debe intentar evitar en lo posible la revictimizaci\u00f3n o reexperimentaci\u00f3n de la profunda experiencia traum\u00e1tica cada vez que la v\u00edctima recuerda o declara sobre lo ocurrido.\u201d Adem\u00e1s, la Corte observa que \u201c\u2026en el presente caso ha concurrido la falta de voluntad, sensibilidad y capacidad en varios de los servidores p\u00fablicos que intervinieron inicialmente en la denuncia realizada por la se\u00f1ora Fern\u00e1ndez Ortega. Asimismo, la carencia de recursos materiales m\u00e9dicos elementales, as\u00ed como la falta justicia.<\/p>\n\n\n\n<p class=\"wp-block-paragraph\"><br>La sentencia de la Corte Interamericana repara en gran medida el da\u00f1o causado por la falta de atenci\u00f3n por parte de las autoridades mexicanas al delito cometido en agravio de In\u00e9s Fern\u00e1ndez Ortega. Al haber se\u00f1alado que sus agresores fueron militares, las autoridades del Estado de Guerrero, as\u00ed como las militares y federales (la Procuradur\u00eda General de la Rep\u00fablica) optaron por dilatar la investigaci\u00f3n y el procedimiento penal aprovech\u00e1ndose de la situaci\u00f3n de vulnerabilidad de la Sra. Fern\u00e1ndez: como mujer, como v\u00edctima de un delito sexual y como ind\u00edgena. El Estado mexicano es dos veces responsable por la violaci\u00f3n de derechos de In\u00e9s Fern\u00e1ndez: primero como v\u00edctima de la agresi\u00f3n sexual por parte de militares en activo con la finalidad de intimidarla y denigrarla y despu\u00e9s, al violentarle sus garant\u00edas y derechos procesales y el acceso a la justicia. Su condici\u00f3n de mujer ind\u00edgena facilit\u00f3 al Estado la violaci\u00f3n de sus derechos, pues ambas calidades la colocan en un estado de mayor vulnerabilidad.<\/p>\n\n\n\n<p class=\"wp-block-paragraph\"><br>Todo ello contribuy\u00f3 a que la Sra. Fern\u00e1ndez fuera revictimizada por las propias autoridades investigadoras y por un sistema que permit\u00eda la investigaci\u00f3n por parte de la jurisdicci\u00f3n militar de delitos cometidos en contra de civiles.<\/p>\n\n\n\n<p class=\"wp-block-paragraph\"><br>Si bien la Corte no sustenta su resoluci\u00f3n en la CEDAW, s\u00ed lo hace en la Convenci\u00f3n Interamericana para Prevenir, Sancionar y Erradicar la Violencia contra la Mujer, y encuentra responsable a M\u00e9xico de la violaci\u00f3n en especial del art\u00edculo 7 incisos a y b, que son equivalentes a los incisos c y d del art\u00edculo 2 de la CEDAW:<\/p>\n\n\n\n<p class=\"wp-block-paragraph\"><br>\u201cLos Estados Partes condenan la discriminaci\u00f3n contra la mujer en todas sus formas, convienen en seguir, por todos los medios apropiados y sin dilaciones, una pol\u00edtica encaminada a eliminar la discriminaci\u00f3n contra la mujer y, con tal objeto, se comprometen a: [\u2026] c) Establecer la protecci\u00f3n jur\u00eddica de los derechos de la mujer sobre una base de igualdad con los del hombre y garantizar, por conducto de los tribunales nacionales o competentes y de otras instituciones p\u00fablicas, la protecci\u00f3n efectiva de la mujer contra todo acto de discriminaci\u00f3n; d) Abstenerse de incurrir en todo acto a pr\u00e1ctica de discriminaci\u00f3n contra la mujer y velar porque las autoridades e instituciones p\u00fablicas act\u00faen de conformidad con esta obligaci\u00f3n\u2026\u201d<\/p>\n","protected":false},"excerpt":{"rendered":"<p>Ello a pesar de la condena al Estado Mexicano de la Corte Interamericana de Derechos Humanos<\/p>\n","protected":false},"author":3,"featured_media":71271,"comment_status":"open","ping_status":"open","sticky":false,"template":"","format":"standard","meta":{"_monsterinsights_skip_tracking":false,"footnotes":""},"categories":[694,48],"tags":[],"class_list":["post-71268","post","type-post","status-publish","format-standard","has-post-thumbnail","category-destacadas","category-no-mas-impunidad-no-mas-impunidad"],"_links":{"self":[{"href":"https:\/\/redsemlac.com\/semmexico\/wp-json\/wp\/v2\/posts\/71268","targetHints":{"allow":["GET"]}}],"collection":[{"href":"https:\/\/redsemlac.com\/semmexico\/wp-json\/wp\/v2\/posts"}],"about":[{"href":"https:\/\/redsemlac.com\/semmexico\/wp-json\/wp\/v2\/types\/post"}],"author":[{"embeddable":true,"href":"https:\/\/redsemlac.com\/semmexico\/wp-json\/wp\/v2\/users\/3"}],"replies":[{"embeddable":true,"href":"https:\/\/redsemlac.com\/semmexico\/wp-json\/wp\/v2\/comments?post=71268"}],"version-history":[{"count":0,"href":"https:\/\/redsemlac.com\/semmexico\/wp-json\/wp\/v2\/posts\/71268\/revisions"}],"wp:featuredmedia":[{"embeddable":true,"href":"https:\/\/redsemlac.com\/semmexico\/wp-json\/wp\/v2\/media\/71271"}],"wp:attachment":[{"href":"https:\/\/redsemlac.com\/semmexico\/wp-json\/wp\/v2\/media?parent=71268"}],"wp:term":[{"taxonomy":"category","embeddable":true,"href":"https:\/\/redsemlac.com\/semmexico\/wp-json\/wp\/v2\/categories?post=71268"},{"taxonomy":"post_tag","embeddable":true,"href":"https:\/\/redsemlac.com\/semmexico\/wp-json\/wp\/v2\/tags?post=71268"}],"curies":[{"name":"wp","href":"https:\/\/api.w.org\/{rel}","templated":true}]}}