{"id":71173,"date":"2023-09-11T11:49:30","date_gmt":"2023-09-11T17:49:30","guid":{"rendered":"https:\/\/redsemlac.com\/semmexico\/?p=71173"},"modified":"2023-09-11T11:50:24","modified_gmt":"2023-09-11T17:50:24","slug":"las-mujeres-se-abren-paso-en-la-direccion-de-la-industria-tequilera-en-jalisco","status":"publish","type":"post","link":"https:\/\/redsemlac.com\/semmexico\/las-mujeres-se-abren-paso-en-la-direccion-de-la-industria-tequilera-en-jalisco\/","title":{"rendered":"Las mujeres se abren paso en la direcci\u00f3n de la industria tequilera en Jalisco"},"content":{"rendered":"\n<ul class=\"wp-block-list\">\n<li><em><strong>Son mujeres tequileras, que est\u00e1n al frente en la industria de la bebida milenaria y tradicional del estado de Jalisco.<\/strong><\/em><\/li>\n<\/ul>\n\n\n\n<p class=\"wp-block-paragraph\"><strong>Iv\u00e1n De Le\u00f3n Mel\u00e9ndrez<\/strong><\/p>\n\n\n\n<p class=\"wp-block-paragraph\"><strong>SemM\u00e9xico\/RadioUDG, Guadalajara, Jalisco 11 de septiembre, 2023.- <\/strong>Son&nbsp;<strong>mujeres tequileras<\/strong>, que est\u00e1n al frente en la industria de la bebida milenaria y tradicional del estado de Jalisco. Y se reunieron para analizar los retos venideros en un sector que hist\u00f3ricamente hab\u00eda sido dirigido por hombres.&nbsp;<\/p>\n\n\n\n<p class=\"wp-block-paragraph\"><em>\u00abVamos a hacer preguntas interesantes respecto al momento actual de la industria del&nbsp;<strong>tequila<\/strong>, algunos quiz\u00e1 de tiempos anteriores y c\u00f3mo vemos hacia el&nbsp;<strong>futuro esta industria.<\/strong><\/em><\/p>\n\n\n\n<blockquote class=\"wp-block-quote is-layout-flow wp-block-quote-is-layout-flow\">\n<p class=\"wp-block-paragraph\"><em>PORQUE ESTAMOS PREPARADAS PARA LOS CAMBIOS QUE SE VIENEN EN LA INDUSTRIA DEL TEQUILA\u201d.<\/em><em><\/em><\/p>\n<\/blockquote>\n\n\n\n<p class=\"wp-block-paragraph\">Por segunda ocasi\u00f3n esta organizaci\u00f3n re\u00fane a empresarias tequileras que demuestra su crecimiento en la industria.<\/p>\n\n\n\n<p class=\"wp-block-paragraph\"><em><strong>DE 140 EMPRESAS EN EL RAMO DE LA BEBIDA OBTENIDA DEL AGAVE AZUL, 18 EST\u00c1N AL FRENTE DE LA ORGANIZACI\u00d3N.<\/strong><\/em><\/p>\n\n\n<div class=\"wp-block-image\">\n<figure class=\"aligncenter size-full is-resized\"><a href=\"https:\/\/redsemlac.com\/semmexico\/wp-content\/uploads\/2023\/09\/Imagen7-3.jpg\"><img loading=\"lazy\" decoding=\"async\" src=\"https:\/\/redsemlac.com\/semmexico\/wp-content\/uploads\/2023\/09\/Imagen7-3.jpg\" alt=\"\" class=\"wp-image-71174\" style=\"width:713px;height:476px\" width=\"713\" height=\"476\"\/><\/a><\/figure>\n<\/div>\n\n\n<p class=\"wp-block-paragraph\"><a href=\"https:\/\/blob.udgtv.com\/images\/uploads\/2020\/05\/agave-azul-tequilana-weber-focus-0-0-696-464.jpg\"><\/a><em><\/em><\/p>\n\n\n\n<p class=\"wp-block-paragraph\">Su presidenta la Qu\u00edmica farmacobi\u00f3loga, Silvia Mart\u00ednez manifiesta el&nbsp;camino trazado&nbsp;hasta el momento.<\/p>\n\n\n\n<p class=\"wp-block-paragraph\"><em>\u00abNo n<strong>o lo han hecho muy f\u00e1cil&nbsp;<\/strong>invitamos algunas instancias alusivas al&nbsp;<strong>tequila<\/strong>&nbsp;y no tenemos su presencia<\/em><em>.<\/em><\/p>\n\n\n\n<blockquote class=\"wp-block-quote is-layout-flow wp-block-quote-is-layout-flow\">\n<p class=\"wp-block-paragraph\"><em>USTEDES SE VAN A DAR CUENTA SI ESTAMOS PREPARADAS A ESTE NIVEL O NO LO ESTAMOS\u201d.<\/em><em><\/em><\/p>\n<\/blockquote>\n\n\n\n<p class=\"wp-block-paragraph\">Adem\u00e1s, agreg\u00f3 que:&nbsp;<em>\u00abPues es un tema, es una industria de hombres nosotros no venimos a robarle ning\u00fan espacio a nadie.&nbsp;<strong>La mujer ya est\u00e1 presente<\/strong>&nbsp;en toda la cadena agave&nbsp;<strong>tequila<\/strong>\u201d.<\/em><\/p>\n\n\n\n<p class=\"wp-block-paragraph\">En los pr\u00f3ximos a\u00f1os se\u00f1al\u00f3&nbsp;<strong>se ver\u00e1 un cambio muy interesante<\/strong>&nbsp;en la&nbsp;<strong>industria tequilera en Jalisco<\/strong>&nbsp;dando como resultado mayor presencia femenina al frente de casas productoras de&nbsp;<strong>tequila<\/strong>.&nbsp;<\/p>\n\n\n\n<p class=\"wp-block-paragraph\"><em>\u00abPr\u00f3ximamente va a haber movimientos<strong>&nbsp;porque hay empresas dirigidas por hombres,&nbsp;<\/strong>pero que al el cambio generacional van a pasar a sus hijas por lo que ser\u00e1 movimientos muy interesantes pr\u00f3ximamente\u201d.<\/em><\/p>\n\n\n\n<p class=\"has-small-font-size wp-block-paragraph\">Fotograf\u00edas: Iv\u00e1n de Le\u00f3n&nbsp;<\/p>\n","protected":false},"excerpt":{"rendered":"<p>Son mujeres tequileras, que est\u00e1n al frente en la industria de la bebida milenaria y tradicional del estado de Jalisco.<\/p>\n","protected":false},"author":3,"featured_media":71175,"comment_status":"open","ping_status":"open","sticky":false,"template":"","format":"standard","meta":{"_monsterinsights_skip_tracking":false,"footnotes":""},"categories":[702],"tags":[149],"class_list":["post-71173","post","type-post","status-publish","format-standard","has-post-thumbnail","category-economia","tag-mujeres"],"_links":{"self":[{"href":"https:\/\/redsemlac.com\/semmexico\/wp-json\/wp\/v2\/posts\/71173","targetHints":{"allow":["GET"]}}],"collection":[{"href":"https:\/\/redsemlac.com\/semmexico\/wp-json\/wp\/v2\/posts"}],"about":[{"href":"https:\/\/redsemlac.com\/semmexico\/wp-json\/wp\/v2\/types\/post"}],"author":[{"embeddable":true,"href":"https:\/\/redsemlac.com\/semmexico\/wp-json\/wp\/v2\/users\/3"}],"replies":[{"embeddable":true,"href":"https:\/\/redsemlac.com\/semmexico\/wp-json\/wp\/v2\/comments?post=71173"}],"version-history":[{"count":0,"href":"https:\/\/redsemlac.com\/semmexico\/wp-json\/wp\/v2\/posts\/71173\/revisions"}],"wp:featuredmedia":[{"embeddable":true,"href":"https:\/\/redsemlac.com\/semmexico\/wp-json\/wp\/v2\/media\/71175"}],"wp:attachment":[{"href":"https:\/\/redsemlac.com\/semmexico\/wp-json\/wp\/v2\/media?parent=71173"}],"wp:term":[{"taxonomy":"category","embeddable":true,"href":"https:\/\/redsemlac.com\/semmexico\/wp-json\/wp\/v2\/categories?post=71173"},{"taxonomy":"post_tag","embeddable":true,"href":"https:\/\/redsemlac.com\/semmexico\/wp-json\/wp\/v2\/tags?post=71173"}],"curies":[{"name":"wp","href":"https:\/\/api.w.org\/{rel}","templated":true}]}}