{"id":71171,"date":"2023-09-11T11:46:46","date_gmt":"2023-09-11T17:46:46","guid":{"rendered":"https:\/\/redsemlac.com\/semmexico\/?p=71171"},"modified":"2023-09-11T11:46:46","modified_gmt":"2023-09-11T17:46:46","slug":"tras-la-puerta-del-poder-xochitl-la-candidata-con-apoyos-buena-suerte-carisma-y-buena-prensa","status":"publish","type":"post","link":"https:\/\/redsemlac.com\/semmexico\/tras-la-puerta-del-poder-xochitl-la-candidata-con-apoyos-buena-suerte-carisma-y-buena-prensa\/","title":{"rendered":"Tras la puerta del poder| X\u00f3chitl, la candidata con \u201capoyos\u201d, buena suerte, carisma y buena prensa\u00a0"},"content":{"rendered":"\n<p class=\"wp-block-paragraph\"><strong>Roberto Vizca\u00edno&nbsp;<\/strong><\/p>\n\n\n\n<p class=\"wp-block-paragraph\">SemM\u00e9xico, Ciudad de M\u00e9xico, 11 de septiembre, 2023.- Los hechos indican que la senadora&nbsp;<strong>X\u00f3chitl G\u00e1lvez<\/strong>&nbsp;Ru\u00edz no s\u00f3lo cuenta con los m\u00e1s importantes, experimentados y amplios apoyos de manejo de medios e imagen -sobre todo de redes sociales-, sino que cuenta con \u201cbuena suerte\u201d, su carisma y ahora buena prensa junto con la abierta y poderosa operaci\u00f3n pol\u00edtico-electoral de los partidos m\u00e1s experimentados y con mayores redes de maniobra electoral en M\u00e9xico.<\/p>\n\n\n\n<p class=\"wp-block-paragraph\">El pasado fin de semana quedaron sin duda sellados los destinos de ella y de&nbsp;<strong>Claudia Sheinbaum Pardo<\/strong>, como candidatas del Frente Amplio Opositor y de Morena-AMLO, PT y Verde.<\/p>\n\n\n\n<p class=\"wp-block-paragraph\">Y si la premisa del fil\u00f3sofo&nbsp;<strong>Ortega y Gasset<\/strong>&nbsp;es cierta, de que origen es destino, pues la hidalguense ya lleva ventaja ganadora.<\/p>\n\n\n\n<p class=\"wp-block-paragraph\">As\u00ed, mientras la senadora&nbsp;<strong>G\u00e1lvez Ru\u00edz &nbsp;<\/strong>arrancaba con un acto absolutamente ciudadano, masivo, en el \u00c1ngel de la Independencia y continuaba luego con un encuentro muy concurrido de empresarios y otros l\u00edderes en el encuentro anual de L\u00edderes Mexicanos, para continuar despu\u00e9s con una exhibici\u00f3n de fuerza y posicionamiento en la C\u00e1mara de Senadores, desde cuya tribuna y esca\u00f1o vapule\u00f3 duramente al presidente&nbsp;<strong>Andr\u00e9s Manuel L\u00f3pez Obrador<\/strong>, para cerrar el fin de la semana con un acto masivo de cuadro intermedios y c\u00fapulas pri\u00edstas en el Plutarco El\u00edas Calles de la sede nacional del Tricolor.<\/p>\n\n\n\n<p class=\"wp-block-paragraph\">Una semana en la que no desaprovech\u00f3 ninguna de las tribunas period\u00edsticas para responder los cuestionamientos m\u00e1s duros, las dudas m\u00e1s frecuentes y para delinear cuales ser\u00edan sus objetivos m\u00e1s importantes de ser la triunfadora en el 2024 y convertirse as\u00ed en el principal centro de atenci\u00f3n para la prensa mexicana e internacional.<\/p>\n\n\n\n<p class=\"wp-block-paragraph\">En este espacio s\u00f3lo tuvo un contendiente: el excanciller&nbsp;<strong>Marcelo Ebrard<\/strong>&nbsp;quien fue el otro centro de atenci\u00f3n luego de que el mi\u00e9rcoles se sali\u00f3 del proceso de selecci\u00f3n del candidato presidencial de Morena, PT y Verde denunciando violaciones graves, corruptelas, uso de instituciones, recursos y programas sociales para beneficiar a&nbsp;<strong>Claudia Sheinbaum<\/strong>&nbsp;y exigir la reposici\u00f3n del proceso.<\/p>\n\n\n\n<p class=\"wp-block-paragraph\">Nadie dentro de Morena y otros partidos le hizo caso alguno, ni el presidente&nbsp;<strong>Andr\u00e9s Manuel L\u00f3pez Obrador<\/strong>&nbsp;quien lo llen\u00f3 de halagos p\u00fablicos, pero no de respuestas a sus reclamos.<\/p>\n\n\n\n<p class=\"wp-block-paragraph\"><strong>Ebrard<\/strong>, igual que la senadora&nbsp;<strong>G\u00e1lvez<\/strong>&nbsp;no desatendi\u00f3 la llamada de ninguno de los medios informativos que lo buscaron para expresar sus quejas, y advertir que hoy, lunes 11 de septiembre, dar\u00eda su posicionamiento final sobre su decisi\u00f3n de abandonar o no Morena e irse o no por otro partido o fuerza como candidato presidencial en el 2024.<\/p>\n\n\n\n<p class=\"wp-block-paragraph\">Luego de los halagos de AMLO, todos dentro de Morena y el entorno de la ya candidata presidencial Claudia Sheinbaum dijeron que lo buscar\u00edan e intentar\u00edan evitar su fuga hacia otra fuerza. Pero ninguno de ellos habl\u00f3 de atender el principal reclamo de&nbsp;<strong>Ebrard, el&nbsp;<\/strong>de reponer el proceso para la selecci\u00f3n del candidato presidencial.<\/p>\n\n\n\n<p class=\"wp-block-paragraph\">Por el contrario, todo en ese entorno sigui\u00f3 adelante. El presidente&nbsp;<strong>Andr\u00e9s Manuel L\u00f3pez Obrador<\/strong>&nbsp;declar\u00f3 cerrado el proceso y el jueves por la noche, en un evento casi \u00edntimo, al que asistieron gobernadores y gobernadoras de Morena, dirigentes del partido y los otros 4 aspirantes perdedores \u2013 Ricardo Monreal, Gerardo Fern\u00e1ndez Noro\u00f1a, Ad\u00e1n Augusto L\u00f3pez y Manuel Velasco-, a las puertas de un restaurante cercano a Palacio Nacional le entreg\u00f3 su bast\u00f3n de Mando a Claudia Sheinbaum transfiri\u00e9ndole as\u00ed sus supuestos poderes metapol\u00edticos para que ella en adelante decida la designaci\u00f3n de candidaturas, designaciones y ajustes de Morena y su equipo y en su entorno como candidata presidencial del oficialismo.<\/p>\n\n\n\n<p class=\"wp-block-paragraph\">Esta transmisi\u00f3n de \u201cmando\u201d f\u00e1cticos llev\u00f3 a&nbsp;<strong>Sheinbaum&nbsp;<\/strong>a encabezar el fin de semana un encuentro de dirigencias de Morena donde ella prometi\u00f3 atender todas las peticiones y reconocer todos los m\u00e9ritos de todos los que pudieran sentir que Morena debe postularlos a algo, candidaturas o cargos en el gobierno.<\/p>\n\n\n\n<p class=\"wp-block-paragraph\">Cerrada a dar entrevistas y participar en espacios de radio, con un mensaje harto conocido por ser una copia de los temas de las ma\u00f1aneras de&nbsp;<strong>AMLO<\/strong>,&nbsp;<strong>Sheinbaum<\/strong>&nbsp;vio pasar galopando a toda carrera por la senadora&nbsp;<strong>G\u00e1lvez<\/strong>&nbsp;quien todos los d\u00edas se despach\u00f3 con todo en estos medios para convertirse en el personaje con mayores promedios de penetraci\u00f3n y presencia o actuaci\u00f3n tambi\u00e9n en redes sociales.<\/p>\n\n\n\n<p class=\"wp-block-paragraph\">Hoy gracias a ello, los postulados, historias, dichos, an\u00e9cdotas y propuestas de la hidalguense comienzan a ser conocidos y comentados a nivel de los habitantes de las diferentes regiones del pa\u00eds.<\/p>\n\n\n\n<p class=\"wp-block-paragraph\">Y esto apenas comienza, ya que el 7 de septiembre fue el arranque formal, legal, del proceso electoral de 2024 que tiene como joya de esa corona la elecci\u00f3n de un nuevo o primera presidenta de la Rep\u00fablica pero que incluye 9 gubernaturas -dentro de las cuales la m\u00e1s importante es sin duda la jefatura de Gobierno de la Ciudad de M\u00e9xico con sus 16 alcald\u00edas-, la renovaci\u00f3n de 31 congresos estatales -s\u00f3lo quedar\u00e1 vigente el de Coahuila-, y presidencias municipales en 30 estados -solo continuar\u00e1n los de Veracruz y Durango-,&nbsp; y miles de regidur\u00edas.<\/p>\n\n\n\n<p class=\"wp-block-paragraph\">Ser\u00e1n un total de 20 mil 260 cargos de elecci\u00f3n, el mayor n\u00famero de candidaturas en juego en la historia del pa\u00eds.<\/p>\n\n\n\n<p class=\"wp-block-paragraph\">En esa elecci\u00f3n podr\u00e1n participar 98 millones de mexicanos -8 millones m\u00e1s que en 2018-, quienes votar\u00e1n en m\u00e1s de 170 mil casillas que se desplegar\u00e1n en todo el territorio y que ser\u00e1n atendidas por carca de 2 millones de mexicanos capacitados por el INE para evitar fraudes y denuncias sin base.<\/p>\n\n\n\n<p class=\"wp-block-paragraph\">Hoy en esta contienda va adelante la senadora&nbsp;<strong>X\u00f3chitl G\u00e1lvez<\/strong>, quien se mueve con toda la soltura y el apoyo de la m\u00e1s importante estructura y experiencia electoral del pa\u00eds, la que integran las redes y grupos de operadores del PRI, PAN y PRD en todo el territorio.<\/p>\n\n\n\n<p class=\"wp-block-paragraph\">Eso ocurre mientras que Morena, PT y Verde no cuentan con esos operadores porque el partido oficial no tiene siquiera un mando formal en 16 estados y el PT y el Verde son fuerzas con representaci\u00f3n en apenas una decena de estados.<\/p>\n\n\n\n<p class=\"wp-block-paragraph\">Ya veremos c\u00f3mo se desenvuelven ambas fuerzas en los pr\u00f3ximos 10 meses hasta el d\u00eda de la elecci\u00f3n, el 2 de junio de 2024.<\/p>\n\n\n\n<p class=\"wp-block-paragraph\">&#8230;<a href=\"mailto:rvizcainoa@gmail.com\" target=\"_blank\" rel=\"noreferrer noopener\">rvizcainoa@gmail.com<\/a>&nbsp;\/ Twitter: @_Vizcaino \/ Facebook \/&nbsp;<a href=\"https:\/\/www.facebook.com\/rvizcainoa\" target=\"_blank\" rel=\"noreferrer noopener\">https:\/\/www.facebook.com\/rvizcainoa<\/a>&nbsp;<\/p>\n","protected":false},"excerpt":{"rendered":"<p>os hechos indican que la senadora\u00a0X\u00f3chitl G\u00e1lvez\u00a0Ru\u00edz no s\u00f3lo cuenta con los m\u00e1s importantes, experimentados y amplios apoyos de manejo de medios e imagen -sobre todo de redes sociales-, sino que cuenta con \u201cbuena suerte\u201d<\/p>\n","protected":false},"author":3,"featured_media":39589,"comment_status":"open","ping_status":"open","sticky":false,"template":"","format":"standard","meta":{"_monsterinsights_skip_tracking":false,"footnotes":""},"categories":[35,622],"tags":[459],"class_list":["post-71171","post","type-post","status-publish","format-standard","has-post-thumbnail","category-opinion","category-tras-la-puerta-del-poder","tag-opinion"],"_links":{"self":[{"href":"https:\/\/redsemlac.com\/semmexico\/wp-json\/wp\/v2\/posts\/71171","targetHints":{"allow":["GET"]}}],"collection":[{"href":"https:\/\/redsemlac.com\/semmexico\/wp-json\/wp\/v2\/posts"}],"about":[{"href":"https:\/\/redsemlac.com\/semmexico\/wp-json\/wp\/v2\/types\/post"}],"author":[{"embeddable":true,"href":"https:\/\/redsemlac.com\/semmexico\/wp-json\/wp\/v2\/users\/3"}],"replies":[{"embeddable":true,"href":"https:\/\/redsemlac.com\/semmexico\/wp-json\/wp\/v2\/comments?post=71171"}],"version-history":[{"count":0,"href":"https:\/\/redsemlac.com\/semmexico\/wp-json\/wp\/v2\/posts\/71171\/revisions"}],"wp:featuredmedia":[{"embeddable":true,"href":"https:\/\/redsemlac.com\/semmexico\/wp-json\/wp\/v2\/media\/39589"}],"wp:attachment":[{"href":"https:\/\/redsemlac.com\/semmexico\/wp-json\/wp\/v2\/media?parent=71171"}],"wp:term":[{"taxonomy":"category","embeddable":true,"href":"https:\/\/redsemlac.com\/semmexico\/wp-json\/wp\/v2\/categories?post=71171"},{"taxonomy":"post_tag","embeddable":true,"href":"https:\/\/redsemlac.com\/semmexico\/wp-json\/wp\/v2\/tags?post=71171"}],"curies":[{"name":"wp","href":"https:\/\/api.w.org\/{rel}","templated":true}]}}