{"id":71164,"date":"2023-09-11T11:13:57","date_gmt":"2023-09-11T17:13:57","guid":{"rendered":"https:\/\/redsemlac.com\/semmexico\/?p=71164"},"modified":"2023-09-11T17:39:39","modified_gmt":"2023-09-11T23:39:39","slug":"el-rebozo-companero-de-vida-de-la-mujeres-de-teotitlan-oaxaca","status":"publish","type":"post","link":"https:\/\/redsemlac.com\/semmexico\/el-rebozo-companero-de-vida-de-la-mujeres-de-teotitlan-oaxaca\/","title":{"rendered":"El rebozo, compa\u00f1ero de vida de las mujeres de Teotitl\u00e1n, Oaxaca"},"content":{"rendered":"\n<ul class=\"wp-block-list\">\n<li><strong>Obra de Aurora Baz\u00e1n L\u00f3pez, quien reuni\u00f3 los saberes comunitarios compartidos<\/strong><\/li>\n<\/ul>\n\n\n\n<ul class=\"wp-block-list\">\n<li><strong>Es una creaci\u00f3n colectiva entre generaciones de&nbsp;ni\u00f1as, ni\u00f1os y&nbsp;abuelas del municipio<\/strong><\/li>\n<\/ul>\n\n\n\n<p class=\"wp-block-paragraph\"><strong>Patricia Brise\u00f1o<\/strong><\/p>\n\n\n\n<p class=\"wp-block-paragraph\">SemM\u00e9xico, Oaxaca de Ju\u00e1rez, Oax., 11 de septiembre, 2023.- \u201c<em>La fortaleza del rebozo, Xtipp Baiy<\/em>\u00ab, es un libro creaci\u00f3n colectiva de&nbsp;ni\u00f1as, ni\u00f1os y&nbsp;abuelas del municipio ind\u00edgena de Teotitl\u00e1n del Valle, Oaxaca, con la gu\u00eda de Aurora Baz\u00e1n L\u00f3pez, maestra artesana de textiles.<\/p>\n\n\n\n<p class=\"wp-block-paragraph\">Baz\u00e1n L\u00f3pez, reuni\u00f3 en esta obra literaria los saberes comunitarios compartidos por adultas mayores acerca de que importante es el rebozo ( baiy, en zapoteco), a lo largo de la vida de las habitantes de la esta localidad zapoteca, asentada a unos 40 minutos al oriente de la capital de estado.<\/p>\n\n\n<div class=\"wp-block-image\">\n<figure class=\"aligncenter size-full\"><a href=\"https:\/\/redsemlac.com\/semmexico\/wp-content\/uploads\/2023\/09\/Imagen2-5.png\"><img loading=\"lazy\" decoding=\"async\" width=\"742\" height=\"440\" src=\"https:\/\/redsemlac.com\/semmexico\/wp-content\/uploads\/2023\/09\/Imagen2-5.png\" alt=\"\" class=\"wp-image-71168\"\/><\/a><\/figure>\n<\/div>\n\n\n<p class=\"wp-block-paragraph\">\u201cA lo largo de varios a\u00f1os reun\u00ed los testimonios de las abuelitas de Teotitl\u00e1n respecto a este trozo de tela, que casi, tiene alma\u201d, coment\u00f3 en entrevista.<\/p>\n\n\n\n<p class=\"wp-block-paragraph\">Fue a partir de la observaci\u00f3n y experiencia propia \u2013Aurora es tejedora que contin\u00faa con el legado ancestral del telar de pedal- que valor\u00f3 el rebozo m\u00e1s all\u00e1 de una prenda utilitaria.<\/p>\n\n\n\n<p class=\"wp-block-paragraph\">\u201cEl baiy es nuestra ayuda, es el que nos cubre del sol y del viento; nos ayuda a criar a nuestros hijos, sirve para arrullarlos y los beb\u00e9s se calman cuando est\u00e1n en \u00e9l\u201d, expuso.<\/p>\n\n\n\n<p class=\"wp-block-paragraph\">\u201cTambi\u00e9n, mencion\u00f3, es&nbsp;nuestro c\u00f3mplice cuando vamos al mercado, tapamos&nbsp;la canasta para que nadie vea que llevamos pocas verduras o carne, por falta de dinero\u201d.<\/p>\n\n\n\n<p class=\"wp-block-paragraph\">Baz\u00e1n L\u00f3pez coment\u00f3 que durante la confecci\u00f3n del libro consider\u00f3 importante involucrar a las infancias de la comunidad, pues observ\u00f3 que en pandemia por Covid19 cambi\u00f3 la interacci\u00f3n de ni\u00f1os, ni\u00f1as y adolescentes, a redes&nbsp;sociales.<\/p>\n\n\n\n<figure class=\"wp-block-gallery has-nested-images columns-default is-cropped wp-block-gallery-1 is-layout-flex wp-block-gallery-is-layout-flex\">\n<figure class=\"wp-block-image size-large\"><a href=\"https:\/\/redsemlac.com\/semmexico\/wp-content\/uploads\/2023\/09\/Imagen4-5.jpg\"><img decoding=\"async\" data-id=\"71165\" src=\"https:\/\/redsemlac.com\/semmexico\/wp-content\/uploads\/2023\/09\/Imagen4-5-576x1024.jpg\" alt=\"\" class=\"wp-image-71165\"\/><\/a><\/figure>\n\n\n\n<figure class=\"wp-block-image size-large\"><a href=\"https:\/\/redsemlac.com\/semmexico\/wp-content\/uploads\/2023\/09\/Imagen5-3.jpg\"><img decoding=\"async\" data-id=\"71166\" src=\"https:\/\/redsemlac.com\/semmexico\/wp-content\/uploads\/2023\/09\/Imagen5-3-850x1024.jpg\" alt=\"\" class=\"wp-image-71166\"\/><\/a><\/figure>\n<\/figure>\n\n\n\n<p class=\"wp-block-paragraph\">\u201cAunque vivimos en una comunidad ind\u00edgena biling\u00fce, donde la entrada fue cerrada a personas externas y pod\u00edamos convivir entre nosotros, madres y padres permitieron el&nbsp;uso de plataformas con sus hijos por el encierro, al tal grado que los chicos dejaron de jugar en el patio de su casa\u201d.<\/p>\n\n\n\n<p class=\"wp-block-paragraph\">Aurora, plante\u00f3 esa inquietud&nbsp;a la autoridad municipal, qui\u00e9n salud\u00f3 la iniciativa de su paisana, y autoriz\u00f3 el uso del Centro Cultural de Teotitl\u00e1n, as\u00ed como la contribuci\u00f3n del comit\u00e9 de mujeres de la localidad, y el apoyo de Programa de Acciones Culturales Multiling\u00fces y Comunitarias (PACMYC).<\/p>\n\n\n\n<p class=\"wp-block-paragraph\">\u201cTras la convocatoria llegaron unos 19, entre ni\u00f1os y ni\u00f1as, los invitamos a crear el cuento, con el tema de rebozo, a partir de las historias que les contaron las abuelas m\u00e1s longevas, mam\u00e1s, t\u00edas y pap\u00e1s\u201d.<\/p>\n\n\n\n<p class=\"wp-block-paragraph\">Resultado del contacto con las 13 abuelas realizaron un dibujo, que posteriormente sirvi\u00f3&nbsp;para ilustrar el libro: \u00ab<em>La fortaleza del rebozo\u00bb<\/em>, una&nbsp;historia tejida por los momentos m\u00e1s relevantes de las mujeres en convivencia con su rebozo.<\/p>\n\n\n<div class=\"wp-block-image\">\n<figure class=\"alignleft size-full is-resized\"><a href=\"https:\/\/redsemlac.com\/semmexico\/wp-content\/uploads\/2023\/09\/Imagen6-2.png\"><img loading=\"lazy\" decoding=\"async\" src=\"https:\/\/redsemlac.com\/semmexico\/wp-content\/uploads\/2023\/09\/Imagen6-2.png\" alt=\"\" class=\"wp-image-71167\" style=\"width:289px;height:372px\" width=\"289\" height=\"372\"\/><\/a><\/figure>\n<\/div>\n\n\n<p class=\"wp-block-paragraph\">En 75 p\u00e1ginas, el lector acompa\u00f1a a un grupo de amigas y amigos de Teotitl\u00e1n que recorren las casas&#8211;talleres donde sus familiares resaltan el valor de la prenda, m\u00e1s all\u00e1 de lo utilitario en la vida de mujeres, y de los hombres.<\/p>\n\n\n\n<p class=\"wp-block-paragraph\">La historia permite conocer como el rebozo participa en el flirteo y en la boda, durante el parto, pero tambi\u00e9n&nbsp;al momento de morir. En el embarazo, cuando la partera \u201cacomoda\u201d al beb\u00e9.<\/p>\n\n\n\n<p class=\"wp-block-paragraph\">\u201cPara la mam\u00e1 y&nbsp;el beb\u00e9, el rebozo es una forma de apapacho de todos los d\u00edas\u201d. \u201cUna mam\u00e1 que le da pecho a&nbsp;su beb\u00e9 s debe tapar, porque dar echo es una actividad caliente, no es bueno que luego le d\u00e9 el aire en la espalda\u201d, relata.<\/p>\n\n\n\n<p class=\"wp-block-paragraph\">En sus p\u00e1ginas este libro tambi\u00e9n resalta algunas de tradiciones locales, los guisos y bebidas t\u00edpicas, la convivencia, la equidad y la defensa de la lengua materna.<\/p>\n\n\n\n<p class=\"has-small-font-size wp-block-paragraph\">FICHA:<\/p>\n\n\n\n<p class=\"has-small-font-size wp-block-paragraph\"><strong><em>\u201cLa fortaleza del rebozo, Xtipp Baiy<\/em><\/strong><strong>\u00ab<\/strong>, de Aurora Baz\u00e1n L\u00f3pez; editorial, Alma Zapoteca, 75 p\u00e1ginas. Noviembre, 2021.<\/p>\n","protected":false},"excerpt":{"rendered":"<p>Obra de Aurora Baz\u00e1n L\u00f3pez, quien reuni\u00f3 los saberes comunitarios compartidos<\/p>\n","protected":false},"author":3,"featured_media":71169,"comment_status":"open","ping_status":"open","sticky":false,"template":"","format":"standard","meta":{"_monsterinsights_skip_tracking":false,"footnotes":""},"categories":[45,46],"tags":[],"class_list":["post-71164","post","type-post","status-publish","format-standard","has-post-thumbnail","category-cultura","category-cultura-cultura"],"_links":{"self":[{"href":"https:\/\/redsemlac.com\/semmexico\/wp-json\/wp\/v2\/posts\/71164","targetHints":{"allow":["GET"]}}],"collection":[{"href":"https:\/\/redsemlac.com\/semmexico\/wp-json\/wp\/v2\/posts"}],"about":[{"href":"https:\/\/redsemlac.com\/semmexico\/wp-json\/wp\/v2\/types\/post"}],"author":[{"embeddable":true,"href":"https:\/\/redsemlac.com\/semmexico\/wp-json\/wp\/v2\/users\/3"}],"replies":[{"embeddable":true,"href":"https:\/\/redsemlac.com\/semmexico\/wp-json\/wp\/v2\/comments?post=71164"}],"version-history":[{"count":0,"href":"https:\/\/redsemlac.com\/semmexico\/wp-json\/wp\/v2\/posts\/71164\/revisions"}],"wp:featuredmedia":[{"embeddable":true,"href":"https:\/\/redsemlac.com\/semmexico\/wp-json\/wp\/v2\/media\/71169"}],"wp:attachment":[{"href":"https:\/\/redsemlac.com\/semmexico\/wp-json\/wp\/v2\/media?parent=71164"}],"wp:term":[{"taxonomy":"category","embeddable":true,"href":"https:\/\/redsemlac.com\/semmexico\/wp-json\/wp\/v2\/categories?post=71164"},{"taxonomy":"post_tag","embeddable":true,"href":"https:\/\/redsemlac.com\/semmexico\/wp-json\/wp\/v2\/tags?post=71164"}],"curies":[{"name":"wp","href":"https:\/\/api.w.org\/{rel}","templated":true}]}}