{"id":71161,"date":"2023-09-11T11:09:28","date_gmt":"2023-09-11T17:09:28","guid":{"rendered":"https:\/\/redsemlac.com\/semmexico\/?p=71161"},"modified":"2023-09-11T11:50:12","modified_gmt":"2023-09-11T17:50:12","slug":"profesora-denuncia-a-companero-de-trabajo-por-acoso-y-hostigamiento-sexual","status":"publish","type":"post","link":"https:\/\/redsemlac.com\/semmexico\/profesora-denuncia-a-companero-de-trabajo-por-acoso-y-hostigamiento-sexual\/","title":{"rendered":"Profesora denuncia a compa\u00f1ero de trabajo por acoso y hostigamiento sexual"},"content":{"rendered":"\n<ul class=\"wp-block-list\">\n<li><strong>Denuncia inacci\u00f3n de autoridades educativas y sindicales&nbsp;<\/strong><strong><\/strong><\/li>\n<\/ul>\n\n\n\n<p class=\"wp-block-paragraph\"><strong>Patricia Brise\u00f1o<\/strong><\/p>\n\n\n\n<p class=\"wp-block-paragraph\">SemM\u00e9xico, Oaxaca de Ju\u00e1rez, &nbsp;Oax., 11 de septiembre, 2023.- Un profesor de educaci\u00f3n b\u00e1sica, identificado como Marcelino&nbsp;O.L, fue&nbsp;denunciado por una docente y compa\u00f1era del gremio por presuntos&nbsp;actos de acoso sexual y amenazas contra su integridad, ante la nula respuesta de las autoridades educativas y la dirigencia de la Secci\u00f3n 22 de la Coordinadora Nacional de Trabajadores de la Educaci\u00f3n (CNTE).<\/p>\n\n\n\n<p class=\"wp-block-paragraph\">En conferencia de prensa, acompa\u00f1ada de la organizaci\u00f3n Consorcio para el Dialogo Parlamentario, expuso que la violencia en su contra tiene su origen desde 2019, cuando su agresor us\u00f3 las tecnolog\u00edas digitales para denostarla y difundir im\u00e1genes alteradas, poniendo en entredicho su honor y desempe\u00f1o profesional.<\/p>\n\n\n\n<p class=\"wp-block-paragraph\">La profesora de nivel primaria refiri\u00f3 que hizo efectivos sus derechos sindicales acudiendo a las instancias internas de la gremial, que determinaron la salida de Marcelino de la zona escolar, correspondiente a Ocotl\u00e1n de Morelos, pero este se resisti\u00f3.<\/p>\n\n\n\n<p class=\"wp-block-paragraph\">A pesar de las denuncias por ataques a su sexualidad, libertad de expresi\u00f3n y visibilidad, el presunto violentador consigui\u00f3 la cartera de \u201cPromotor\u00eda Femenil en su delegaci\u00f3n sindical\u201d.<\/p>\n\n\n\n<p class=\"wp-block-paragraph\"><br>Sin embargo, en fecha reciente, Marcelino O., present\u00f3 ante el Instituto Estatal de Educaci\u00f3n P\u00fablica de Oaxaca (IEEPO) una queja en contra de Berenice, y de una funcionaria estatal por&nbsp;\u201chostigamiento laboral y pol\u00edtico\u201d.<\/p>\n\n\n\n<p class=\"wp-block-paragraph\">\u201cEl sujeto cambi\u00f3 la narrativa, hizo parecer que \u00e9l es v\u00edctima del acoso de sus compa\u00f1eras\u201d, subray\u00f3.<\/p>\n\n\n\n<p class=\"wp-block-paragraph\">&nbsp;<br>En su intervenci\u00f3n, Yesica&nbsp;S\u00e1nchez Maya consider\u00f3 que el n\u00famero de casos de acoso, agresiones, desapariciones y feminicidios se han ido incrementando, lo cual se debe principalmente a la falta de aplicaci\u00f3n de la justicia.<\/p>\n\n\n\n<p class=\"wp-block-paragraph\">&nbsp;\u201cEl nivel de impunidad que vivimos, no solamente se refleja en el feminicidio y desaparici\u00f3n de mujeres, sino el aumento de violencia en el \u00e1mbito laboral y escolar\u00bb, dijo.<\/p>\n\n\n\n<p class=\"wp-block-paragraph\">\u201cSaben (los agresores) que hay impunidad por este pacto patriarcal, que hay en instituciones, en espacios escolares, en la calle, entonces, no hay lugar seguro para las mujeres en Oaxaca\u201d, concluy\u00f3.<\/p>\n","protected":false},"excerpt":{"rendered":"<p>Denuncia inacci\u00f3n de autoridades educativas y sindicales\u00a0<\/p>\n","protected":false},"author":3,"featured_media":71162,"comment_status":"open","ping_status":"open","sticky":false,"template":"","format":"standard","meta":{"_monsterinsights_skip_tracking":false,"footnotes":""},"categories":[700],"tags":[146,142],"class_list":["post-71161","post","type-post","status-publish","format-standard","has-post-thumbnail","category-estados","tag-oaxaca","tag-violencia"],"_links":{"self":[{"href":"https:\/\/redsemlac.com\/semmexico\/wp-json\/wp\/v2\/posts\/71161","targetHints":{"allow":["GET"]}}],"collection":[{"href":"https:\/\/redsemlac.com\/semmexico\/wp-json\/wp\/v2\/posts"}],"about":[{"href":"https:\/\/redsemlac.com\/semmexico\/wp-json\/wp\/v2\/types\/post"}],"author":[{"embeddable":true,"href":"https:\/\/redsemlac.com\/semmexico\/wp-json\/wp\/v2\/users\/3"}],"replies":[{"embeddable":true,"href":"https:\/\/redsemlac.com\/semmexico\/wp-json\/wp\/v2\/comments?post=71161"}],"version-history":[{"count":0,"href":"https:\/\/redsemlac.com\/semmexico\/wp-json\/wp\/v2\/posts\/71161\/revisions"}],"wp:featuredmedia":[{"embeddable":true,"href":"https:\/\/redsemlac.com\/semmexico\/wp-json\/wp\/v2\/media\/71162"}],"wp:attachment":[{"href":"https:\/\/redsemlac.com\/semmexico\/wp-json\/wp\/v2\/media?parent=71161"}],"wp:term":[{"taxonomy":"category","embeddable":true,"href":"https:\/\/redsemlac.com\/semmexico\/wp-json\/wp\/v2\/categories?post=71161"},{"taxonomy":"post_tag","embeddable":true,"href":"https:\/\/redsemlac.com\/semmexico\/wp-json\/wp\/v2\/tags?post=71161"}],"curies":[{"name":"wp","href":"https:\/\/api.w.org\/{rel}","templated":true}]}}