{"id":71100,"date":"2023-09-09T15:52:36","date_gmt":"2023-09-09T21:52:36","guid":{"rendered":"https:\/\/redsemlac.com\/semmexico\/?p=71100"},"modified":"2023-09-09T15:52:37","modified_gmt":"2023-09-09T21:52:37","slug":"en-pobreza-extrema-viviran-pronto-340-millones-de-mujeres","status":"publish","type":"post","link":"https:\/\/redsemlac.com\/semmexico\/en-pobreza-extrema-viviran-pronto-340-millones-de-mujeres\/","title":{"rendered":"En pobreza extrema vivir\u00e1n pronto 340 millones de mujeres"},"content":{"rendered":"\n<p class=\"wp-block-paragraph\">Una madre en una regi\u00f3n de Kenia azotada por la sequ\u00eda.<\/p>\n\n\n\n<p class=\"wp-block-paragraph\">Se necesitan 360 000 millones de d\u00f3lares adicionales por a\u00f1o para lograr la igualdad de g\u00e9nero<\/p>\n\n\n\n<p class=\"wp-block-paragraph\">Redacci\u00f3n<\/p>\n\n\n\n<p class=\"wp-block-paragraph\">SemM\u00e9xico\/Noticias ONU, Ciudad de M\u00e9xico, 9 de septiembre, 2023.- En el a\u00f1o 2030 una de cada cuatro mujeres y ni\u00f1as en el mundo carecer\u00e1 de comida suficiente, y 340 millones de ellas, ocho por ciento de la poblaci\u00f3n femenina, sobrevivir\u00e1n sumidas en la pobreza extrema, indic\u00f3 un nuevo informe de dos agencias de las Naciones Unidas.<\/p>\n\n\n\n<p class=\"wp-block-paragraph\">El estudio \u201crepresenta una rotunda llamada a la acci\u00f3n. Debemos actuar ya de manera colectiva y decidida para corregir el rumbo hacia un mundo en el que todas las mujeres y ni\u00f1as tengan los mismos derechos, oportunidades y representaci\u00f3n\u201d, reclam\u00f3 Sarah Hendriks, directora ejecutiva adjunta de la agencia&nbsp;ONU Mujeres.<\/p>\n\n\n\n<p class=\"wp-block-paragraph\">\u201cPara lograrlo, necesitamos un compromiso inquebrantable, soluciones innovadoras y la colaboraci\u00f3n de todos los sectores y partes interesadas\u201d, a\u00f1adi\u00f3 Hendriks.<\/p>\n\n\n\n<p class=\"wp-block-paragraph\">ONU Mujeres y el&nbsp;Departamento de Asuntos Econ\u00f3micos y Sociales&nbsp;del organismo multilateral elaboraron el informe <em>Progreso en los Objetivos de Desarrollo Sostenible: El Panorama de G\u00e9nero 2023<\/em>, que por primera vez incluye datos desglosados por sexo sobre las intersecciones entre g\u00e9nero y cambio clim\u00e1tico.<\/p>\n\n\n\n<p class=\"wp-block-paragraph\">Pronostica que, para mediados de siglo, en el peor de los escenarios, el cambio clim\u00e1tico puede empujar a la pobreza a 158,3 millones adicionales de mujeres y ni\u00f1as, 16 millones m\u00e1s que el n\u00famero total de hombres y ni\u00f1os que se ver\u00edan en la misma situaci\u00f3n.<\/p>\n\n\n\n<p class=\"wp-block-paragraph\">La publicaci\u00f3n anual ofrece un an\u00e1lisis de la situaci\u00f3n actual de la igualdad de g\u00e9nero en los 17 Objetivos de Desarrollo Sostenible (ODS) y destaca las tendencias predominantes, las lagunas y los retrocesos recientes en el camino hacia la consecuci\u00f3n de la igualdad de g\u00e9nero de aqu\u00ed a 2030.<\/p>\n\n\n\n<p class=\"wp-block-paragraph\">Ning\u00fan pa\u00eds est\u00e1 al alcance de erradicar la violencia dom\u00e9stica y solo 27 pa\u00edses cuentan con sistemas integrales para rastrear y realizar asignaciones presupuestarias para la igualdad de g\u00e9nero y el empoderamiento de las mujeres.<\/p>\n\n\n\n<p class=\"wp-block-paragraph\">El n\u00famero de mujeres y ni\u00f1as en contextos afectados por conflictos ha aumentado, con consecuencias catastr\u00f3ficas. En 2022, el n\u00famero de mujeres y ni\u00f1as que viv\u00edan en esos contextos alcanz\u00f3 los 614 millones, 50 por ciento m\u00e1s que en 2017.<\/p>\n\n\n\n<p class=\"wp-block-paragraph\">A nivel mundial, al ritmo actual de progreso, se estima que 110 millones de ni\u00f1as y mujeres j\u00f3venes no asistir\u00e1n a la escuela en 2030.<\/p>\n\n\n\n<p class=\"wp-block-paragraph\">La brecha laboral y de ingresos sigue siendo muy alta. Por cada d\u00f3lar que ganan los hombres en ingresos laborales, las mujeres ganan solo 51 centavos. Apenas 61,4 por ciento de las mujeres en edad laboral \u00f3ptima est\u00e1n en la fuerza de trabajo, en comparaci\u00f3n con 90 % de los hombres.<\/p>\n\n\n\n<p class=\"wp-block-paragraph\">La brecha de g\u00e9nero en posiciones de poder y liderazgo sigue arraigada y, al ritmo actual, la pr\u00f3xima generaci\u00f3n de mujeres seguir\u00e1 dedicando en promedio cada d\u00eda 2,3 horas m\u00e1s que los hombres al trabajo dom\u00e9stico y de cuidados no remunerado.<\/p>\n\n\n\n<p class=\"wp-block-paragraph\">Tambi\u00e9n se muestra que las mujeres mayores enfrentan tasas m\u00e1s altas de pobreza y violencia que los hombres mayores. En 28 de los 116 pa\u00edses con datos, menos de la mitad de ellas tienen una pensi\u00f3n y, en 12 pa\u00edses, menos de 10 %.<\/p>\n\n\n\n<p class=\"wp-block-paragraph\">A mitad de camino hacia 2030, el progreso hacia el objetivo de igualdad \u201cest\u00e1 claramente lejos de estar encaminado\u201d, solo dos indicadores del ODS5 (Lograr la igualdad entre los g\u00e9neros y empoderar a todas las mujeres y las ni\u00f1as) est\u00e1n \u201ccerca de la meta\u201d, y ninguno llega al nivel de \u201cmeta cumplida o casi cumplida\u201d.<\/p>\n\n\n\n<p class=\"wp-block-paragraph\">El Panorama subraya la necesidad urgente de realizar esfuerzos concretos para acelerar el progreso hacia la igualdad de g\u00e9nero, y revela que se necesitan 360 000 millones de d\u00f3lares adicionales por a\u00f1o para lograr la igualdad de g\u00e9nero y el empoderamiento de las mujeres en todos los objetivos globales clave.<\/p>\n\n\n\n<p class=\"wp-block-paragraph\">Tambi\u00e9n llama a un enfoque integrado y hol\u00edstico, una mayor colaboraci\u00f3n entre las partes interesadas, una financiaci\u00f3n sostenida y acciones pol\u00edticas para abordar las disparidades de g\u00e9nero y empoderar a las mujeres y las ni\u00f1as en todo el mundo, pues de lo contrario estar\u00eda en peligro toda la Agenda 2030 para el desarrollo sostenible.<\/p>\n\n\n\n<p class=\"wp-block-paragraph\">\u201cLa igualdad de g\u00e9nero no es s\u00f3lo un objetivo dentro de la Agenda 2030. Es la base misma de una sociedad justa y un objetivo sobre el que deben sustentarse todos los dem\u00e1s objetivos\u201d, afirm\u00f3 la subsecretaria general de Coordinaci\u00f3n de Pol\u00edticas y Asuntos interinstitucionales de Desa, Mar\u00eda-Francesca Spatolisano.<\/p>\n","protected":false},"excerpt":{"rendered":"<p>En el a\u00f1o 2030 una de cada cuatro mujeres y ni\u00f1as en el mundo carecer\u00e1 de comida suficiente, y 340 millones de ellas, ocho por ciento de la poblaci\u00f3n femenina, sobrevivir\u00e1n sumidas en la pobreza extrema, indic\u00f3 un nuevo informe de dos agencias de las Naciones Unidas.<\/p>\n","protected":false},"author":3,"featured_media":71101,"comment_status":"open","ping_status":"open","sticky":false,"template":"","format":"standard","meta":{"_monsterinsights_skip_tracking":false,"footnotes":""},"categories":[53],"tags":[],"class_list":["post-71100","post","type-post","status-publish","format-standard","has-post-thumbnail","category-internacional"],"_links":{"self":[{"href":"https:\/\/redsemlac.com\/semmexico\/wp-json\/wp\/v2\/posts\/71100","targetHints":{"allow":["GET"]}}],"collection":[{"href":"https:\/\/redsemlac.com\/semmexico\/wp-json\/wp\/v2\/posts"}],"about":[{"href":"https:\/\/redsemlac.com\/semmexico\/wp-json\/wp\/v2\/types\/post"}],"author":[{"embeddable":true,"href":"https:\/\/redsemlac.com\/semmexico\/wp-json\/wp\/v2\/users\/3"}],"replies":[{"embeddable":true,"href":"https:\/\/redsemlac.com\/semmexico\/wp-json\/wp\/v2\/comments?post=71100"}],"version-history":[{"count":0,"href":"https:\/\/redsemlac.com\/semmexico\/wp-json\/wp\/v2\/posts\/71100\/revisions"}],"wp:featuredmedia":[{"embeddable":true,"href":"https:\/\/redsemlac.com\/semmexico\/wp-json\/wp\/v2\/media\/71101"}],"wp:attachment":[{"href":"https:\/\/redsemlac.com\/semmexico\/wp-json\/wp\/v2\/media?parent=71100"}],"wp:term":[{"taxonomy":"category","embeddable":true,"href":"https:\/\/redsemlac.com\/semmexico\/wp-json\/wp\/v2\/categories?post=71100"},{"taxonomy":"post_tag","embeddable":true,"href":"https:\/\/redsemlac.com\/semmexico\/wp-json\/wp\/v2\/tags?post=71100"}],"curies":[{"name":"wp","href":"https:\/\/api.w.org\/{rel}","templated":true}]}}