{"id":71076,"date":"2023-09-08T14:09:54","date_gmt":"2023-09-08T20:09:54","guid":{"rendered":"https:\/\/redsemlac.com\/semmexico\/?p=71076"},"modified":"2023-09-08T14:09:54","modified_gmt":"2023-09-08T20:09:54","slug":"sheinbaum-la-nueva-guardiana-de-la-cuarta-transformacion-recibe-el-baston-de-mando-de-amlo","status":"publish","type":"post","link":"https:\/\/redsemlac.com\/semmexico\/sheinbaum-la-nueva-guardiana-de-la-cuarta-transformacion-recibe-el-baston-de-mando-de-amlo\/","title":{"rendered":"Sheinbaum, la nueva guardiana de la cuarta transformaci\u00f3n: recibe el bast\u00f3n de mando de AMLO"},"content":{"rendered":"\n<ul class=\"wp-block-list\">\n<li><strong><em>\u00bfVestigio del autoritarismo?<\/em><\/strong><\/li>\n\n\n\n<li><strong><em>La elegida por la 4T: \u201c<\/em><\/strong><strong>No traicionar\u00e9 el anhelo de seguir construyendo un M\u00e9xico m\u00e1s justo, fraterno, soberano, libre y democr\u00e1tico\u201d<\/strong><\/li>\n<\/ul>\n\n\n\n<p class=\"wp-block-paragraph\"><strong><em>Redacci\u00f3n<\/em><\/strong><\/p>\n\n\n\n<p class=\"wp-block-paragraph\"><em>SemM\u00e9xico\/Informativo24, Ciudad de M\u00e9xico<\/em>, 8 de septiembre, 2023.- \u2013 En un ic\u00f3nico restaurante del Centro Hist\u00f3rico, El Mayor, se celebr\u00f3 la entrega del bast\u00f3n de mando a Claudia Sheinbaum por parte del presidente Andr\u00e9s Manuel L\u00f3pez Obrador.<\/p>\n\n\n\n<p class=\"wp-block-paragraph\">Este acto no es meramente simb\u00f3lico, sino una trascendente tradici\u00f3n que refleja la autoridad, sabidur\u00eda y la profunda responsabilidad de guiar a la comunidad. Sheinbaum, al recibir este legado, ha sido puesta al frente de la Defensa de la Cuarta Transformaci\u00f3n tras su triunfo en las encuestas internas de Morena.<\/p>\n\n\n\n<p class=\"wp-block-paragraph\"><strong>Relevancia del Bast\u00f3n de Mando:<\/strong>&nbsp;Originario de culturas ind\u00edgenas de M\u00e9xico, el bast\u00f3n de mando es un emblema de la m\u00e1xima autoridad, espiritual y pol\u00edtica. Es una manifestaci\u00f3n de equilibrio entre seres humanos y naturaleza, as\u00ed como del deber de guiar a la comunidad. En el panorama pol\u00edtico mexicano, refleja el compromiso del l\u00edder hacia la poblaci\u00f3n ind\u00edgena y el buen gobierno.<\/p>\n\n\n\n<p class=\"wp-block-paragraph\">En su discurso, Sheinbaum, comparti\u00f3: \u201cNo traicionar\u00e9 el anhelo de seguir construyendo un M\u00e9xico m\u00e1s justo, fraterno, soberano, libre y democr\u00e1tico\u201d. A trav\u00e9s de la red social X, L\u00f3pez Obrador enfatiz\u00f3 que la entrega busca dar continuidad a la transformaci\u00f3n donde el protagonista principal \u201cha sido, es y ser\u00e1 el pueblo de M\u00e9xico\u201d.<\/p>\n\n\n\n<p class=\"wp-block-paragraph\">Sin embargo, no todos ven con buenos ojos esta ceremonia. X\u00f3chitl G\u00e1lvez, destacada figura de la oposici\u00f3n, critica la entrega del bast\u00f3n de mando, se\u00f1alando a este acto como un vestigio de autoritarismo.<\/p>\n","protected":false},"excerpt":{"rendered":"<p>\u00bfVestigio del autoritarismo?<\/p>\n","protected":false},"author":3,"featured_media":71077,"comment_status":"open","ping_status":"open","sticky":false,"template":"","format":"standard","meta":{"_monsterinsights_skip_tracking":false,"footnotes":""},"categories":[141],"tags":[228,149],"class_list":["post-71076","post","type-post","status-publish","format-standard","has-post-thumbnail","category-elecciones-2020-2021","tag-elecciones","tag-mujeres"],"_links":{"self":[{"href":"https:\/\/redsemlac.com\/semmexico\/wp-json\/wp\/v2\/posts\/71076","targetHints":{"allow":["GET"]}}],"collection":[{"href":"https:\/\/redsemlac.com\/semmexico\/wp-json\/wp\/v2\/posts"}],"about":[{"href":"https:\/\/redsemlac.com\/semmexico\/wp-json\/wp\/v2\/types\/post"}],"author":[{"embeddable":true,"href":"https:\/\/redsemlac.com\/semmexico\/wp-json\/wp\/v2\/users\/3"}],"replies":[{"embeddable":true,"href":"https:\/\/redsemlac.com\/semmexico\/wp-json\/wp\/v2\/comments?post=71076"}],"version-history":[{"count":0,"href":"https:\/\/redsemlac.com\/semmexico\/wp-json\/wp\/v2\/posts\/71076\/revisions"}],"wp:featuredmedia":[{"embeddable":true,"href":"https:\/\/redsemlac.com\/semmexico\/wp-json\/wp\/v2\/media\/71077"}],"wp:attachment":[{"href":"https:\/\/redsemlac.com\/semmexico\/wp-json\/wp\/v2\/media?parent=71076"}],"wp:term":[{"taxonomy":"category","embeddable":true,"href":"https:\/\/redsemlac.com\/semmexico\/wp-json\/wp\/v2\/categories?post=71076"},{"taxonomy":"post_tag","embeddable":true,"href":"https:\/\/redsemlac.com\/semmexico\/wp-json\/wp\/v2\/tags?post=71076"}],"curies":[{"name":"wp","href":"https:\/\/api.w.org\/{rel}","templated":true}]}}