{"id":71069,"date":"2023-09-08T12:26:48","date_gmt":"2023-09-08T18:26:48","guid":{"rendered":"https:\/\/redsemlac.com\/semmexico\/?p=71069"},"modified":"2023-09-08T12:26:49","modified_gmt":"2023-09-08T18:26:49","slug":"encuentro-de-mujeres-indigenas-defensoras-del-agua-y-la-vida-comunitaria","status":"publish","type":"post","link":"https:\/\/redsemlac.com\/semmexico\/encuentro-de-mujeres-indigenas-defensoras-del-agua-y-la-vida-comunitaria\/","title":{"rendered":"Encuentro de mujeres ind\u00edgenas defensoras del agua y la vida comunitaria"},"content":{"rendered":"\n<ul class=\"wp-block-list\">\n<li><strong>Hablaron de persecuci\u00f3n y hostigamiento por defender la tierra<\/strong><\/li>\n\n\n\n<li><strong>Se encontraron mujeres de Oaxaca, Chiapas y Guatemala<\/strong><\/li>\n<\/ul>\n\n\n\n<p class=\"wp-block-paragraph\"><strong>Patricia Brise\u00f1o<\/strong><\/p>\n\n\n\n<p class=\"wp-block-paragraph\">SemM\u00e9xico, Oaxaca de Ju\u00e1rez, Oax., 8 de septiembre, 2023.- El encuentro \u201cMujeres, Agua y Vida Comunitaria \u00abcongreg\u00f3 a medio centenar de mujeres ind\u00edgenas procedentes de Oaxaca, Chiapas y Guatemala, comprometidas con el recurso h\u00eddrico, amenazado por el despojo, contaminaci\u00f3n y escasez por el cambio clim\u00e1tico, proyectos extractivistas y mega obras.&nbsp;<\/p>\n\n\n\n<p class=\"wp-block-paragraph\">A prop\u00f3sito del D\u00eda Nacional de la Mujer Ind\u00edgena, declarado el 5 de septiembre de cada a\u00f1o, mujeres l\u00edderes de sus comunidades, reunidas en la capital oaxaque\u00f1a, compartieron testimonios, experiencias y motivaciones para seguir adelante en la exigibilidad y protecci\u00f3n del agua.<br><br>Ellas, mayas, tzeltales, tzotziles, zapotecas, mixtecas, ikoots, nahuas, mixes, viajaron por m\u00e1s de 10 horas, recorrieron caminos troncales, pendientes y curvas. Nada import\u00f3 porque quer\u00edan llegar a compartir sus ideas, motivaciones, experiencias y aprendizaje.&nbsp;<\/p>\n\n\n\n<p class=\"wp-block-paragraph\">El prop\u00f3sito del encuentro, organizado por Educaci\u00f3n Alternativa A.C (Educa) fue generar un intercambio y articulaci\u00f3n entre mujeres defensoras para el cuidado colectivo y la defensa del agua.<\/p>\n\n\n\n<p class=\"wp-block-paragraph\">Beatriz Guti\u00e9rrez, zapoteca del Istmo de Tehuantepec fungi\u00f3 como moderadora del panel de experiencias donde por unanimidad se conden\u00f3 la comercializaci\u00f3n del recurso no renovable.&nbsp;<\/p>\n\n\n\n<p class=\"wp-block-paragraph\"><br>Concepci\u00f3n Rocche Batzin, de la organizaci\u00f3n Mujeres Tz\u00fatujiles, de San Pedro la Laguna, Solol\u00e1, defensora del lago Atitl\u00e1n, Guatemala, denunci\u00f3 que, en su territorio de origen, el gobierno federal trabaja el \u201cPlan maestro, agua limpia o mega colector\u201d, con una inversi\u00f3n de 300 millones de d\u00f3lares, que pretende traspasar el lago a donde est\u00e1n los cultivos de palma africana.&nbsp;<\/p>\n\n\n\n<p class=\"wp-block-paragraph\">Adem\u00e1s, en su pa\u00eds no existe una Ley Federal de Aguas, las empresas est\u00e1n exentas de pago por el consumo de agua, pero las comunidades s\u00ed lo hacen.<\/p>\n\n\n\n<p class=\"wp-block-paragraph\">Paulina Ju\u00e1rez Le\u00f3n, originaria de Las Maravillas, Berrioz\u00e1bal, Chiapas, expuso que en territorio la calidad no es \u00f3ptima para el consumo humano.&nbsp;<\/p>\n\n\n\n<p class=\"wp-block-paragraph\">\u201cEl agua contaminada, ha cobrado muchas vidas\u201d, asegur\u00f3.&nbsp; Reconoci\u00f3 el apoyo de la asociaci\u00f3n civil C\u00e1ntaro Azul, que se ha involucrado en devolver la pureza al agua, mediante sistemas innovadores y amigables con el ambiente.<\/p>\n\n\n\n<p class=\"wp-block-paragraph\">En el mismo contexto,&nbsp;Maribel L\u00f3pez, secretaria de la Asociaci\u00f3n de Patronatos de Agua del Municipio de Sital\u00e1 (APAMS), Chiapas, expuso que en esta municipalidad la contaminaci\u00f3n del recurso es la principal causa de la muerte infantil por diarrea y deshidrataci\u00f3n.&nbsp;<\/p>\n\n\n\n<p class=\"wp-block-paragraph\">Patricia Silva, de la regi\u00f3n mixteca resumi\u00f3 los or\u00edgenes de la organizaci\u00f3n Mujeres en Desarrollo (Mudem), que tiene como objetivo principal el derecho humano al agua y al saneamiento.&nbsp;El activismo de Silva le ha generado la hostilidad de algunas personas, quienes la han amenazado y perseguido.<\/p>\n\n\n<div class=\"wp-block-image\">\n<figure class=\"aligncenter size-full\"><a href=\"https:\/\/redsemlac.com\/semmexico\/wp-content\/uploads\/2023\/09\/Imagen6-1.png\"><img loading=\"lazy\" decoding=\"async\" width=\"609\" height=\"407\" src=\"https:\/\/redsemlac.com\/semmexico\/wp-content\/uploads\/2023\/09\/Imagen6-1.png\" alt=\"\" class=\"wp-image-71070\"\/><\/a><\/figure>\n<\/div>\n\n\n<p class=\"wp-block-paragraph\">El encuentro tambi\u00e9n incluy\u00f3 trabajos grupales para visibilizar y reflexionar sobre las m\u00faltiples dominaciones: capitalista, patriarcal y colonial, que enfrentan las mujeres y las comunidades.&nbsp;<\/p>\n\n\n\n<p class=\"wp-block-paragraph\">En una de las sesiones hablaron de m\u00e9todos de autocuidado, bordaron y crearon poes\u00eda. Las defensoras del agua y el territorio se fortalecieron a\u00fan m\u00e1s.<\/p>\n","protected":false},"excerpt":{"rendered":"<p>Hablaron de persecuci\u00f3n y hostigamiento por defender la tierra<\/p>\n","protected":false},"author":3,"featured_media":71071,"comment_status":"open","ping_status":"open","sticky":false,"template":"","format":"standard","meta":{"_monsterinsights_skip_tracking":false,"footnotes":""},"categories":[700],"tags":[],"class_list":["post-71069","post","type-post","status-publish","format-standard","has-post-thumbnail","category-estados"],"_links":{"self":[{"href":"https:\/\/redsemlac.com\/semmexico\/wp-json\/wp\/v2\/posts\/71069","targetHints":{"allow":["GET"]}}],"collection":[{"href":"https:\/\/redsemlac.com\/semmexico\/wp-json\/wp\/v2\/posts"}],"about":[{"href":"https:\/\/redsemlac.com\/semmexico\/wp-json\/wp\/v2\/types\/post"}],"author":[{"embeddable":true,"href":"https:\/\/redsemlac.com\/semmexico\/wp-json\/wp\/v2\/users\/3"}],"replies":[{"embeddable":true,"href":"https:\/\/redsemlac.com\/semmexico\/wp-json\/wp\/v2\/comments?post=71069"}],"version-history":[{"count":0,"href":"https:\/\/redsemlac.com\/semmexico\/wp-json\/wp\/v2\/posts\/71069\/revisions"}],"wp:featuredmedia":[{"embeddable":true,"href":"https:\/\/redsemlac.com\/semmexico\/wp-json\/wp\/v2\/media\/71071"}],"wp:attachment":[{"href":"https:\/\/redsemlac.com\/semmexico\/wp-json\/wp\/v2\/media?parent=71069"}],"wp:term":[{"taxonomy":"category","embeddable":true,"href":"https:\/\/redsemlac.com\/semmexico\/wp-json\/wp\/v2\/categories?post=71069"},{"taxonomy":"post_tag","embeddable":true,"href":"https:\/\/redsemlac.com\/semmexico\/wp-json\/wp\/v2\/tags?post=71069"}],"curies":[{"name":"wp","href":"https:\/\/api.w.org\/{rel}","templated":true}]}}