{"id":70987,"date":"2023-09-06T16:49:49","date_gmt":"2023-09-06T22:49:49","guid":{"rendered":"https:\/\/redsemlac.com\/semmexico\/?p=70987"},"modified":"2023-09-06T16:49:49","modified_gmt":"2023-09-06T22:49:49","slug":"por-ser-mujer-y-ser-indigena-las-violencias-siguen-existiendo-yadira-del-mar","status":"publish","type":"post","link":"https:\/\/redsemlac.com\/semmexico\/por-ser-mujer-y-ser-indigena-las-violencias-siguen-existiendo-yadira-del-mar\/","title":{"rendered":"Por ser mujer y ser ind\u00edgena las violencias siguen existiendo: Yadira del Mar"},"content":{"rendered":"\n<ul class=\"wp-block-list\">\n<li><strong>La violencia obst\u00e9trica y la sexual las m\u00e1s recurrentes<\/strong><\/li>\n\n\n\n<li><strong>Las llamadas universidades interculturales cuando pudieran acceder a otras instituciones son una especie de guetto<\/strong><\/li>\n<\/ul>\n\n\n\n<p class=\"wp-block-paragraph\"><strong>Elda Montiel<\/strong><\/p>\n\n\n\n<p class=\"wp-block-paragraph\">SemM\u00e9xico, Ciudad de M\u00e9xico, 6 de septiembre, 2023.- Las violencias contra las mujeres ind\u00edgenas siguen siendo una realidad cotidiana a pesar de que est\u00e1n penadas por ley. Las principales violencias son las obst\u00e9tricas, las sexuales y recientemente, la denominada porno \u00e9tnica, la explotaci\u00f3n digital donde aparecen mujeres con trajes originarios.<\/p>\n\n\n\n<p class=\"wp-block-paragraph\">La maestra Yadira del Mar, ind\u00edgena zapoteca, soci\u00f3loga por la Universidad Aut\u00f3noma Metropolitana, e integrante de la Coordinadora Nacional de Mujeres Ind\u00edgenas (CONAMI), se\u00f1al\u00f3 que las mujeres ind\u00edgenas siguen sin tener acceso a los derechos b\u00e1sicos de salud y educaci\u00f3n, principalmente por la barrera de la lengua, por lo que no reciben atenci\u00f3n inmediata. &nbsp;<\/p>\n\n\n\n<p class=\"wp-block-paragraph\">En la conferencia \u201cMujeres Ind\u00edgenas y violencias\u201d en el Museo de la Mujer en el marco del D\u00eda de la Mujer Ind\u00edgena que se conmemora el 5 de septiembre, la acad\u00e9mica y representante ind\u00edgena llam\u00f3 a dejar de idealizar y romantizar lo que se vive en las comunidades ind\u00edgenas con el folclorismo y la artesan\u00eda.<\/p>\n\n\n\n<p class=\"wp-block-paragraph\">Tambi\u00e9n hizo un llamado a las y los acad\u00e9micos a preguntarse para qu\u00e9 realizan investigaciones de poblaciones ind\u00edgenas, qu\u00e9 aplicaci\u00f3n pueden tener, ya que las comunidades no son homog\u00e9neas tienen problem\u00e1ticas diferentes.<\/p>\n\n\n\n<p class=\"wp-block-paragraph\">Yadira del Mar quien tambi\u00e9n es escritora, se\u00f1al\u00f3 que est\u00e1n conscientes que tienen derechos a desarrollarse en igualdad de condiciones de acuerdo a la Ley General de Acceso a las Mujeres a una Vida Libre de Violencia, pero en la realidad cotidiana viven la discriminaci\u00f3n y violencia por ser mujeres e ind\u00edgenas.<\/p>\n\n\n\n<p class=\"wp-block-paragraph\">El 5 de septiembre, dijo se marc\u00f3 en el calendario en conmemoraci\u00f3n de la lucha de las mayoras desde el movimiento amplio de las mujeres ind\u00edgenas que desde hace 26 a\u00f1os iniciaron la defensa de sus derechos culturales, pol\u00edticos, a la salud, sexuales y reproductivos, a una vida libre de violencia, pero tambi\u00e9n se conmemora a las mujeres ind\u00edgenas j\u00f3venes y feministas.<\/p>\n\n\n\n<p class=\"wp-block-paragraph\">Se\u00f1al\u00f3 que la violencia a las mujeres ind\u00edgenas es muy particular porque tambi\u00e9n se les violenta en la comunidad y en las asambleas comunitarias, adem\u00e1s de padecer las violencias f\u00edsica, econ\u00f3mica, patrimonial, sexual, pol\u00edtica, entre otras.<\/p>\n\n\n\n<p class=\"wp-block-paragraph\">Del fen\u00f3meno porno \u00e9tnico en Chiapas enfatiz\u00f3 que es un nuevo fen\u00f3meno que trae la virtualidad, se le llama as\u00ed porque las mujeres aparecen con los trajes originarios de la comunidad tzeltal.<\/p>\n\n\n\n<p class=\"wp-block-paragraph\">Tambi\u00e9n mencion\u00f3 la agresi\u00f3n a mujeres mixtecas de Oaxaca en el chat de servidores p\u00fablicos, incluso ind\u00edgenas, que se burlaban de sus compa\u00f1eras con insultos mis\u00f3ginos.<\/p>\n\n\n\n<p class=\"wp-block-paragraph\">De la violencia obst\u00e9trica tambi\u00e9n refiri\u00f3 que es muy recurrente por que las mujeres ind\u00edgenas, aunque vayan casi en labor de parto a los centros de salud, despu\u00e9s de haber hecho un largo recorrido no son atendidas por la barrera de la lengua, como si no fuera visible que van en labor de parto.&nbsp;<\/p>\n\n\n\n<p class=\"wp-block-paragraph\">Demand\u00f3 pol\u00edticas diferenciadas en atenci\u00f3n obst\u00e9trica para las poblaciones ind\u00edgenas en Guerrero, Chiapas y Oaxaca para que ya no exista la discriminaci\u00f3n. De 1990 a 2015 han fallecido 29 mil 800 mujeres ind\u00edgenas por muerte materna.<\/p>\n\n\n\n<p class=\"wp-block-paragraph\">Al respecto, tambi\u00e9n mencion\u00f3 la criminalizaci\u00f3n a la parter\u00eda tradicional al ponerla en una jerarqu\u00eda menor a la medicina, que son necesarias por no tener un hospital cerca.<\/p>\n\n\n\n<p class=\"wp-block-paragraph\">Respecto a la educaci\u00f3n dijo que son muy cr\u00edticas con las llamadas universidades interculturales como si no pudieran acceder a otras instituciones superiores, lo sienten como una especie de guetto, \u201cpara eso tienen sus universidades\u201d, pero incluso ni los maestros son ind\u00edgenas, por lo que le quedan a deber en el tema de la inclusi\u00f3n.<\/p>\n\n\n\n<p class=\"wp-block-paragraph\">Tambi\u00e9n se refiri\u00f3 al analfabetismo y rezago ind\u00edgena y a la partici\u00f3n pol\u00edtica de las mujeres, pues en los m\u00e1s de 500 municipios de Oaxaca apenas el 15 por ciento cuentan con mujeres, sin contar las usurpaciones. &nbsp;&nbsp;<\/p>\n\n\n\n<p class=\"wp-block-paragraph\">Refiri\u00f3 a que la CONAMI, desde hace m\u00e1s de 26 a\u00f1os, lucha porque los derechos humanos sean reconocidos, respetados y validados espec\u00edficamente con base a nuestras necesidades como mujeres y cosmovisi\u00f3n.<\/p>\n\n\n\n<p class=\"wp-block-paragraph\">Por esa raz\u00f3n estamos en constante lucha, no solo en el \u00e1mbito p\u00fablico, sino tambi\u00e9n privado, en nuestros hogares, casas y espacios laborales para que nuestra autonom\u00eda territorial, decidir por nuestros cuerpos, vida y maternidad, por la autonom\u00eda econ\u00f3mica y salarial, la autonom\u00eda reproductiva, espiritual y por vivir una vida libre de violencias sean respetadas.<\/p>\n\n\n\n<p class=\"wp-block-paragraph\">En el CONAMI se estableci\u00f3 la \u201cEmergencia Comunitaria de G\u00e9nero\u201d para visibilizar las violencias contra mujeres ind\u00edgenas y entender la particularidad de estos hechos contra ellas y sus pueblos.<\/p>\n\n\n\n<p class=\"wp-block-paragraph\">Para reconocer las violencias contra mujeres ind\u00edgenas como el resultado de una concatenaci\u00f3n de condiciones hist\u00f3ricas y estructurales, y que no se pueden comprender por separado deben verse entrelazadas.<\/p>\n\n\n\n<p class=\"wp-block-paragraph\">Que se deben generar pol\u00edticas p\u00fablicas con pertinencia cultural para la erradicaci\u00f3n de las violencias.<\/p>\n\n\n\n<p class=\"wp-block-paragraph\">Promover el pluralismo jur\u00eddico y los principios, valores y pr\u00e1cticas de los pueblos originarios para la prevenci\u00f3n, protecci\u00f3n, acceso a la Justicia y reparaci\u00f3n del da\u00f1o y erradicaci\u00f3n de las violencias.<\/p>\n\n\n\n<p class=\"wp-block-paragraph\">Adem\u00e1s cuenta con un espacio virtual en Facebook en el cual las integrantes de Coordinadora Nacional de Mujeres Ind\u00edgenas comparten notas period\u00edsticas y denuncias p\u00fablicas sobre m\u00faltiples violencias que circulan en las redes.<\/p>\n","protected":false},"excerpt":{"rendered":"<p>La violencia obst\u00e9trica y la sexual las m\u00e1s recurrentes<\/p>\n","protected":false},"author":3,"featured_media":70988,"comment_status":"open","ping_status":"open","sticky":false,"template":"","format":"standard","meta":{"_monsterinsights_skip_tracking":false,"footnotes":""},"categories":[48],"tags":[149,142],"class_list":["post-70987","post","type-post","status-publish","format-standard","has-post-thumbnail","category-no-mas-impunidad-no-mas-impunidad","tag-mujeres","tag-violencia"],"_links":{"self":[{"href":"https:\/\/redsemlac.com\/semmexico\/wp-json\/wp\/v2\/posts\/70987","targetHints":{"allow":["GET"]}}],"collection":[{"href":"https:\/\/redsemlac.com\/semmexico\/wp-json\/wp\/v2\/posts"}],"about":[{"href":"https:\/\/redsemlac.com\/semmexico\/wp-json\/wp\/v2\/types\/post"}],"author":[{"embeddable":true,"href":"https:\/\/redsemlac.com\/semmexico\/wp-json\/wp\/v2\/users\/3"}],"replies":[{"embeddable":true,"href":"https:\/\/redsemlac.com\/semmexico\/wp-json\/wp\/v2\/comments?post=70987"}],"version-history":[{"count":0,"href":"https:\/\/redsemlac.com\/semmexico\/wp-json\/wp\/v2\/posts\/70987\/revisions"}],"wp:featuredmedia":[{"embeddable":true,"href":"https:\/\/redsemlac.com\/semmexico\/wp-json\/wp\/v2\/media\/70988"}],"wp:attachment":[{"href":"https:\/\/redsemlac.com\/semmexico\/wp-json\/wp\/v2\/media?parent=70987"}],"wp:term":[{"taxonomy":"category","embeddable":true,"href":"https:\/\/redsemlac.com\/semmexico\/wp-json\/wp\/v2\/categories?post=70987"},{"taxonomy":"post_tag","embeddable":true,"href":"https:\/\/redsemlac.com\/semmexico\/wp-json\/wp\/v2\/tags?post=70987"}],"curies":[{"name":"wp","href":"https:\/\/api.w.org\/{rel}","templated":true}]}}