{"id":70966,"date":"2023-09-06T14:11:29","date_gmt":"2023-09-06T20:11:29","guid":{"rendered":"https:\/\/redsemlac.com\/semmexico\/?p=70966"},"modified":"2023-09-06T14:11:30","modified_gmt":"2023-09-06T20:11:30","slug":"mujer-y-poder-el-agandalle-en-el-angel","status":"publish","type":"post","link":"https:\/\/redsemlac.com\/semmexico\/mujer-y-poder-el-agandalle-en-el-angel\/","title":{"rendered":"Mujer y poder| El Agandalle en el \u00c1ngel"},"content":{"rendered":"\n<p class=\"wp-block-paragraph\"><strong>Natalia Vidales de Bitterlin<\/strong><\/p>\n\n\n\n<p class=\"wp-block-paragraph\">SemM\u00e9xico, Hermosillo, Sonora, 6 de septiembre, 2023.- Por m\u00e1s que se trate de denostar la celebraci\u00f3n del domingo -organizada por el Frente Amplio por M\u00e9xico, pero tambi\u00e9n por la sociedad civil independiente- el hecho es que fue exitosa y para miles de participantes en todo el pa\u00eds, fue muy significativa.&nbsp;<\/p>\n\n\n\n<p class=\"wp-block-paragraph\">La esperanza que ha generado X\u00f3chitl G\u00e1lvez ha sido enorme y quienes trabajaron para que pudiera darse el desenlace esperado deseaban festejar el triunfo, su triunfo.<\/p>\n\n\n\n<p class=\"wp-block-paragraph\">&nbsp;Y lo hicieron, porque X\u00f3chitl recibi\u00f3 su constancia de coordinadora del FRENTE lo que la convierte en virtual candidata de la oposici\u00f3n\u2026con muy fuertes posibilidades de ganar.&nbsp;&nbsp;<\/p>\n\n\n\n<p class=\"wp-block-paragraph\">Pero\u2026<\/p>\n\n\n\n<p class=\"wp-block-paragraph\">Se valen las cr\u00edticas, por supuesto, y una de ellas s\u00ed es el agandalle de los partidos pol\u00edticos que ocuparon los primeros lugares en el \u00c1ngel para pintar su rayita y hacerse notar con sus camisetas rojas, amarillas o azules, que los identificaban y con ello volvieron un evento ciudadano\u2026en uno partidista, desafortunadamente. &nbsp;&nbsp;Y muy desagradable fue ver a los dirigentes en el templete con sus camisetas para que todos supieran de d\u00f3nde vienen (sobre todo Alejandro \u00a8Alito\u00a8 Moreno \u00a1quien hasta llev\u00f3 grabado su nombre!)<\/p>\n\n\n\n<p class=\"wp-block-paragraph\">Cae mal que no hayan advertido los coordinadores a los integrantes del FRENTE -ni los dirigentes hayan tenido la sensibilidad de respeto- que la celebraci\u00f3n era ciudadana porque el triunfo fue de ella, no de los partidos pol\u00edticos.&nbsp; Maravilloso hubiera sido ver el \u00c1ngel con una mancha blanca o rosa, el color distintivo de la Marea Rosa Ciudadana.<\/p>\n\n\n\n<p class=\"wp-block-paragraph\">Tendr\u00e1 que trabajar muy fuerte X\u00f3chitl para evitar que esto se repita pues, de continuarse ese camino de pugna entre los integrantes, el da\u00f1o -para ver quien logra m\u00e1s fuerza-&nbsp;&nbsp; puede ser fatal para el d\u00eda de las elecciones. &nbsp;&nbsp;<\/p>\n\n\n\n<p class=\"wp-block-paragraph\">Y eso definitivamente no ser\u00eda bueno para nadie. &nbsp;&nbsp;Se ha avanzado en la defensa de la democracia, pero no hay a\u00fan la fuerza necesaria, el camino est\u00e1 endeble y todos debemos de cuidarlo.<\/p>\n","protected":false},"excerpt":{"rendered":"<p>Por m\u00e1s que se trate de denostar la celebraci\u00f3n del domingo -organizada por el Frente Amplio por M\u00e9xico, pero tambi\u00e9n por la sociedad civil independiente- el hecho es que fue exitosa y para miles de participantes en todo el pa\u00eds, fue muy significativa.\u00a0<\/p>\n","protected":false},"author":3,"featured_media":29883,"comment_status":"open","ping_status":"open","sticky":false,"template":"","format":"standard","meta":{"_monsterinsights_skip_tracking":false,"footnotes":""},"categories":[100,72,35],"tags":[459],"class_list":["post-70966","post","type-post","status-publish","format-standard","has-post-thumbnail","category-mujer-y-poder","category-natalia-vidales","category-opinion","tag-opinion"],"_links":{"self":[{"href":"https:\/\/redsemlac.com\/semmexico\/wp-json\/wp\/v2\/posts\/70966","targetHints":{"allow":["GET"]}}],"collection":[{"href":"https:\/\/redsemlac.com\/semmexico\/wp-json\/wp\/v2\/posts"}],"about":[{"href":"https:\/\/redsemlac.com\/semmexico\/wp-json\/wp\/v2\/types\/post"}],"author":[{"embeddable":true,"href":"https:\/\/redsemlac.com\/semmexico\/wp-json\/wp\/v2\/users\/3"}],"replies":[{"embeddable":true,"href":"https:\/\/redsemlac.com\/semmexico\/wp-json\/wp\/v2\/comments?post=70966"}],"version-history":[{"count":0,"href":"https:\/\/redsemlac.com\/semmexico\/wp-json\/wp\/v2\/posts\/70966\/revisions"}],"wp:featuredmedia":[{"embeddable":true,"href":"https:\/\/redsemlac.com\/semmexico\/wp-json\/wp\/v2\/media\/29883"}],"wp:attachment":[{"href":"https:\/\/redsemlac.com\/semmexico\/wp-json\/wp\/v2\/media?parent=70966"}],"wp:term":[{"taxonomy":"category","embeddable":true,"href":"https:\/\/redsemlac.com\/semmexico\/wp-json\/wp\/v2\/categories?post=70966"},{"taxonomy":"post_tag","embeddable":true,"href":"https:\/\/redsemlac.com\/semmexico\/wp-json\/wp\/v2\/tags?post=70966"}],"curies":[{"name":"wp","href":"https:\/\/api.w.org\/{rel}","templated":true}]}}