{"id":70943,"date":"2023-09-05T13:35:12","date_gmt":"2023-09-05T19:35:12","guid":{"rendered":"https:\/\/redsemlac.com\/semmexico\/?p=70943"},"modified":"2023-09-05T13:35:13","modified_gmt":"2023-09-05T19:35:13","slug":"julieta-egurrola-va-por-otro-ariel-con-su-representacion-de-una-madre-buscadora","status":"publish","type":"post","link":"https:\/\/redsemlac.com\/semmexico\/julieta-egurrola-va-por-otro-ariel-con-su-representacion-de-una-madre-buscadora\/","title":{"rendered":"Julieta Egurrola va por otro Ariel con su representaci\u00f3n de una madre buscadora"},"content":{"rendered":"\n<ul class=\"wp-block-list\">\n<li><strong>\u201cTuve que echarme un clavado ah\u00ed, donde hay un dolor perenne, un dolor constante y un estado de \u00e1nimo; las violencias, secuestros, asesinatos y desapariciones\u201d.<\/strong><\/li>\n<\/ul>\n\n\n\n<ul class=\"wp-block-list\">\n<li><strong>En 2022 la actriz protagoniz\u00f3 <em>Ruido<\/em>, una cinta que actualmente es la producci\u00f3n mexicana m\u00e1s vista en Netflix, y una pel\u00edcula por la cual ha vuelto a ser nominada a dicho reconocimiento<\/strong><\/li>\n<\/ul>\n\n\n\n<p class=\"wp-block-paragraph\"><strong>Alejandro Castro*<\/strong><\/p>\n\n\n\n<p class=\"wp-block-paragraph\">SemM\u00e9xico\/El Sol de M\u00e9xico, Ciudad de M\u00e9xico, 5 de septiembre, 2023.- \u201cJulieta&nbsp;Egurrola&nbsp;es una mujer mexicana de&nbsp;70 a\u00f1os,&nbsp;actriz&nbsp;egresada del&nbsp;Centro Universitario de Teatro, con una carrera de 46 a\u00f1os\u2026 Pertenezco a la Compa\u00f1\u00eda Nacional de Teatro en la categor\u00eda de Actriz de N\u00famero\u2026 Soy madre de&nbsp;Natalia Berista\u00edn,&nbsp;directora de cine; madre de&nbsp;Pedro de Tavira,&nbsp;actor, y abuela de&nbsp;Jacinta y de Julia, hermana de Lorenzo y Ant\u00f3n\u2026 Y vivo en la ciudad de M\u00e9xico, soy chilanga\u201d.<\/p>\n\n\n\n<p class=\"wp-block-paragraph\">As\u00ed es como se presenta&nbsp;Julieta Egurrola,&nbsp;primer\u00edsima actriz mexicana que tiene en su haber m\u00e1s de 50 obras de teatro, m\u00e1s de 30 telenovelas y m\u00e1s de&nbsp;25 pel\u00edculas, siendo la m\u00e1s reciente&nbsp;<em>Ruido<\/em>,&nbsp;una producci\u00f3n de&nbsp;Netflix&nbsp;en la que da vida a Julia, una madre que busca desesperadamente a su hija desaparecida.<\/p>\n\n\n\n<p class=\"wp-block-paragraph\">Probablemente debido a la pertinencia y actualidad del tema, es que esta pel\u00edcula es actualmente la cinta mexicana m\u00e1s vista dentro de dicha plataforma&nbsp;de streaming, y una producci\u00f3n que a Julieta le ha dejado muchas satisfacciones, como la de haber sido nuevamente nominada al Ariel por su actuaci\u00f3n en la misma.<\/p>\n\n\n\n<p class=\"wp-block-paragraph\">Pero otro de los retos y satisfacciones que&nbsp;<em>Ruido<\/em>&nbsp;represent\u00f3 para ella, fue el de haber sido&nbsp;dirigida por su propia hija, Natalia Beristain, por lo que le preguntamos c\u00f3mo fue esa experiencia.<\/p>\n\n\n\n<p class=\"wp-block-paragraph\">\u201cBueno,&nbsp;tiene que ver con c\u00f3mo ha sido nuestra relaci\u00f3n,&nbsp;porque nos llevamos bien, nos queremos y ambas nos respetamos, nos admiramos\u2026 Y bueno pues, digamos que, independientemente mis a\u00f1os de actriz, pues uno siempre se pone a disposici\u00f3n del director o de la directora, as\u00ed que durante los primeros d\u00edas s\u00f3lo fue cuesti\u00f3n de dejar que todo fluyera, porque, adem\u00e1s, el peso de mi personaje era muy importante, ya que est\u00e1 en toda la pel\u00edcula y era una gran responsabilidad, por la energ\u00eda y la concentraci\u00f3n que se requer\u00eda\u2026&nbsp;No es muy com\u00fan que una directora dirija a su mam\u00e1 actriz, por lo menos aqu\u00ed en M\u00e9xico,&nbsp;aunque supongo que s\u00ed ha habido casos, pero eso es lo que lo hizo algo extraordinario para nuestro curr\u00edculum, por decirlo as\u00ed.<\/p>\n\n\n\n<figure class=\"wp-block-image size-full\"><a href=\"https:\/\/redsemlac.com\/semmexico\/wp-content\/uploads\/2023\/09\/Imagen2-1.png\"><img loading=\"lazy\" decoding=\"async\" width=\"789\" height=\"503\" src=\"https:\/\/redsemlac.com\/semmexico\/wp-content\/uploads\/2023\/09\/Imagen2-1.png\" alt=\"\" class=\"wp-image-70947\"\/><\/a><\/figure>\n\n\n\n<p class=\"wp-block-paragraph\">La actriz&nbsp;se muestra consciente de la responsabilidad que conlleva personificar a una madre buscadora, en un pa\u00eds que todos los d\u00edas ve a personas en esta situaci\u00f3n.<\/p>\n\n\n\n<p class=\"wp-block-paragraph\">\u201cMe di cuenta de que ten\u00eda que echarme un clavado ah\u00ed, donde hay un dolor perenne, un dolor constante y un estado de \u00e1nimo; desgraciadamente esta es una situaci\u00f3n que pasa en tantas tantas familias en este momento, por lo que es&nbsp;una gran herida nacional&nbsp;la que estamos viviendo con estas violencias, secuestros, asesinatos y desapariciones\u201d.<\/p>\n\n\n\n<h4 class=\"wp-block-heading\"><strong>Actualmente,\u00a0<em>Ruido<\/em>\u00a0es la pel\u00edcula mexicana m\u00e1s vista en Netflix, seguramente porque est\u00e1 tocando muchas fibras sensibles<\/strong><\/h4>\n\n\n\n<p class=\"wp-block-paragraph\">Pues s\u00ed, eso es a lo que queremos hacerle precisamente \u201cruido\u201d, ya que afortunadamente a trav\u00e9s de Netflix se puede ver la pel\u00edcula en 190 pa\u00edses, adem\u00e1s de que se proyect\u00f3 en la reci\u00e9n inaugurada&nbsp;Cineteca Nacional de las Artes, pero s\u00ed queremos invitar a m\u00e1s gente a que la vea si no ha podido hacerlo.<\/p>\n\n\n\n<figure class=\"wp-block-image size-full\"><a href=\"https:\/\/redsemlac.com\/semmexico\/wp-content\/uploads\/2023\/09\/Imagen3-1.png\"><img loading=\"lazy\" decoding=\"async\" width=\"763\" height=\"486\" src=\"https:\/\/redsemlac.com\/semmexico\/wp-content\/uploads\/2023\/09\/Imagen3-1.png\" alt=\"\" class=\"wp-image-70946\"\/><\/a><\/figure>\n\n\n\n<h4 class=\"wp-block-heading\"><strong>Y en este caso usted ir\u00eda por su segundo Ariel\u2026<\/strong><\/h4>\n\n\n\n<p class=\"wp-block-paragraph\">S\u00ed, el primero fue por la pel\u00edcula&nbsp;<em>Profundo carmes\u00ed,<\/em>&nbsp;una pel\u00edcula ya ic\u00f3nica, de&nbsp;Arturo Ripstein, donde gan\u00e9 el Ariel por mejor actuaci\u00f3n.<\/p>\n\n\n\n<h4 class=\"wp-block-heading\"><strong>\u00bfQu\u00e9 tan importantes son los premios para Julieta de Egurrola?<\/strong><\/h4>\n\n\n\n<p class=\"wp-block-paragraph\">Bueno, en el momento en que uno los recibe son important\u00edsimos, igual que los premios que tengo por las obras de teatro. A lo largo de la carrera uno agradece el reconocimiento, aunque personalmente pienso que cuando uno hace estos trabajos pues no los hace pensando en eso.<\/p>\n\n\n\n<figure class=\"wp-block-image size-full\"><a href=\"https:\/\/redsemlac.com\/semmexico\/wp-content\/uploads\/2023\/09\/Imagen4.png\"><img loading=\"lazy\" decoding=\"async\" width=\"827\" height=\"527\" src=\"https:\/\/redsemlac.com\/semmexico\/wp-content\/uploads\/2023\/09\/Imagen4.png\" alt=\"\" class=\"wp-image-70945\"\/><\/a><\/figure>\n\n\n\n<h4 class=\"wp-block-heading\"><strong>\u00bfCu\u00e1l ser\u00eda el papel que m\u00e1s satisfacciones le ha dado hasta el momento?<\/strong><\/h4>\n\n\n\n<p class=\"wp-block-paragraph\">Bueno, es que depende de la d\u00e9cada, porque hay obras de teatro o pel\u00edculas, incluso telenovelas que marcaron un antes y un despu\u00e9s dentro de mi carrera, cada una por distintas razones, pero en este momento puedo decir que&nbsp;Ruido, en particular porque hay mucho inter\u00e9s de parte de todo el equipo de hablar de esta situaci\u00f3n, porque aunque la pel\u00edcula ha sido muy exitosa, lo que quisi\u00e9ramos es abrir los ojos, que se escuche a todas esas familias, a todas esas madres buscadoras, que se les ayude y que se les haga justicia, eso es lo m\u00e1s importante, que no se puede decir que no hay desaparecidos en este pa\u00eds, por supuesto que los hay y sabemos que si la cifras oficiales son 110 mil, entonces en realidad deben ser por lo menos el doble\u2026 Esos son los otros datos que siempre nos manejan, sabemos que hay muchas cosas positivas que han hecho en estos cinco a\u00f1os, pero hay much\u00edsimo en lo que s\u00ed nos quedan a deber.<\/p>\n\n\n\n<figure class=\"wp-block-image size-full\"><a href=\"https:\/\/redsemlac.com\/semmexico\/wp-content\/uploads\/2023\/09\/Imagen5-1.png\"><img loading=\"lazy\" decoding=\"async\" width=\"830\" height=\"529\" src=\"https:\/\/redsemlac.com\/semmexico\/wp-content\/uploads\/2023\/09\/Imagen5-1.png\" alt=\"\" class=\"wp-image-70944\"\/><\/a><\/figure>\n\n\n\n<h4 class=\"wp-block-heading\"><strong>\u00bfY en la gesti\u00f3n cultural?<\/strong><\/h4>\n\n\n\n<p class=\"wp-block-paragraph\">Tambi\u00e9n, porque nos han dicho al grupo art\u00edstico del que me siento parte que no somos indispensables, que han sido muchos privilegios y que ya le tocan a otras artes o a otras expresiones, y pues no, no estamos de acuerdo todos los que vivimos de hacer teatro, de hacer \u00f3pera, danza, escultura, pintura, y bueno, ah\u00ed tambi\u00e9n entra el tema de qu\u00e9 entendemos por cultura y el hecho de que el Gobierno tiene otros intereses particulares y que no ve todo de manera general, lo vivimos en la pandemia, que se necesit\u00f3 tanta ayuda y no la hubo, adem\u00e1s de que tenemos un gran rezago en la educaci\u00f3n como lo estamos viendo ahora, pero ya\u2026 en eso no me meto.<\/p>\n\n\n\n<h4 class=\"wp-block-heading\"><strong>Para cerrar con un mejor sabor de boca, volvamos a su carrera, que ya es de casi medio siglo. \u00bfC\u00f3mo se siente al respecto?<\/strong><\/h4>\n\n\n\n<p class=\"wp-block-paragraph\">Pues mira, sobre todo lo que yo le agradezco a los dioses es que pueda seguir siendo actriz, que pueda seguir actuando y que sea la actuaci\u00f3n lo que me sigue llenando, porque este fue mi proyecto de vida desde que decid\u00ed estudiar teatro. Ahora cuando volteo para atr\u00e1s, pues veo que estuvieron ah\u00ed una gran cantidad de compa\u00f1eros, compa\u00f1eras y gente creativa que me acompa\u00f1\u00f3 para poder hacer las cosas que quer\u00eda hacer, y, sobre todo, te puedo decir que la mayor\u00eda de las cosas que he hecho han sido porque he querido y porque he estado con la gente que quiero estar.<\/p>\n\n\n\n<p class=\"wp-block-paragraph\">*@djconchaytoro<\/p>\n\n\n\n<p class=\"wp-block-paragraph\"><a href=\"https:\/\/editorsnation.com\/trending\/estos-son-los-famosos-mexicanos-del-pasado-que-aun-estan-vivos-y-disfrutando-sus-buenos-anos\" target=\"_blank\" rel=\"noreferrer noopener\"><\/a><\/p>\n","protected":false},"excerpt":{"rendered":"<p>\u201cTuve que echarme un clavado ah\u00ed, donde hay un dolor perenne, un dolor constante y un estado de \u00e1nimo; las violencias, secuestros, asesinatos y desapariciones\u201d.<\/p>\n","protected":false},"author":3,"featured_media":70948,"comment_status":"open","ping_status":"open","sticky":false,"template":"","format":"standard","meta":{"_monsterinsights_skip_tracking":false,"footnotes":""},"categories":[45,46],"tags":[149],"class_list":["post-70943","post","type-post","status-publish","format-standard","has-post-thumbnail","category-cultura","category-cultura-cultura","tag-mujeres"],"_links":{"self":[{"href":"https:\/\/redsemlac.com\/semmexico\/wp-json\/wp\/v2\/posts\/70943","targetHints":{"allow":["GET"]}}],"collection":[{"href":"https:\/\/redsemlac.com\/semmexico\/wp-json\/wp\/v2\/posts"}],"about":[{"href":"https:\/\/redsemlac.com\/semmexico\/wp-json\/wp\/v2\/types\/post"}],"author":[{"embeddable":true,"href":"https:\/\/redsemlac.com\/semmexico\/wp-json\/wp\/v2\/users\/3"}],"replies":[{"embeddable":true,"href":"https:\/\/redsemlac.com\/semmexico\/wp-json\/wp\/v2\/comments?post=70943"}],"version-history":[{"count":0,"href":"https:\/\/redsemlac.com\/semmexico\/wp-json\/wp\/v2\/posts\/70943\/revisions"}],"wp:featuredmedia":[{"embeddable":true,"href":"https:\/\/redsemlac.com\/semmexico\/wp-json\/wp\/v2\/media\/70948"}],"wp:attachment":[{"href":"https:\/\/redsemlac.com\/semmexico\/wp-json\/wp\/v2\/media?parent=70943"}],"wp:term":[{"taxonomy":"category","embeddable":true,"href":"https:\/\/redsemlac.com\/semmexico\/wp-json\/wp\/v2\/categories?post=70943"},{"taxonomy":"post_tag","embeddable":true,"href":"https:\/\/redsemlac.com\/semmexico\/wp-json\/wp\/v2\/tags?post=70943"}],"curies":[{"name":"wp","href":"https:\/\/api.w.org\/{rel}","templated":true}]}}