{"id":70889,"date":"2023-09-04T11:14:31","date_gmt":"2023-09-04T17:14:31","guid":{"rendered":"https:\/\/redsemlac.com\/semmexico\/?p=70889"},"modified":"2023-09-04T11:14:31","modified_gmt":"2023-09-04T17:14:31","slug":"vital-la-informacion-sobre-huerfanos-por-violencia-feminicida-en-el-pais-inai","status":"publish","type":"post","link":"https:\/\/redsemlac.com\/semmexico\/vital-la-informacion-sobre-huerfanos-por-violencia-feminicida-en-el-pais-inai\/","title":{"rendered":"Vital la informaci\u00f3n sobre hu\u00e9rfanos por violencia feminicida en el pa\u00eds: INAI"},"content":{"rendered":"\n<ul class=\"wp-block-list\">\n<li><strong>M\u00e9xico es uno de los 10 pa\u00edses con m\u00e1s menores hu\u00e9rfanos por feminicidios<\/strong><\/li>\n\n\n\n<li><strong>Desde 2019 se orden\u00f3 crear un censo detallado<\/strong><\/li>\n<\/ul>\n\n\n\n<p class=\"wp-block-paragraph\"><strong>Elda Montiel<\/strong><\/p>\n\n\n\n<p class=\"wp-block-paragraph\">SemM\u00e9xico, Ciudad de M\u00e9xico, 4 de septiembre 2023.- El Instituto Nacional de Transparencia, Acceso a la Informaci\u00f3n y Protecci\u00f3n de Datos Personales (INAI) instruy\u00f3 a la Secretar\u00eda Ejecutiva del Sistema Nacional para la Protecci\u00f3n Integral de Ni\u00f1as, Ni\u00f1os y Adolescentes (SIPINNA) entregar la informaci\u00f3n de los menores hu\u00e9rfanos por feminicidio en el pa\u00eds entre 2019 y 2023.<\/p>\n\n\n\n<p class=\"wp-block-paragraph\">La informaci\u00f3n es vital para conocer y evaluar las actividades del Estado en la protecci\u00f3n de las ni\u00f1as, ni\u00f1os y adolescentes que perdieron a sus madres por hechos violentos de g\u00e9nero, declaro la comisionada presidenta Ana Lilia Ibarra Cadena.<\/p>\n\n\n\n<p class=\"wp-block-paragraph\">El INAI resolvi\u00f3 a favor del particular que se inconform\u00f3 por la falta de entrega de la informaci\u00f3n requerida a la SIPINNA, que incluso le sugiri\u00f3 presentar la solicitud ante el Secretariado Ejecutivo del Sistema Nacional de Seguridad P\u00fablica (SESNSP).<\/p>\n\n\n\n<p class=\"wp-block-paragraph\">La SIPINNA debe entregar los informes, reportes y registros derivados del monitoreo trimestral de la identificaci\u00f3n de ni\u00f1as y ni\u00f1os en condici\u00f3n de orfandad por feminicidio, por parte de las fiscal\u00edas o procuradur\u00edas generales de justicia estatales, informaci\u00f3n contenida en carpetas de investigaci\u00f3n, entre 2019 y 2023. Adem\u00e1s, desde 2019 se orden\u00f3 crear el censo y no se hizo.<\/p>\n\n\n\n<figure class=\"wp-block-image size-full\"><a href=\"https:\/\/redsemlac.com\/semmexico\/wp-content\/uploads\/2023\/09\/Imagen10.png\"><img loading=\"lazy\" decoding=\"async\" width=\"814\" height=\"416\" src=\"https:\/\/redsemlac.com\/semmexico\/wp-content\/uploads\/2023\/09\/Imagen10.png\" alt=\"\" class=\"wp-image-70890\"\/><\/a><\/figure>\n\n\n\n<p class=\"wp-block-paragraph\">Reconocer la magnitud de esta problem\u00e1tica, es el primer paso para un cambio efectivo hacia la construcci\u00f3n de un sistema integral que incluya la recopilaci\u00f3n precisa de informaci\u00f3n y la implementaci\u00f3n de pol\u00edticas inclusivas, especialmente en pro de la ni\u00f1ez en condici\u00f3n de orfandad expres\u00f3 la comisionada presidenta.<\/p>\n\n\n\n<p class=\"wp-block-paragraph\">Detall\u00f3 que de acuerdo con la Comisi\u00f3n Econ\u00f3mica para Am\u00e9rica Latina y el Caribe (CEPAL), M\u00e9xico forma parte de los 10 pa\u00edses de Am\u00e9rica Latina en los que al menos 781 ni\u00f1as, ni\u00f1os y adolescentes perdieron a su madre a causa de un feminicidio durante 2021.<\/p>\n\n\n\n<p class=\"wp-block-paragraph\">Del 2018 a marzo del 2021 el Gobierno de M\u00e9xico hab\u00eda censado a 4 mil 966 menores de edad en orfandad por el asesinato de sus madres a manos de sus parejas o ex parejas, seg\u00fan datos de las fiscal\u00edas de los estados, recabados por la Comisi\u00f3n Nacional para Prevenir y Erradicar la Violencia contra las Mujeres.<\/p>\n\n\n\n<p class=\"wp-block-paragraph\">Detall\u00f3 la comisionada Ibarra Cadena que la publicidad de esta informaci\u00f3n es parte de las medidas para hacer frente a este problema, y resguardar a las v\u00edctimas indirectas atendiendo al inter\u00e9s superior del menor.<\/p>\n\n\n\n<p class=\"wp-block-paragraph\">Es indispensable contar con elementos para poder evaluar si las acciones hasta ahora implementadas son suficientes para atemperar el da\u00f1o causado y que en el futuro la infancia en M\u00e9xico no se vea forzada a enfrentar el ma\u00f1ana sin el amor y el respaldo que merece, expres\u00f3 la Comisionada Presidenta, Blanca Lilia Ibarra Cadena, al exponer el caso ante el Pleno.<\/p>\n\n\n\n<p class=\"wp-block-paragraph\">La SIPINNA manifest\u00f3 haber proporcionado un documento con el que atend\u00eda lo solicitado, empero, la persona solicitante se inconform\u00f3 por la falta de entrega de la informaci\u00f3n referida.<\/p>\n\n\n\n<p class=\"wp-block-paragraph\">En el an\u00e1lisis del caso, a cargo de la ponencia de la Comisionada Presidenta, Blanca Lilia Ibarra Cadena, se determin\u00f3 que, en t\u00e9rminos de la Ley General de los Derechos de Ni\u00f1as, Ni\u00f1os y Adolescentes, el sujeto obligado debe difundir los resultados de los trabajos que realice.<\/p>\n\n\n\n<p class=\"wp-block-paragraph\">Adem\u00e1s, se localiz\u00f3 el reporte \u201cLas V\u00edctimas Indirectas de Feminicidio en las Leyes de V\u00edctimas. El Caso de las Ni\u00f1as, Ni\u00f1os y Adolescentes\u201d, y que el propio SIPINNA present\u00f3 el Protocolo Nacional de Atenci\u00f3n Integral a Ni\u00f1as, Ni\u00f1os y Adolescentes en condici\u00f3n de Orfandad por Feminicidio, cuyo objetivo general es brindar elementos que orienten y faciliten el actuar del personal encargado de la protecci\u00f3n de los derechos de ni\u00f1as, ni\u00f1os y adolescentes en condici\u00f3n de orfandad por feminicidio.<\/p>\n\n\n\n<p class=\"wp-block-paragraph\">En su exposici\u00f3n, la Comisionada Presidenta del INAI record\u00f3 que, aunado a lo anterior, se localiz\u00f3 el \u201cPlan de Acci\u00f3n 2019-2024 de M\u00e9xico en la Alianza Global para Poner Fin a la Violencia Contra la Ni\u00f1ez\u201d, cuyo objetivo es articular las principales iniciativas y procesos gubernamentales en materia de prevenci\u00f3n, protecci\u00f3n, atenci\u00f3n y respuesta a la violencia en contra de ni\u00f1as, ni\u00f1os y adolescentes, siendo la Secretar\u00eda Ejecutiva del sujeto obligado quien funge como Secretar\u00eda T\u00e9cnica.<\/p>\n\n\n\n<p class=\"wp-block-paragraph\">Por unanimidad, el Pleno del INAI revoc\u00f3 la respuesta del SIPINNA y le instruy\u00f3 turnar la solicitud a todas las unidades administrativas competentes y realizar una b\u00fasqueda exhaustiva de la informaci\u00f3n solicitada.<\/p>\n","protected":false},"excerpt":{"rendered":"<p>M\u00e9xico es uno de los 10 pa\u00edses con m\u00e1s menores hu\u00e9rfanos por feminicidios<\/p>\n","protected":false},"author":3,"featured_media":70891,"comment_status":"open","ping_status":"open","sticky":false,"template":"","format":"standard","meta":{"_monsterinsights_skip_tracking":false,"footnotes":""},"categories":[703],"tags":[],"class_list":["post-70889","post","type-post","status-publish","format-standard","has-post-thumbnail","category-infancia"],"_links":{"self":[{"href":"https:\/\/redsemlac.com\/semmexico\/wp-json\/wp\/v2\/posts\/70889","targetHints":{"allow":["GET"]}}],"collection":[{"href":"https:\/\/redsemlac.com\/semmexico\/wp-json\/wp\/v2\/posts"}],"about":[{"href":"https:\/\/redsemlac.com\/semmexico\/wp-json\/wp\/v2\/types\/post"}],"author":[{"embeddable":true,"href":"https:\/\/redsemlac.com\/semmexico\/wp-json\/wp\/v2\/users\/3"}],"replies":[{"embeddable":true,"href":"https:\/\/redsemlac.com\/semmexico\/wp-json\/wp\/v2\/comments?post=70889"}],"version-history":[{"count":0,"href":"https:\/\/redsemlac.com\/semmexico\/wp-json\/wp\/v2\/posts\/70889\/revisions"}],"wp:featuredmedia":[{"embeddable":true,"href":"https:\/\/redsemlac.com\/semmexico\/wp-json\/wp\/v2\/media\/70891"}],"wp:attachment":[{"href":"https:\/\/redsemlac.com\/semmexico\/wp-json\/wp\/v2\/media?parent=70889"}],"wp:term":[{"taxonomy":"category","embeddable":true,"href":"https:\/\/redsemlac.com\/semmexico\/wp-json\/wp\/v2\/categories?post=70889"},{"taxonomy":"post_tag","embeddable":true,"href":"https:\/\/redsemlac.com\/semmexico\/wp-json\/wp\/v2\/tags?post=70889"}],"curies":[{"name":"wp","href":"https:\/\/api.w.org\/{rel}","templated":true}]}}