{"id":70883,"date":"2023-09-04T11:03:19","date_gmt":"2023-09-04T17:03:19","guid":{"rendered":"https:\/\/redsemlac.com\/semmexico\/?p=70883"},"modified":"2023-09-04T11:03:20","modified_gmt":"2023-09-04T17:03:20","slug":"exigen-garantizar-la-participacion-de-mujeres-indigenas-y-afros-en-proceso-electoral","status":"publish","type":"post","link":"https:\/\/redsemlac.com\/semmexico\/exigen-garantizar-la-participacion-de-mujeres-indigenas-y-afros-en-proceso-electoral\/","title":{"rendered":"Exigen garantizar la participaci\u00f3n de mujeres ind\u00edgenas y afros en proceso electoral"},"content":{"rendered":"\n<ul class=\"wp-block-list\">\n<li><strong>Colectivo de mujeres lideresas exigieron acatar los lineamientos del INE<\/strong><\/li>\n<\/ul>\n\n\n\n<ul class=\"wp-block-list\">\n<li><strong>Rechazaron la usurpaci\u00f3n de identidad, tras abusos para quitar a mujeres de sus espacios<\/strong><\/li>\n<\/ul>\n\n\n\n<p class=\"wp-block-paragraph\"><strong>Patricia Brise\u00f1o<\/strong><\/p>\n\n\n\n<p class=\"wp-block-paragraph\">SemM\u00e9xico, Oaxaca de Ju\u00e1rez, Oax., 4 de septiembre, 2023.- Activistas del Observatorio Estatal de Ciudadanas para la Participaci\u00f3n Pol\u00edtica de Mujeres Ind\u00edgenas y Afromexicanas en Oaxaca (Mujinaf) convocaron a las autoridades electorales y partidos&nbsp;pol\u00edticos, a garantizar la participaci\u00f3n de todas las ciudadanas, en cumplimiento a las leyes vigentes en&nbsp;la materia.<\/p>\n\n\n\n<p class=\"wp-block-paragraph\">A prop\u00f3sito del inicio del proceso electoral concurrente 2023-2024, el colectivo de mujeres lideresas de las diferentes regiones de la entidad exigieron acatar los lineamientos de auto adscripci\u00f3n calificada de las activistas afromexicanas&nbsp;y al mismo tiempo erradicar pr\u00e1cticas de usurpaci\u00f3n identitaria.<\/p>\n\n\n\n<p class=\"wp-block-paragraph\">Nelly Mart\u00ednez, Abigail Vasconcelos y Dyanda Herrera, representantes de Mujinaf presentaron a la prensa el posicionamiento de la organizaci\u00f3n feminista por&nbsp;impulsar la&nbsp;participaci\u00f3n de&nbsp;las mujeres ind\u00edgenas y&nbsp;afromexicanas en la vida pol\u00edtica de Oaxaca, \u201ccon la convicci\u00f3n de&nbsp;que esto tendr\u00e1 un impacto positivo en la sociedad en general\u201d.<\/p>\n\n\n\n<p class=\"wp-block-paragraph\">Seg\u00fan los acuerdos INE\/CG875\/2022 e INE\/CG870\/2022 relacionados con demarcaci\u00f3n territorial de los 300 distritos electorales del pa\u00eds, qued\u00f3 registrada la concentraci\u00f3n del 40 por ciento o m\u00e1s de poblaci\u00f3n ind\u00edgena y afromexicana en los 10&nbsp;distritos electorales federales uninominales del estado de Oaxaca.<\/p>\n\n\n\n<p class=\"wp-block-paragraph\">Como consecuencia &#8212; mencionaron&#8211; los partidos pol\u00edticos deben conocer los elementos para comprender la cultura ind\u00edgena y afroamericana, sus&nbsp;formas internas de gobierno y su auto organizaci\u00f3n, en particular, \u201cla importancia de la&nbsp;Asamblea General comunitaria, cosmovisi\u00f3n y sistema de cargos\u00bb.<\/p>\n\n\n\n<p class=\"wp-block-paragraph\">Dentro del mismo contexto, las integrantes del Observatorio reclamaron&nbsp;el respetar los lineamientos de auto adscripci\u00f3n calificada, \u201ctoda vez que las acciones afirmativas, han sido aprovechadas para&nbsp;violentar los derechos, y el Instituto Estatal Electoral y de Participaci\u00f3n Ciudadana de Oaxaca IEEPCO est\u00e1 obligado atender los lineamientos del Consejo General del INE\u201d, por lo que condenaron la usurpaci\u00f3n de la identidad.&nbsp;&nbsp;<\/p>\n","protected":false},"excerpt":{"rendered":"<p>Colectivo de mujeres lideresas exigieron acatar los lineamientos del INE<\/p>\n","protected":false},"author":3,"featured_media":70884,"comment_status":"open","ping_status":"open","sticky":false,"template":"","format":"standard","meta":{"_monsterinsights_skip_tracking":false,"footnotes":""},"categories":[700],"tags":[146],"class_list":["post-70883","post","type-post","status-publish","format-standard","has-post-thumbnail","category-estados","tag-oaxaca"],"_links":{"self":[{"href":"https:\/\/redsemlac.com\/semmexico\/wp-json\/wp\/v2\/posts\/70883","targetHints":{"allow":["GET"]}}],"collection":[{"href":"https:\/\/redsemlac.com\/semmexico\/wp-json\/wp\/v2\/posts"}],"about":[{"href":"https:\/\/redsemlac.com\/semmexico\/wp-json\/wp\/v2\/types\/post"}],"author":[{"embeddable":true,"href":"https:\/\/redsemlac.com\/semmexico\/wp-json\/wp\/v2\/users\/3"}],"replies":[{"embeddable":true,"href":"https:\/\/redsemlac.com\/semmexico\/wp-json\/wp\/v2\/comments?post=70883"}],"version-history":[{"count":0,"href":"https:\/\/redsemlac.com\/semmexico\/wp-json\/wp\/v2\/posts\/70883\/revisions"}],"wp:featuredmedia":[{"embeddable":true,"href":"https:\/\/redsemlac.com\/semmexico\/wp-json\/wp\/v2\/media\/70884"}],"wp:attachment":[{"href":"https:\/\/redsemlac.com\/semmexico\/wp-json\/wp\/v2\/media?parent=70883"}],"wp:term":[{"taxonomy":"category","embeddable":true,"href":"https:\/\/redsemlac.com\/semmexico\/wp-json\/wp\/v2\/categories?post=70883"},{"taxonomy":"post_tag","embeddable":true,"href":"https:\/\/redsemlac.com\/semmexico\/wp-json\/wp\/v2\/tags?post=70883"}],"curies":[{"name":"wp","href":"https:\/\/api.w.org\/{rel}","templated":true}]}}