{"id":70877,"date":"2023-09-04T10:53:29","date_gmt":"2023-09-04T16:53:29","guid":{"rendered":"https:\/\/redsemlac.com\/semmexico\/?p=70877"},"modified":"2023-09-04T10:53:29","modified_gmt":"2023-09-04T16:53:29","slug":"con-calenda-celebran-seguidores-de-xochitl-galvez-ruiz-en-oaxaca-uncion-como-virtual-candidata-de-la-presidencia-por-alianza-opositora","status":"publish","type":"post","link":"https:\/\/redsemlac.com\/semmexico\/con-calenda-celebran-seguidores-de-xochitl-galvez-ruiz-en-oaxaca-uncion-como-virtual-candidata-de-la-presidencia-por-alianza-opositora\/","title":{"rendered":"Con calenda celebran seguidores de X\u00f3chitl G\u00e1lvez Ru\u00edz en Oaxaca, unci\u00f3n como virtual candidata de la presidencia por alianza opositora"},"content":{"rendered":"\n<p class=\"wp-block-paragraph\"><strong>Patricia Brise\u00f1o<\/strong><\/p>\n\n\n\n<p class=\"wp-block-paragraph\">SemM\u00e9xico, Oaxaca de Ju\u00e1rez, Oax., 4 de septiembre, 2023.- En la capital de Oaxaca simpatizantes de la senadora X\u00f3chitl G\u00e1lvez Ruiz celebraron con una calenda la unci\u00f3n de la pol\u00edtica hidalguense como virtual candidata de la oposici\u00f3n a la presidencia de la Rep\u00fablica.&nbsp;<\/p>\n\n\n\n<p class=\"wp-block-paragraph\">Antes del mediod\u00eda, las personas se concentraron en el Parque Ju\u00e1rez para despu\u00e9s caminar en bloque al Jard\u00edn El Pa\u00f1uelito, a un costado del templo de Santo&nbsp;Domingo de Guzm\u00e1n donde vieron y escucharon con una pantalla gigante el discurso de la aspirante, apoyada por los partidos PAN, PRI y PRD, aglutinados en el Frente Amplio por M\u00e9xico (FAM), en la Ciudad de M\u00e9xico.&nbsp;<\/p>\n\n\n\n<p class=\"wp-block-paragraph\">\u201c\u00a1Pre-si-denta!\u201d \u201c\u00a1Pre-si-denta!\u201d, coreaban, mientras una banda&nbsp;de viento toc\u00f3 m\u00fasica regional, como es costumbre en las festividades locales.&nbsp;<\/p>\n\n\n\n<p class=\"wp-block-paragraph\">Los participantes en la caminata llevaron cartulinas con el nombre de Senadora, y otras que dec\u00edan: \u201cX\u00f3chitl Va\u201d, \u201cX\u00f3chitl se escribe con X de Xingona\u201d.&nbsp;<\/p>\n\n\n\n<figure class=\"wp-block-image size-full\"><a href=\"https:\/\/redsemlac.com\/semmexico\/wp-content\/uploads\/2023\/09\/OAXACA-2.png\"><img loading=\"lazy\" decoding=\"async\" width=\"785\" height=\"589\" src=\"https:\/\/redsemlac.com\/semmexico\/wp-content\/uploads\/2023\/09\/OAXACA-2.png\" alt=\"\" class=\"wp-image-70878\"\/><\/a><\/figure>\n\n\n\n<p class=\"wp-block-paragraph\">Al finalizar el evento, los representantes de las organizaciones civiles y de los partidos pol\u00edticos como la dirigente del PAN estatal, Perla Woolrich agradecieron la suma de esfuerzos y la asistencia a este encuentro, \u00abel primero, de muchos\u00bb, asent\u00f3.&nbsp;<\/p>\n","protected":false},"excerpt":{"rendered":"<p> En la capital de Oaxaca simpatizantes de la senadora X\u00f3chitl G\u00e1lvez Ruiz celebraron con una calenda la unci\u00f3n de la pol\u00edtica hidalguense como virtual candidata de la oposici\u00f3n a la presidencia de la Rep\u00fablica.\u00a0<\/p>\n","protected":false},"author":3,"featured_media":70879,"comment_status":"open","ping_status":"open","sticky":false,"template":"","format":"standard","meta":{"_monsterinsights_skip_tracking":false,"footnotes":""},"categories":[141],"tags":[228,146],"class_list":["post-70877","post","type-post","status-publish","format-standard","has-post-thumbnail","category-elecciones-2020-2021","tag-elecciones","tag-oaxaca"],"_links":{"self":[{"href":"https:\/\/redsemlac.com\/semmexico\/wp-json\/wp\/v2\/posts\/70877","targetHints":{"allow":["GET"]}}],"collection":[{"href":"https:\/\/redsemlac.com\/semmexico\/wp-json\/wp\/v2\/posts"}],"about":[{"href":"https:\/\/redsemlac.com\/semmexico\/wp-json\/wp\/v2\/types\/post"}],"author":[{"embeddable":true,"href":"https:\/\/redsemlac.com\/semmexico\/wp-json\/wp\/v2\/users\/3"}],"replies":[{"embeddable":true,"href":"https:\/\/redsemlac.com\/semmexico\/wp-json\/wp\/v2\/comments?post=70877"}],"version-history":[{"count":0,"href":"https:\/\/redsemlac.com\/semmexico\/wp-json\/wp\/v2\/posts\/70877\/revisions"}],"wp:featuredmedia":[{"embeddable":true,"href":"https:\/\/redsemlac.com\/semmexico\/wp-json\/wp\/v2\/media\/70879"}],"wp:attachment":[{"href":"https:\/\/redsemlac.com\/semmexico\/wp-json\/wp\/v2\/media?parent=70877"}],"wp:term":[{"taxonomy":"category","embeddable":true,"href":"https:\/\/redsemlac.com\/semmexico\/wp-json\/wp\/v2\/categories?post=70877"},{"taxonomy":"post_tag","embeddable":true,"href":"https:\/\/redsemlac.com\/semmexico\/wp-json\/wp\/v2\/tags?post=70877"}],"curies":[{"name":"wp","href":"https:\/\/api.w.org\/{rel}","templated":true}]}}