{"id":70800,"date":"2023-08-31T14:51:27","date_gmt":"2023-08-31T20:51:27","guid":{"rendered":"https:\/\/redsemlac.com\/semmexico\/?p=70800"},"modified":"2023-08-31T14:51:28","modified_gmt":"2023-08-31T20:51:28","slug":"teatro-y-migracion-la-frontera-me-cruzo-a-mi-una-obra-para-ver-en-cdmx","status":"publish","type":"post","link":"https:\/\/redsemlac.com\/semmexico\/teatro-y-migracion-la-frontera-me-cruzo-a-mi-una-obra-para-ver-en-cdmx\/","title":{"rendered":"Teatro y migraci\u00f3n: \u2018La frontera me cruz\u00f3 a m\u00ed\u2019, una obra para ver en CDMX"},"content":{"rendered":"\n<p class=\"has-small-font-size wp-block-paragraph\">Foto: Cortes\u00eda colectiva Teatro, Ternura y Efecto<\/p>\n\n\n\n<p class=\"wp-block-paragraph\">&nbsp;Paris Mart\u00ednez<\/p>\n\n\n\n<p class=\"wp-block-paragraph\">SemM\u00e9xico, Ciudad de M\u00e9xico, 31 de agosto, 2023.- Sobre el escenario, tal como ocurre en las arenas m\u00e1s all\u00e1 del r\u00edo Grande o en los matorrales m\u00e1s all\u00e1 del r\u00edo Suchiate, el camino por donde la gente pasa, con lo poco que le resta de esperanza a cuestas, est\u00e1 marcado con trozos de ropa.<\/p>\n\n\n\n<p class=\"wp-block-paragraph\">Jirones de blusas, de pantalones, de su\u00e9teres abandonados por las personas que migran en busca de otra vida, y que han sido trenzados en algo similar al hilo que ide\u00f3 Ariadna para salir del laberinto del Minotauro, aunque a diferencia de ese, lo que indica este cordel elaborado con ropa es la ruta para adentrarse todav\u00eda m\u00e1s en la incertidumbre.<\/p>\n\n\n\n<p class=\"wp-block-paragraph\">\u201cLa migraci\u00f3n es algo natural, biol\u00f3gico\u201d, explica Michelle N\u00fa\u00f1ez Vargas, integrante de la colectiva Teatro, Ternura y Efecto, \u201cpor eso nadie les dice a las aves \u2018por aqu\u00ed no puedes pasar\u2019 cuando van de un extremo a otro del planeta.<\/p>\n\n\n\n<p class=\"wp-block-paragraph\">\u201cPero con los seres humanos ocurre algo distinto: nosotros mismos decidimos ponernos esas barreras. Y cuando hablamos de migraci\u00f3n humana no solemos hablar de lo importante, hablamos sobre las cifras de gente que se mueve al a\u00f1o, pero no hablamos de sus historias, de lo que tienen que pasar antes, durante y despu\u00e9s del camino, porque migrar no se trata de despertarte un d\u00eda e irte del punto A al punto B, sino sobre todo de transitar procesos emocionales: lo dif\u00edcil no es atravesar la frontera, sino que la frontera no te atraviese.<\/p>\n\n\n\n<p class=\"wp-block-paragraph\">Son esos procesos emocionales los que se exploran en La frontera me cruz\u00f3 a m\u00ed, una obra de teatro documental que, con base en testimonios reales, recorre la idea de que no es la gente la que surca las fronteras, sino que son estas las que irrumpen de forma antinatural en los destinos de los pueblos, de las familias y de las personas.<\/p>\n\n\n\n<p class=\"wp-block-paragraph\">\u201cAbarcamos la migraci\u00f3n en general\u201d, a\u00f1ade Aisl\u00edn Bejarano Juvera, \u201ce intentamos hablar de lo doloroso que es el proceso, pero tambi\u00e9n de las personas que s\u00ed logran llegar a donde quieren, porque la realidad es as\u00ed, hay quienes llegan y quienes no llegan, y quer\u00edamos retratar esa diversidad de procesos.\u201c Como reflexi\u00f3n, proponemos la idea de que las barreras que ponemos entre nosotros podemos decidir tirarlas, solo hay que mirar a la persona de al lado, reconocer que la est\u00e1 pasando mal igual que t\u00fa, que nos estamos acompa\u00f1ando en este viaje y que podemos hacerlo juntas\u201d.<\/p>\n\n\n\n<figure class=\"wp-block-image size-full\"><a href=\"https:\/\/redsemlac.com\/semmexico\/wp-content\/uploads\/2023\/08\/obra-migracion-02.jpg\"><img loading=\"lazy\" decoding=\"async\" width=\"600\" height=\"600\" src=\"https:\/\/redsemlac.com\/semmexico\/wp-content\/uploads\/2023\/08\/obra-migracion-02.jpg\" alt=\"\" class=\"wp-image-70804\"\/><\/a><\/figure>\n\n\n\n<p class=\"wp-block-paragraph\">Foto: Cortes\u00eda colectiva Teatro, Ternura y Efecto<\/p>\n\n\n\n<p class=\"wp-block-paragraph\">El trabajo de la colectiva Teatro, Ternura y Efecto Teatro, Ternura y Efecto es una colectiva de artistas esc\u00e9nicas con un esquema horizontal de trabajo, en el que sus cuatro integrantes desarrollan la dramaturgia, dirigen y act\u00faan, desde una perspectiva feminista que impregna el escenario.<\/p>\n","protected":false},"excerpt":{"rendered":"<p>Sobre el escenario, tal como ocurre en las arenas m\u00e1s all\u00e1 del r\u00edo Grande o en los matorrales m\u00e1s all\u00e1 del r\u00edo Suchiate, el camino por donde la gente pasa, con lo poco que le resta de esperanza a cuestas, est\u00e1 marcado con trozos de ropa.<\/p>\n","protected":false},"author":3,"featured_media":70803,"comment_status":"open","ping_status":"open","sticky":false,"template":"","format":"standard","meta":{"_monsterinsights_skip_tracking":false,"footnotes":""},"categories":[45,46],"tags":[],"class_list":["post-70800","post","type-post","status-publish","format-standard","has-post-thumbnail","category-cultura","category-cultura-cultura"],"_links":{"self":[{"href":"https:\/\/redsemlac.com\/semmexico\/wp-json\/wp\/v2\/posts\/70800","targetHints":{"allow":["GET"]}}],"collection":[{"href":"https:\/\/redsemlac.com\/semmexico\/wp-json\/wp\/v2\/posts"}],"about":[{"href":"https:\/\/redsemlac.com\/semmexico\/wp-json\/wp\/v2\/types\/post"}],"author":[{"embeddable":true,"href":"https:\/\/redsemlac.com\/semmexico\/wp-json\/wp\/v2\/users\/3"}],"replies":[{"embeddable":true,"href":"https:\/\/redsemlac.com\/semmexico\/wp-json\/wp\/v2\/comments?post=70800"}],"version-history":[{"count":0,"href":"https:\/\/redsemlac.com\/semmexico\/wp-json\/wp\/v2\/posts\/70800\/revisions"}],"wp:featuredmedia":[{"embeddable":true,"href":"https:\/\/redsemlac.com\/semmexico\/wp-json\/wp\/v2\/media\/70803"}],"wp:attachment":[{"href":"https:\/\/redsemlac.com\/semmexico\/wp-json\/wp\/v2\/media?parent=70800"}],"wp:term":[{"taxonomy":"category","embeddable":true,"href":"https:\/\/redsemlac.com\/semmexico\/wp-json\/wp\/v2\/categories?post=70800"},{"taxonomy":"post_tag","embeddable":true,"href":"https:\/\/redsemlac.com\/semmexico\/wp-json\/wp\/v2\/tags?post=70800"}],"curies":[{"name":"wp","href":"https:\/\/api.w.org\/{rel}","templated":true}]}}