{"id":70791,"date":"2023-08-31T13:54:59","date_gmt":"2023-08-31T19:54:59","guid":{"rendered":"https:\/\/redsemlac.com\/semmexico\/?p=70791"},"modified":"2023-08-31T13:55:50","modified_gmt":"2023-08-31T19:55:50","slug":"nace-el-partido-mujer-en-oaxaca-encabezado-por-olivia-martinez-villalobos","status":"publish","type":"post","link":"https:\/\/redsemlac.com\/semmexico\/nace-el-partido-mujer-en-oaxaca-encabezado-por-olivia-martinez-villalobos\/","title":{"rendered":"Nace el partido \u00abMUJER\u201d en Oaxaca, encabezado por Olivia Mart\u00ednez Villalobos."},"content":{"rendered":"\n<p class=\"wp-block-paragraph\">Se llama as\u00ed solo por las siglas: Movimiento Unificador de J\u00f3venes en el Estado y sus Regiones, se suma a 10 partidos pol\u00edticos en la entidad<\/p>\n\n\n\n<p class=\"wp-block-paragraph\">Patricia Brise\u00f1o<\/p>\n\n\n\n<p class=\"wp-block-paragraph\">SemM\u00e9xico, Oaxaca, Oax., 31 de agosto, 2023.- El Instituto Estatal Electoral y de Participaci\u00f3n Ciudadana de Oaxaca (IEEPCO), otorg\u00f3 ayer el registro como partido pol\u00edtico local a la organizaci\u00f3n ciudadana denominada \u00abUnidad Oaxaque\u00f1a de Desarrollo Integral A.C\u00bb., bajo la denominaci\u00f3n de Movimiento Unificador de J\u00f3venes en el Estado y sus Regiones (MUJER), presidido por Olivia Mart\u00ednez Villalobos,<\/p>\n\n\n\n<p class=\"wp-block-paragraph\">En sesi\u00f3n extraordinaria, el \u00f3rgano electoral determin\u00f3 que el registro de este nuevo instituto pol\u00edtico \u2013und\u00e9cimo en el estado&#8211; surtir\u00e1&nbsp;efectos a partir de ma\u00f1ana viernes, uno de septiembre.<\/p>\n\n\n\n<p class=\"wp-block-paragraph\">Orden\u00f3 expedir el certificado correspondiente como partido pol\u00edtico local e inscribir su registro en el libro correspondiente, as\u00ed como la integraci\u00f3n de su \u00f3rgano directivo estatal.&nbsp;Tambi\u00e9n aprob\u00f3 los documentos b\u00e1sicos de este nuevo instituto pol\u00edtico estatal.<\/p>\n\n\n\n<figure class=\"wp-block-image size-large\"><a href=\"https:\/\/redsemlac.com\/semmexico\/wp-content\/uploads\/2023\/08\/partido-MUJER-02.jpg\"><img decoding=\"async\" src=\"https:\/\/redsemlac.com\/semmexico\/wp-content\/uploads\/2023\/08\/partido-MUJER-02-1024x683.jpg\" alt=\"\" class=\"wp-image-70792\"\/><\/a><\/figure>\n\n\n\n<p class=\"wp-block-paragraph\">En la misma sesi\u00f3n, los concejeros del Instituto aprobaron la redistribuci\u00f3n del financiamiento p\u00fablico local otorgado a los partidos pol\u00edticos acreditados y con registro vigente, para el sostenimiento de sus actividades ordinarias y espec\u00edficas en la parte proporcional del ejercicio fiscal 2023, a partir del 1 de septiembre pr\u00f3ximo, ante el registro del MUJER como nuevo instituto pol\u00edtico local.<\/p>\n\n\n\n<p class=\"wp-block-paragraph\">En el mismo orden aprob\u00f3 sus lineamientos de candidaturas independientes y candidaturas independientes ind\u00edgenas y afromexicanas, as\u00ed como el reglamento para la designaci\u00f3n, sustituci\u00f3n y remoci\u00f3n de las personas integrantes de los consejos distritales y municipales electorales.<\/p>\n\n\n\n<p class=\"wp-block-paragraph\">En seguida valid\u00f3 los lineamientos para la recepci\u00f3n, tr\u00e1mite, aprobaci\u00f3n y acreditaci\u00f3n de las solicitudes que se presenten para participar en la observaci\u00f3n electoral en el proceso electoral concurrente 2023-2024.<\/p>\n\n\n\n<p class=\"wp-block-paragraph\">Comit\u00e9 Ejecutivo Estatal de MUJER<\/p>\n\n\n\n<p class=\"wp-block-paragraph\">*Presidencia<\/p>\n\n\n\n<p class=\"wp-block-paragraph\">Olivia Mart\u00ednez Villalobos<\/p>\n\n\n\n<p class=\"wp-block-paragraph\">*Secretar\u00eda General<\/p>\n\n\n\n<p class=\"wp-block-paragraph\">Edilberto Pacheco Santiago<\/p>\n\n\n\n<p class=\"wp-block-paragraph\">*Secretar\u00eda de Organizaci\u00f3n<\/p>\n\n\n\n<p class=\"wp-block-paragraph\">Jos\u00e9 de la Cruz Cabrera Gallegos<\/p>\n","protected":false},"excerpt":{"rendered":"<p>Se llama as\u00ed solo por las siglas: Movimiento Unificador de J\u00f3venes en el Estado y sus Regiones, se suma a 10 partidos pol\u00edticos en la entidad<\/p>\n","protected":false},"author":3,"featured_media":70793,"comment_status":"open","ping_status":"open","sticky":false,"template":"","format":"standard","meta":{"_monsterinsights_skip_tracking":false,"footnotes":""},"categories":[141],"tags":[],"class_list":["post-70791","post","type-post","status-publish","format-standard","has-post-thumbnail","category-elecciones-2020-2021"],"_links":{"self":[{"href":"https:\/\/redsemlac.com\/semmexico\/wp-json\/wp\/v2\/posts\/70791","targetHints":{"allow":["GET"]}}],"collection":[{"href":"https:\/\/redsemlac.com\/semmexico\/wp-json\/wp\/v2\/posts"}],"about":[{"href":"https:\/\/redsemlac.com\/semmexico\/wp-json\/wp\/v2\/types\/post"}],"author":[{"embeddable":true,"href":"https:\/\/redsemlac.com\/semmexico\/wp-json\/wp\/v2\/users\/3"}],"replies":[{"embeddable":true,"href":"https:\/\/redsemlac.com\/semmexico\/wp-json\/wp\/v2\/comments?post=70791"}],"version-history":[{"count":0,"href":"https:\/\/redsemlac.com\/semmexico\/wp-json\/wp\/v2\/posts\/70791\/revisions"}],"wp:featuredmedia":[{"embeddable":true,"href":"https:\/\/redsemlac.com\/semmexico\/wp-json\/wp\/v2\/media\/70793"}],"wp:attachment":[{"href":"https:\/\/redsemlac.com\/semmexico\/wp-json\/wp\/v2\/media?parent=70791"}],"wp:term":[{"taxonomy":"category","embeddable":true,"href":"https:\/\/redsemlac.com\/semmexico\/wp-json\/wp\/v2\/categories?post=70791"},{"taxonomy":"post_tag","embeddable":true,"href":"https:\/\/redsemlac.com\/semmexico\/wp-json\/wp\/v2\/tags?post=70791"}],"curies":[{"name":"wp","href":"https:\/\/api.w.org\/{rel}","templated":true}]}}