{"id":7072,"date":"2019-04-08T22:23:44","date_gmt":"2019-04-08T22:23:44","guid":{"rendered":"https:\/\/redsemlac.com\/semmexico\/?p=7072"},"modified":"2023-07-21T14:48:14","modified_gmt":"2023-07-21T19:48:14","slug":"botella-al-mar-4","status":"publish","type":"post","link":"https:\/\/redsemlac.com\/semmexico\/botella-al-mar-4\/","title":{"rendered":"Botella al Mar"},"content":{"rendered":"\n<p class=\"wp-block-paragraph\">\u00a1Towanda!<\/p>\n\n\n\n<h5 class=\"wp-block-heading\"> El feminismo no va para atr\u00e1s<\/h5>\n\n\n\n<p class=\"wp-block-paragraph\"><a href=\"https:\/\/semmexico.com\/gallery-post.php?id=7840#\">Martha Canseco<\/a><\/p>\n\n\n\n<p class=\"wp-block-paragraph\">SemM\u00e9xico, 8 abril 2019.- Luego del comunicado oficial que enviaron los miembros de la banda mexicana Botellita de Jerez, respecto al suicidio de su compa\u00f1ero Armando Vega-Gil, me siento con la libertad de escribir sobre otro tema. El documento del grupo es muy sensato y lo que expresan y solicitan a sus seguidoras y seguidores, a\u00fan m\u00e1s. La estela de desaguisados que provoc\u00f3 \u00e9ste caso me produjo mucha inquietud, ahora al grito de \u00a1Towanda!, libre soy.<\/p>\n\n\n\n<p class=\"wp-block-paragraph\">\u00c9ste 10 de abril se cumplen 27 a\u00f1os, del estreno de una de las pel\u00edculas emblem\u00e1ticas del feminismo norteamericano, \u201cTomates Fritos Verdes\u201d, basada en la novela hom\u00f3nima de Fannie Flagg. Ustedes se preguntar\u00e1n, \u00bfpues qu\u00e9 tiene de especial?, en realidad muchas cosas.<\/p>\n\n\n\n<p class=\"wp-block-paragraph\">Para \u00e9stas nuevas generaciones, que dan todo por hecho, asentado y merecido, hacerles notar a las j\u00f3venes que las libertades de las que hoy gozan; millones y millones de mexicanas no las tuvimos a su misma edad, as\u00ed que \u00a1por favor, ni las desde\u00f1en ni las desperdicien!<\/p>\n\n\n\n<p class=\"wp-block-paragraph\">En 1992, el filme result\u00f3 totalmente vanguardista, se habla ah\u00ed de la amistad entre mujeres (llamada ahora sororidad), cuando en general el cine de la \u00e9poca apostaba a reproducir el estereotipo repetido hasta la n\u00e1usea de la rivalidad y enemistad entre mujeres, que cabe se\u00f1alar es y ha sido una estrategia del sistema para mantenerse inc\u00f3lume. Bien dice el dicho \u00a1divide y vencer\u00e1s!<\/p>\n\n\n\n<p class=\"wp-block-paragraph\">Hay tambi\u00e9n una historia de lesbianismo \u00a1con final feliz!, antes de \u00e9sta, siempre alguna de ellas se mor\u00eda o recib\u00eda el castigo divino. As\u00ed es j\u00f3venes hace apenas 27 a\u00f1os los derechos de la comunidad LGBTTI, no estaban en el centro del debate, \u00a1vamos los derechos humanos en general no eran una preocupaci\u00f3n como ahora lo son!<\/p>\n\n\n\n<p class=\"wp-block-paragraph\">Fascinante la manera en que en el filme se retrata el efecto que tiene en una mujer com\u00fan el incipiente feminismo que apenas se iba abriendo espacio en la cultura norteamericana.<\/p>\n\n\n\n<p class=\"wp-block-paragraph\">Claro, ahora es tema de inter\u00e9s y estudio, literal, el feminismo se ha profesionalizado, pero en \u00e9se tiempo se hac\u00eda m\u00e1s que nada con mucha intuici\u00f3n y muy buena voluntad. Por eso la escena en que Evelyn se re\u00fane por primera ocasi\u00f3n con un grupo de mujeres quienes le piden que se mire con un espejo la vulva, es tan relevante.<\/p>\n\n\n\n<p class=\"wp-block-paragraph\">Las feministas de los setentas y ochentas intu\u00edan, y con mucha raz\u00f3n, que la liberaci\u00f3n de las mujeres iniciaba con la apropiaci\u00f3n del cuerpo y la sexualidad porque eso fue lo primero que coloniz\u00f3 el sistema patriarcal.<\/p>\n\n\n\n<p class=\"wp-block-paragraph\">H\u00e1bil como siempre, el sistema ha retomado \u00e9sta bandera del feminismo y ha convencido, sobre todo a trav\u00e9s de los medios de comunicaci\u00f3n y a las mujeres j\u00f3venes, de que tener muchas relaciones sexuales y acceder a cualquier t\u00e9cnica sexual, las libera, cuando en realidad los que siguen disfrutando del placer son los hombres, porque s\u00ed el sexo oral y anal, fuera de aqu\u00ed para all\u00e1 y de all\u00e1 para ac\u00e1, otro gallo cantar\u00eda.<\/p>\n\n\n\n<p class=\"wp-block-paragraph\">As\u00ed entonces ahora, la idea completa ser\u00eda que la liberaci\u00f3n de las mujeres inicia con la apropiaci\u00f3n de su cuerpo, su sexualidad y su placer.<\/p>\n\n\n\n<p class=\"wp-block-paragraph\">La personaja Evelyn, inicia su empoderamiento personal al grito de \u00a1Towanda!, que \u00e9sa siga siendo nuestra proclama, porque el feminismo \u00a1no va para atr\u00e1s!<\/p>\n\n\n\n<p class=\"wp-block-paragraph\">Por cierto, acabo de probar por primera ocasi\u00f3n los tomates fritos verdes.<\/p>\n\n\n\n<p class=\"wp-block-paragraph\"><em>botellalmar2017@gmail.com<\/em><\/p>\n","protected":false},"excerpt":{"rendered":"<p>\u00a1Towanda! El feminismo no va para atr\u00e1s Martha Canseco SemM\u00e9xico, 8 abril 2019.- Luego del comunicado oficial que enviaron los miembros de la banda mexicana Botellita de Jerez, respecto al suicidio de su compa\u00f1ero Armando Vega-Gil, me siento con la libertad de escribir sobre otro tema. El documento del grupo es muy sensato y lo [&hellip;]<\/p>\n","protected":false},"author":3,"featured_media":7055,"comment_status":"open","ping_status":"open","sticky":false,"template":"","format":"standard","meta":{"_monsterinsights_skip_tracking":false,"footnotes":""},"categories":[690,98,84,35],"tags":[],"class_list":["post-7072","post","type-post","status-publish","format-standard","has-post-thumbnail","category-690","category-botella-al-mar","category-martha-canseco","category-opinion"],"_links":{"self":[{"href":"https:\/\/redsemlac.com\/semmexico\/wp-json\/wp\/v2\/posts\/7072","targetHints":{"allow":["GET"]}}],"collection":[{"href":"https:\/\/redsemlac.com\/semmexico\/wp-json\/wp\/v2\/posts"}],"about":[{"href":"https:\/\/redsemlac.com\/semmexico\/wp-json\/wp\/v2\/types\/post"}],"author":[{"embeddable":true,"href":"https:\/\/redsemlac.com\/semmexico\/wp-json\/wp\/v2\/users\/3"}],"replies":[{"embeddable":true,"href":"https:\/\/redsemlac.com\/semmexico\/wp-json\/wp\/v2\/comments?post=7072"}],"version-history":[{"count":0,"href":"https:\/\/redsemlac.com\/semmexico\/wp-json\/wp\/v2\/posts\/7072\/revisions"}],"wp:featuredmedia":[{"embeddable":true,"href":"https:\/\/redsemlac.com\/semmexico\/wp-json\/wp\/v2\/media\/7055"}],"wp:attachment":[{"href":"https:\/\/redsemlac.com\/semmexico\/wp-json\/wp\/v2\/media?parent=7072"}],"wp:term":[{"taxonomy":"category","embeddable":true,"href":"https:\/\/redsemlac.com\/semmexico\/wp-json\/wp\/v2\/categories?post=7072"},{"taxonomy":"post_tag","embeddable":true,"href":"https:\/\/redsemlac.com\/semmexico\/wp-json\/wp\/v2\/tags?post=7072"}],"curies":[{"name":"wp","href":"https:\/\/api.w.org\/{rel}","templated":true}]}}