{"id":7067,"date":"2019-04-05T22:23:22","date_gmt":"2019-04-05T22:23:22","guid":{"rendered":"https:\/\/redsemlac.com\/semmexico\/?p=7067"},"modified":"2023-07-21T14:47:43","modified_gmt":"2023-07-21T19:47:43","slug":"los-refugios-son-evaluados-de-acuerdo-a-la-calidad-de-su-funcionamiento-aquellos-que-funcionaban-mal-les-retiran-el-subsidio","status":"publish","type":"post","link":"https:\/\/redsemlac.com\/semmexico\/los-refugios-son-evaluados-de-acuerdo-a-la-calidad-de-su-funcionamiento-aquellos-que-funcionaban-mal-les-retiran-el-subsidio\/","title":{"rendered":"Los refugios son evaluados de acuerdo a la calidad de su funcionamiento, aquellos que funcionaban mal, les retiran el subsidio."},"content":{"rendered":"\n<p class=\"wp-block-paragraph\"><a href=\"https:\/\/www.semmexico.com\/gallery-post.php?id=7396#\">Josefina Aguilar Pastor,<\/a><\/p>\n\n\n\n<p class=\"wp-block-paragraph\">SemM\u00e9xico. Chilpancingo, Guerrero. 5 de marzo de 2019.- El refugio&nbsp;para Mujeres V\u00edctimas de Violencia Extrema del Estado de Guerrero, no ser\u00e1 cerrado, cuenta con financiamiento estatal, inform\u00f3 Mayra Mart\u00ednez Pineda, titular de la Secretar\u00eda de la Mujer, dependencia que concursar\u00e1 por recursos federales.<\/p>\n\n\n\n<p class=\"wp-block-paragraph\">Ante el anuncio de parte del presidente de la Rep\u00fablica,&nbsp;&nbsp;de retirar el subsidio federal para el funcionamiento de refugios para mujeres v\u00edctimas de violencia&nbsp;&nbsp;en el pa\u00eds, y de que \u00e9ste llegar\u00e1 de manera directa a las afectadas, la funcionaria estatal dijo que en el caso de Guerrero, el refugio que aqu\u00ed funciona, no cerrar\u00e1, pues no solo opera con recursos federales, sino tambi\u00e9n con contribuci\u00f3n estatal.<\/p>\n\n\n\n<p class=\"wp-block-paragraph\">Los refugios son evaluados de acuerdo a la calidad de su funcionamiento, aquellos que funcionaban mal, les retiran el subsidio. En el caso de Guerrero,&nbsp;&nbsp;luego de las denuncias de violencia institucional por parte de la directora hacia algunas usuarias, provoc\u00f3 su reestructuraci\u00f3n, mejoramiento en la infraestructura y por supuesto, de la destituci\u00f3n de la entonces titular, por lo que&nbsp;el centro est\u00e1 listo para recibir a las mujeres que lo necesitendijo Mart\u00ednez Pineda.<\/p>\n\n\n\n<p class=\"wp-block-paragraph\">La Secretar\u00eda de Salud emiti\u00f3 una convocatoria igual a la del a\u00f1o pasado, para subsidiar los refugios en el pa\u00eds, posteriormente anunci\u00f3 que se suspend\u00eda, pero volvi\u00f3 a abrir en el portal, por lo que la Semujer se encuentra en la integraci\u00f3n de la documentaci\u00f3n para concursar por los fondos p\u00fablicos, y conf\u00eda en obtenerlos.<\/p>\n\n\n\n<p class=\"wp-block-paragraph\"><strong>Los refugios deber\u00edan ser operados por la federaci\u00f3n<em>.<\/em><\/strong><\/p>\n\n\n\n<p class=\"wp-block-paragraph\">Viridiana Guti\u00e9rrez Sotelo, del Observatorio Ciudadano Nacional del Feminicidio, subray\u00f3 la importancia del funcionamiento de los refugios para la atenci\u00f3n de mujeres sus hijos e hijas que tienen riesgo de su vida.<\/p>\n\n\n\n<p class=\"wp-block-paragraph\"><br>Desde su punto de vista, consider\u00f3 necesario que sea la federaci\u00f3n la que opere los refugios y se eviten situaciones de violencia institucional como la que se dio en el de Guerrero,&nbsp;&nbsp;\u201ccreemos que est\u00e1 bien que la federaci\u00f3n tome el refugio que eso mejores, que capacite, contrate a personal sin distinci\u00f3n partidista, profesional, capaz de dar respuesta a la problem\u00e1tica de las violencias que se vive en Guerrero\u201d.<\/p>\n\n\n\n<p class=\"wp-block-paragraph\">Los 62 homicidios dolosos de mujeres que hasta el momento se han registrado en la entidad en lo que va de este 2019, son un indicador de la violencia feminicida que se ha ense\u00f1oreado en la entidad, de la cual no se hace cargo el Estado ni los municipios, denunci\u00f3 la activista.&nbsp;<br><\/p>\n","protected":false},"excerpt":{"rendered":"<p>Josefina Aguilar Pastor, SemM\u00e9xico. Chilpancingo, Guerrero. 5 de marzo de 2019.- El refugio&nbsp;para Mujeres V\u00edctimas de Violencia Extrema del Estado de Guerrero, no ser\u00e1 cerrado, cuenta con financiamiento estatal, inform\u00f3 Mayra Mart\u00ednez Pineda, titular de la Secretar\u00eda de la Mujer, dependencia que concursar\u00e1 por recursos federales. Ante el anuncio de parte del presidente de la [&hellip;]<\/p>\n","protected":false},"author":3,"featured_media":7069,"comment_status":"open","ping_status":"open","sticky":false,"template":"","format":"standard","meta":{"_monsterinsights_skip_tracking":false,"footnotes":""},"categories":[690,51],"tags":[],"class_list":["post-7067","post","type-post","status-publish","format-standard","has-post-thumbnail","category-690","category-ejecutivo"],"_links":{"self":[{"href":"https:\/\/redsemlac.com\/semmexico\/wp-json\/wp\/v2\/posts\/7067","targetHints":{"allow":["GET"]}}],"collection":[{"href":"https:\/\/redsemlac.com\/semmexico\/wp-json\/wp\/v2\/posts"}],"about":[{"href":"https:\/\/redsemlac.com\/semmexico\/wp-json\/wp\/v2\/types\/post"}],"author":[{"embeddable":true,"href":"https:\/\/redsemlac.com\/semmexico\/wp-json\/wp\/v2\/users\/3"}],"replies":[{"embeddable":true,"href":"https:\/\/redsemlac.com\/semmexico\/wp-json\/wp\/v2\/comments?post=7067"}],"version-history":[{"count":0,"href":"https:\/\/redsemlac.com\/semmexico\/wp-json\/wp\/v2\/posts\/7067\/revisions"}],"wp:featuredmedia":[{"embeddable":true,"href":"https:\/\/redsemlac.com\/semmexico\/wp-json\/wp\/v2\/media\/7069"}],"wp:attachment":[{"href":"https:\/\/redsemlac.com\/semmexico\/wp-json\/wp\/v2\/media?parent=7067"}],"wp:term":[{"taxonomy":"category","embeddable":true,"href":"https:\/\/redsemlac.com\/semmexico\/wp-json\/wp\/v2\/categories?post=7067"},{"taxonomy":"post_tag","embeddable":true,"href":"https:\/\/redsemlac.com\/semmexico\/wp-json\/wp\/v2\/tags?post=7067"}],"curies":[{"name":"wp","href":"https:\/\/api.w.org\/{rel}","templated":true}]}}