{"id":7066,"date":"2019-04-15T22:21:54","date_gmt":"2019-04-15T22:21:54","guid":{"rendered":"https:\/\/redsemlac.com\/semmexico\/?p=7066"},"modified":"2023-07-21T14:48:11","modified_gmt":"2023-07-21T19:48:11","slug":"botella-a-mar","status":"publish","type":"post","link":"https:\/\/redsemlac.com\/semmexico\/botella-a-mar\/","title":{"rendered":"Botella a Mar"},"content":{"rendered":"\n<p class=\"wp-block-paragraph\">\u201cHomo Luzonensis\u201d<\/p>\n\n\n\n<h5 class=\"wp-block-heading\"> \u201cAsaelius Erectus\u201d<\/h5>\n\n\n\n<p class=\"wp-block-paragraph\"><a href=\"https:\/\/semmexico.com\/gallery-post.php?id=7895#\">Martha Canseco<\/a><\/p>\n\n\n\n<p class=\"wp-block-paragraph\">SemM\u00e9xico, 15 abril 2019.- Queridas y queridos lectores, no se s\u00ed est\u00e1n al tanto de las \u00faltimas noticias, pero \u00e9sta columna es para informarles que en las Filipinas acaban de descubrir una nueva especie humana, dicen que tendr\u00eda sesenta mil a\u00f1os de antig\u00fcedad, \u00a1\u201cEl Homo Luzonensis\u201d! le pusieron as\u00ed porque fue localizado en la isla de Luz\u00f3n, en \u00e9se pa\u00eds asi\u00e1tico.<\/p>\n\n\n\n<p class=\"wp-block-paragraph\">\u00a1Qu\u00e9 mala onda somos las y los hidalguenses!, habr\u00edamos de decirles a las y los antrop\u00f3logos que se fueron hasta el otro lado del mundo a buscar a una nueva especie primitiva y enana de ser humano, \u00a1que no hay que ir tan lejos!, que nada m\u00e1s ten\u00edan que venir aqu\u00ed a Pachuca, Hidalgo, para encontrarse con una nueva, sub-especie humana, de nombren \u201cAsaelius Erectus\u201d.<\/p>\n\n\n\n<p class=\"wp-block-paragraph\">\u00a1Y que adem\u00e1s es diputado del Honorable Congreso de Hidalgo!<\/p>\n\n\n\n<p class=\"wp-block-paragraph\">\u00a1Eso s\u00ed que es avance, no\u2026!<\/p>\n\n\n\n<p class=\"wp-block-paragraph\">As\u00ed es, Asael Hern\u00e1ndez Cer\u00f3n y sus porristas, vulgo, sus compa\u00f1eras de bancada panista presentaron una iniciativa que pretende regresarnos a las mujeres hidalguenses \u00a1a la caverna!, de donde, estima el representante popular, \u00a1Nunca debimos de haber salido!<\/p>\n\n\n\n<p class=\"wp-block-paragraph\">Estos \u201cque dicen que nos representan\u201d, se han pasado por el arco del triunfo, decenas de a\u00f1os de lucha de las hidalguenses porque sus derechos, \u00a1que tambi\u00e9n son derechos humanos! sean respetados.<\/p>\n\n\n\n<p class=\"wp-block-paragraph\">Ha sido una lucha soterrada, sorda, cotidiana, que nos tiene agotadas, \u00a1pero no vencidas! Y \u00e9ste \u201cFif\u00ed\u201d, pretende venir a decirnos c\u00f3mo debemos de ser las mujeres y a qu\u00e9 debemos responder \u00a1como aut\u00f3matas! As\u00ed es, Asael quiere legislar desde su privilegio masculino.<\/p>\n\n\n\n<p class=\"wp-block-paragraph\">Primero: Las normas del Congreso de Hidalgo se\u00f1alan, que las y los diputados representan a todas y todos, deben legislar en consecuencia y para eso han de dejar a un lado sus preferencias y sus credos. En resumen, ni el diputado del PAN, ni sus compa\u00f1eras, me representan, \u00a1Abjuro y les desconozco como mis representantes!<\/p>\n\n\n\n<p class=\"wp-block-paragraph\">Segundo: Vivimos y nos regimos por un Estado Laico, \u00a1nos cost\u00f3 una guerra, la de Reforma!, lograr que la iglesia cat\u00f3lica y dem\u00e1s confesiones dejaran de meter sus narizotas en los asuntos del Estado!&nbsp; \u00a1Al C\u00e9sar lo que es del C\u00e9sar y a Dios, lo que es de Dios!; No podemos ni debemos permitir que una vez m\u00e1s la iglesia cat\u00f3lica quiera, en la persona de un diputado, imponer sus retr\u00f3gradas creencias, aunque traigan camionadas y camionadas de borregas y borregos, aunque inunden las redes de comentarios en contra de la decisi\u00f3n de las mujeres.<\/p>\n\n\n\n<p class=\"wp-block-paragraph\">\u00a1Qu\u00e9 calidad moral tiene la iglesia para pretender decirnos a las hidalguenses qu\u00e9 y c\u00f3mo hemos de vivir!<\/p>\n\n\n\n<p class=\"wp-block-paragraph\">Les propongo un trato a los jerarcas de \u00e9ste credo: \u00a1Cu\u00e1ndo curas, arzobispos y obispos dejen de violar a ni\u00f1as, ni\u00f1os, adolescentes y mujeres en todo el mundo! \u00a1Cu\u00e1ndo quienes lo han hecho reciban un ejemplar castigo por parte de las leyes civiles! \u00a1Cu\u00e1ndo permitan a sus miembros hablar y aceptar su verdadera orientaci\u00f3n sexual y cuando ustedes renuncien a sus privilegios econ\u00f3micos, pol\u00edticos, sociales y culturales, \u00e9se d\u00eda; dejo de luchar por los derechos de las mujeres!<\/p>\n\n\n\n<p class=\"wp-block-paragraph\">Tercero: En todo \u00e9ste di\u00e1logo, se est\u00e1 dejando de lado, \u00a1c\u00f3mo siempre! la responsabilidad de la otra parte de la ecuaci\u00f3n en un embarazo. \u00a1Las mujeres no nos embarazamos solas! \u00a1Virgen Mar\u00eda s\u00f3lo hubo una, no habr\u00e1 jam\u00e1s otra, para crear un beb\u00e9 se necesitan dos!<\/p>\n\n\n\n<p class=\"wp-block-paragraph\">Pensemos en un hombre sano de 17 a\u00f1os, \u00bfsabe usted cu\u00e1ntos espermatozoides expulsa durante una eyaculaci\u00f3n? \u00a1MILLONES, MILLONES! \u00a1Millones y millones de posibilidades de embarazar a una mujer!<\/p>\n\n\n\n<p class=\"wp-block-paragraph\">Piense, \u00bfa cu\u00e1ntas mujeres un hombre sano puede embarazar en un a\u00f1o?, \u00bfle parecen bien 365? Ahora reflexione \u00bfCu\u00e1ntas veces una mujer puede quedar embarazada en un a\u00f1o? Respuesta: \u00a1UNA!<\/p>\n\n\n\n<p class=\"wp-block-paragraph\">\u00bfA QUI\u00c9N HAY QUE CONTROLAR ENTONCES, A QUI\u00c9N HAY QUE CASTIGAR ENTONCES EN CASO DE UN ABORTO?&#8230; \u00a1Ah\u00ed se lo dejo!<\/p>\n\n\n\n<p class=\"wp-block-paragraph\">\u00a1No nos hagamos tontas y tontos!, el objetivo de la iniciativa panista en el Congreso de Hidalgo, \u00a1No es a favor de la vida!, es a favor de seguir controlando el cuerpo y la sexualidad de las mujeres \u00a1lo primero que coloniz\u00f3 el machismo! \u00a1Asael, no pretendas controlarnos a todas, con una es suficiente!<\/p>\n\n\n\n<p class=\"wp-block-paragraph\">\u00a1No estamos a favor del aborto, estamos a favor de que en caso de que una mujer tenga un aborto o decida abortar lo haga de manera legal, segura y gratuita! \u00bfSe entiende la diferencia?<\/p>\n\n\n\n<p class=\"wp-block-paragraph\">\u00a1EDUCACION SEXUAL PARA DECIDIR! \u00a1ANTICONCEPTIVOS PARA NO ABORTAR! \u00a1ABORTO LEGAL PARA NO MORIR!<\/p>\n","protected":false},"excerpt":{"rendered":"<p>\u201cHomo Luzonensis\u201d \u201cAsaelius Erectus\u201d Martha Canseco SemM\u00e9xico, 15 abril 2019.- Queridas y queridos lectores, no se s\u00ed est\u00e1n al tanto de las \u00faltimas noticias, pero \u00e9sta columna es para informarles que en las Filipinas acaban de descubrir una nueva especie humana, dicen que tendr\u00eda sesenta mil a\u00f1os de antig\u00fcedad, \u00a1\u201cEl Homo Luzonensis\u201d! le pusieron as\u00ed [&hellip;]<\/p>\n","protected":false},"author":3,"featured_media":7055,"comment_status":"open","ping_status":"open","sticky":false,"template":"","format":"standard","meta":{"_monsterinsights_skip_tracking":false,"footnotes":""},"categories":[690,98,84,35],"tags":[],"class_list":["post-7066","post","type-post","status-publish","format-standard","has-post-thumbnail","category-690","category-botella-al-mar","category-martha-canseco","category-opinion"],"_links":{"self":[{"href":"https:\/\/redsemlac.com\/semmexico\/wp-json\/wp\/v2\/posts\/7066","targetHints":{"allow":["GET"]}}],"collection":[{"href":"https:\/\/redsemlac.com\/semmexico\/wp-json\/wp\/v2\/posts"}],"about":[{"href":"https:\/\/redsemlac.com\/semmexico\/wp-json\/wp\/v2\/types\/post"}],"author":[{"embeddable":true,"href":"https:\/\/redsemlac.com\/semmexico\/wp-json\/wp\/v2\/users\/3"}],"replies":[{"embeddable":true,"href":"https:\/\/redsemlac.com\/semmexico\/wp-json\/wp\/v2\/comments?post=7066"}],"version-history":[{"count":0,"href":"https:\/\/redsemlac.com\/semmexico\/wp-json\/wp\/v2\/posts\/7066\/revisions"}],"wp:featuredmedia":[{"embeddable":true,"href":"https:\/\/redsemlac.com\/semmexico\/wp-json\/wp\/v2\/media\/7055"}],"wp:attachment":[{"href":"https:\/\/redsemlac.com\/semmexico\/wp-json\/wp\/v2\/media?parent=7066"}],"wp:term":[{"taxonomy":"category","embeddable":true,"href":"https:\/\/redsemlac.com\/semmexico\/wp-json\/wp\/v2\/categories?post=7066"},{"taxonomy":"post_tag","embeddable":true,"href":"https:\/\/redsemlac.com\/semmexico\/wp-json\/wp\/v2\/tags?post=7066"}],"curies":[{"name":"wp","href":"https:\/\/api.w.org\/{rel}","templated":true}]}}