{"id":70641,"date":"2023-08-28T12:02:39","date_gmt":"2023-08-28T18:02:39","guid":{"rendered":"https:\/\/redsemlac.com\/semmexico\/?p=70641"},"modified":"2023-08-28T12:15:35","modified_gmt":"2023-08-28T18:15:35","slug":"en-oaxaca-hay-educacion-alternativa-sin-necesidad-de-los-libros-de-texto-gratuitos-yenny-aracely-perez-martinez","status":"publish","type":"post","link":"https:\/\/redsemlac.com\/semmexico\/en-oaxaca-hay-educacion-alternativa-sin-necesidad-de-los-libros-de-texto-gratuitos-yenny-aracely-perez-martinez\/","title":{"rendered":"En Oaxaca hay \u201ceducaci\u00f3n alternativa\u201d, sin necesidad de los libros de texto gratuitos: Yenny Aracely P\u00e9rez Mart\u00ednez"},"content":{"rendered":"\n<ul class=\"wp-block-list\">\n<li><strong>Ni\u00f1os y ni\u00f1as en la entidad se atienden seg\u00fan necesidades y diferencias<\/strong> <strong>regionales con educaci\u00f3n alternativa impulsada por la Secci\u00f3n 22 de la CNTE <\/strong><\/li>\n<\/ul>\n\n\n\n<p class=\"wp-block-paragraph\"><strong>Patricia Brise\u00f1o<\/strong><\/p>\n\n\n\n<p class=\"wp-block-paragraph\">SemM\u00e9xico, Oaxaca de Ju\u00e1rez, Oax., 28 de agosto, 2023 Para ni\u00f1os y ni\u00f1as de Oaxaca hay un plan educativo que deciden las maestras y los maestros de la entidad, de la Secci\u00f3n&nbsp;22 de&nbsp;la Coordinadora Nacional de Trabajadores de la Educaci\u00f3n (CNTE); ahora no hay cambio, se mantendr\u00e1 lo que llaman la educaci\u00f3n alternativa, \u201cque no se basa en los libros de texto gratuitos\u201d, anunci\u00f3 la dirigente Yenny Araceli P\u00e9rez Mart\u00ednez.<\/p>\n\n\n\n<p class=\"wp-block-paragraph\">\u201cLos libros de texto no han sido el eje principal, son material complementario en los 11 niveles educativos,&nbsp;ante la diversidad ling\u00fc\u00edstica y cultural de Oaxaca\u201d, asegur\u00f3 P\u00e9rez Mart\u00ednez, secretar\u00eda general de la gremial disidente.<\/p>\n\n\n\n<p class=\"wp-block-paragraph\">De acuerdo con la profesora, \u201cno responden (los libros de texto) a las necesidades y realidades contextuales y por eso, elaboramos nuestros propios materiales y contenidos\u201d.<\/p>\n\n\n\n<p class=\"wp-block-paragraph\">Expuso que \u201clos libros de texto gratuitos son un derecho para cada ni\u00f1o y ni\u00f1as tenerlos en las manos, \u201cpero cada estado definir\u00e1 si los utiliza o no\u201d.<\/p>\n\n\n\n<p class=\"wp-block-paragraph\">Defendi\u00f3 el Plan para la Transformaci\u00f3n de la Educaci\u00f3n de Oaxaca (PTEO), organizado por&nbsp;la gremial, que ha hecho trabajo curricular en cada una de las comunidades.<\/p>\n\n\n\n<p class=\"wp-block-paragraph\">\u201cEntonces, dijo, que cada estado haga lo propio y nosotros como Oaxaca seguiremos implementando nuestro PTEO\u201d.<\/p>\n\n\n\n<p class=\"wp-block-paragraph\">&nbsp;\u201cComo Secci\u00f3n 22 conocemos las caracter\u00edsticas de las regiones de nuestro estado es distinto hablar de comunidades mixes, que hablar de comunidades zapotecas con diferencias ling\u00fc\u00edsticas\u201d, refiri\u00f3.<\/p>\n\n\n\n<p class=\"wp-block-paragraph\">El pasado jueves, 24 de agosto,&nbsp;inici\u00f3 el ciclo escolar 2023-2024, conforme al&nbsp;calendario alternativo&nbsp;que se basa en el Plan para la Transformaci\u00f3n de la Educaci\u00f3n de Oaxaca (PTEO), elaborado por el profesorado.<\/p>\n\n\n\n<p class=\"wp-block-paragraph\">El calendario es de 200 d\u00edas formativos y laborales del 23 agosto al 10 de julio de 2024, adem\u00e1s de los periodos vacacionales de fin de a\u00f1o y por Semana Santa.<\/p>\n\n\n\n<p class=\"wp-block-paragraph\">Incluye las fechas hist\u00f3ricas del movimiento magisterial oaxaque\u00f1o, entre estas, el 1 y 15 de mayo, as\u00ed como el 14 y 19 de junio, \u201cpara hacer \u00e9nfasis de la importancia de la identidad, el sentido de pertenencia, el resultado de la lucha social y la resistencia al Estado\u201d.<\/p>\n\n\n\n<p class=\"wp-block-paragraph\">Tambi\u00e9n se incorporan las fechas culturales y comunitarias, como parte de la memoria hist\u00f3rica de los pueblos de Oaxaca.<\/p>\n\n\n\n<p class=\"wp-block-paragraph\">Sin embargo,&nbsp;el calendario alternativo de la CNTE se ver\u00e1 interrumpido partir del pr\u00f3ximo 31 de agosto, esto porque se sumar\u00e1 a la jornada nacional de lucha, a desarrollarse en la Ciudad de M\u00e9xico, donde miles de maestras y maestros reanudan sus demandas.<\/p>\n","protected":false},"excerpt":{"rendered":"<p>Ni\u00f1os y ni\u00f1as en la entidad se atienden seg\u00fan necesidades y diferencias regionales con educaci\u00f3n alternativa impulsada por la Secci\u00f3n 22 de la CNTE<\/p>\n","protected":false},"author":3,"featured_media":70642,"comment_status":"open","ping_status":"open","sticky":false,"template":"","format":"standard","meta":{"_monsterinsights_skip_tracking":false,"footnotes":""},"categories":[700],"tags":[146],"class_list":["post-70641","post","type-post","status-publish","format-standard","has-post-thumbnail","category-estados","tag-oaxaca"],"_links":{"self":[{"href":"https:\/\/redsemlac.com\/semmexico\/wp-json\/wp\/v2\/posts\/70641","targetHints":{"allow":["GET"]}}],"collection":[{"href":"https:\/\/redsemlac.com\/semmexico\/wp-json\/wp\/v2\/posts"}],"about":[{"href":"https:\/\/redsemlac.com\/semmexico\/wp-json\/wp\/v2\/types\/post"}],"author":[{"embeddable":true,"href":"https:\/\/redsemlac.com\/semmexico\/wp-json\/wp\/v2\/users\/3"}],"replies":[{"embeddable":true,"href":"https:\/\/redsemlac.com\/semmexico\/wp-json\/wp\/v2\/comments?post=70641"}],"version-history":[{"count":0,"href":"https:\/\/redsemlac.com\/semmexico\/wp-json\/wp\/v2\/posts\/70641\/revisions"}],"wp:featuredmedia":[{"embeddable":true,"href":"https:\/\/redsemlac.com\/semmexico\/wp-json\/wp\/v2\/media\/70642"}],"wp:attachment":[{"href":"https:\/\/redsemlac.com\/semmexico\/wp-json\/wp\/v2\/media?parent=70641"}],"wp:term":[{"taxonomy":"category","embeddable":true,"href":"https:\/\/redsemlac.com\/semmexico\/wp-json\/wp\/v2\/categories?post=70641"},{"taxonomy":"post_tag","embeddable":true,"href":"https:\/\/redsemlac.com\/semmexico\/wp-json\/wp\/v2\/tags?post=70641"}],"curies":[{"name":"wp","href":"https:\/\/api.w.org\/{rel}","templated":true}]}}