{"id":70597,"date":"2023-08-28T10:58:55","date_gmt":"2023-08-28T16:58:55","guid":{"rendered":"https:\/\/redsemlac.com\/semmexico\/?p=70597"},"modified":"2023-08-28T10:58:55","modified_gmt":"2023-08-28T16:58:55","slug":"miradas-de-reportero-ajustan-siete-planes-de-morena-para-la-comunicacion-politica-en-su-siguiente-gobierno","status":"publish","type":"post","link":"https:\/\/redsemlac.com\/semmexico\/miradas-de-reportero-ajustan-siete-planes-de-morena-para-la-comunicacion-politica-en-su-siguiente-gobierno\/","title":{"rendered":"Miradas de reportero| Ajustan siete planes de Morena para la comunicaci\u00f3n pol\u00edtica en su siguiente gobierno"},"content":{"rendered":"\n<p class=\"wp-block-paragraph\"><strong>Rogelio Hern\u00e1ndez L\u00f3pez<\/strong><\/p>\n\n\n\n<p class=\"wp-block-paragraph\">SemM\u00e9xico, Ciudad de M\u00e9xico, 28 de agosto, 2023.- Esa reuni\u00f3n en las instalaciones del instituto de capacitaci\u00f3n de Morena no fue para hacer propuestas, fue para enlistar las siguientes medidas del partido gobernante para seguir construyendo su modelo de comunicaci\u00f3n pol\u00edtica para 2024-2030. Ese modelo que tanto disgusta al bloque opositor.<\/p>\n\n\n\n<p class=\"wp-block-paragraph\">Planean un andamiaje jur\u00eddico para: institucionalizar las conferencias ma\u00f1aneras: crear la coordinaci\u00f3n nacional de todos los medios p\u00fablicos y una instituci\u00f3n que exhiba las noticias falsas; establecer contrapesos a las redes digitales; reformas para quitar lo censurador a las autoridades electorales; crear derechos digitales para toda la poblaci\u00f3n e impulsar nuevos medios p\u00fablicos y privados obligados a informar y no hacer propaganda.<\/p>\n\n\n\n<p class=\"wp-block-paragraph\">Lo trascendente de los anuncios esa tarde del s\u00e1bado 26 de agosto es que no los hicieron dirigentes de Morena sino de las cinco personas directamente responsables de la informaci\u00f3n gubernamental: Jes\u00fas Ram\u00edrez Cuevas, el vocero y comunicador presidencial; el coordinador de los medios p\u00fablicos federales, Jenaro Villamil; la directora de la cadena nacional del Instituto Mexicano de la radio, Aleida Calleja; el comisionado para redactar el tema de comunicaci\u00f3n de Morena, Epigmenio Ibarra y el presidente de la red nacional de medios p\u00fablicos, Fernando S\u00e1nchez Mejorada.<\/p>\n\n\n\n<h2 class=\"wp-block-heading\"><strong>Ausencia de medios privados<\/strong><\/h2>\n\n\n\n<p class=\"wp-block-paragraph\">La reuni\u00f3n no fue en c\u00f3nclave, ni privada. Se hizo mediante convocatoria abierta desde semanas antes. Fue una de las programadas por El Instituto Nacional de Formaci\u00f3n Pol\u00edtica de Morena para elaborar el Plan de Naci\u00f3n 2024-2030, \u00e9sta con los temas: Comunicaci\u00f3n y Poder, Medios P\u00fablicos y Derechos Digitales. \u201cLa disputa por los medios es la disputa por el poder\u201d, sintetiz\u00f3 en su momento el videoasta Epigmenio Ibarra.<\/p>\n\n\n\n<p class=\"wp-block-paragraph\">El lugar fue en la colonia Agr\u00edcola Pantitl\u00e1n en los linderos orientales con el Estado de M\u00e9xico y en un gigantesco sal\u00f3n de 600 metros cuadrados, al que no ocupaban ni la quinta parte las casi cien personas sentadas que ingresaron libremente. En otros sexenios el sitio se habr\u00eda atiborrado de periodistas, de investigadores por la representatividad e influencia de quienes expondr\u00edan y el tema de la comunicaci\u00f3n pol\u00edtica.<\/p>\n\n\n\n<p class=\"wp-block-paragraph\">Entre la asistencia se percibi\u00f3, sorprendentemente mayor\u00eda de j\u00f3venes, unas pocas personas veteranas de militancia de izquierda. Destacaban el director de Canal 22 Pavel Granados, el director de la revista Z\u00f3calo especializada en comunicaci\u00f3n y periodismo, la fundadora del sistema de informaci\u00f3n alternativa Pie de P\u00e1gina, Daniela Pastrana y varios comunicadores de radio y televisi\u00f3n de medios p\u00fablicos como Alberto Najar. Las \u00fanicas c\u00e1maras de televisi\u00f3n y de fotograf\u00eda notables las portaban operadores de Morena.<\/p>\n\n\n\n<figure class=\"wp-block-image size-large\"><a href=\"https:\/\/redsemlac.com\/semmexico\/wp-content\/uploads\/2023\/08\/Imagen1-15.jpg\"><img decoding=\"async\" src=\"https:\/\/redsemlac.com\/semmexico\/wp-content\/uploads\/2023\/08\/Imagen1-15-1024x576.jpg\" alt=\"\" class=\"wp-image-70598\"\/><\/a><\/figure>\n\n\n\n<h2 class=\"wp-block-heading\"><strong>Los cinco planes<\/strong><\/h2>\n\n\n\n<p class=\"wp-block-paragraph\"><strong>Jenaro. <\/strong>El moderador y sintetizador de las formulaciones fue el director del Sistema Publico de Radio Difusi\u00f3n del Estado Mexicano (SPR), el periodista Jenaro Villamil. Como contexto expuso que desde antes de este gobierno se fue quebrando la credibilidad del anterior modelo de comunicaci\u00f3n pol\u00edtica por el maridaje entre los poderes gubernamentales y el poder medi\u00e1tico y que en contraparte se ha ido abriendo paso el modelo de la Cuarta Transformaci\u00f3n.<\/p>\n\n\n\n<p class=\"wp-block-paragraph\">Tambi\u00e9n resumi\u00f3 que la comisi\u00f3n especial para redactar los asuntos de comunicaci\u00f3n para el Plan de Gobierno 2024-2030 hab\u00eda alcanzado algunos consensos: reformar la ley de telecomunicaci\u00f3n y radiodifusi\u00f3n; reformar las leyes electorales para reducir atribuciones al INE y al Trife, entre otras el de censurar a actores pol\u00edticos, a medios y a periodistas y tambi\u00e9n para la creaci\u00f3n de derechos digitales.<\/p>\n\n\n\n<p class=\"wp-block-paragraph\"><strong>Jes\u00fas. <\/strong>El coordinador de Comunicaci\u00f3n social y vocero de la presidencia, Jes\u00fas Ram\u00edrez Cuevas enmarc\u00f3 su participaci\u00f3n explicando que el coraz\u00f3n de la transformaci\u00f3n de la pol\u00edtica y la econom\u00eda es la comunicaci\u00f3n, porque con la democratizaci\u00f3n de la informaci\u00f3n se ha logrado mellar el autoritarismo de las cupulas que controlaban la pol\u00edtica y adem\u00e1s se avanz\u00f3 mucho para el cambio cultural de las conciencias en la mayor\u00eda de mexicanos.<\/p>\n\n\n\n<p class=\"wp-block-paragraph\">Resumi\u00f3 su visi\u00f3n de cambios necesarios en cinco \u00e1reas: crear nuevos consensos en las redes sociales pero con argumentos y denuncias de los excesos del neoliberalismo en lugar de diatribas y ofensas; garantizar la neutralidad pol\u00edtica en la web mediante contrapesos en las redes de las grandes empresas digitales; estimular la presencia de los medios p\u00fablicos con garant\u00edas financieras para que sean efectivamente plurales, incluyentes, informativos sin el control de los poderes econ\u00f3micos y los gobernantes en turno y que el movimiento de la Cuarta Transformaci\u00f3n siga creando sus propios medios, de todo tipo.<\/p>\n\n\n\n<p class=\"wp-block-paragraph\">Agreg\u00f3 (y le fue bien comentado) Quiz\u00e1 sea tiempo de pensar en una instituci\u00f3n p\u00fablica que examine las noticias falsas.<\/p>\n\n\n\n<p class=\"wp-block-paragraph\"><strong>Epigmenio<\/strong>. El comisionado para la redacci\u00f3n del Plan de Naci\u00f3n resalt\u00f3 que \u201cla patria que queremos tiene que considerar qu\u00e9 tipo de medios necesitamos para esta que ha sido una revoluci\u00f3n pac\u00edfica, sin sangre. Apunt\u00f3 que las conferencias ma\u00f1aneras son el centro del cambio y que deben proseguir en el nuevo gobierno. Los medios privados, dijo, tienen que gozar de libertad de expresi\u00f3n y ser instrumentos para el debate, pero con la verdad. Se requieren nuevos medios, p\u00fablicos y privados, que no hagan propaganda que informen, cuenten historias, hagan denuncias, pero sin mentiras.<\/p>\n\n\n\n<p class=\"wp-block-paragraph\">De la intervenci\u00f3n de Epigmenio, el moderador Jenaro entresac\u00f3 como necesidades el fomento para nuevas entidades informativas y que, por ley, sea obligaci\u00f3n de quien presida, realizar conferencias ma\u00f1aneras.<\/p>\n\n\n\n<p class=\"wp-block-paragraph\"><strong>Fernando.<\/strong> El presidente de la Red M\u00e9xico, el conglomerado de medios m\u00e1s grande del pa\u00eds, (medios p\u00fablicos en 72 sistemas de gobierno, universidades y comunitarios) Fernando S\u00e1nchez Mejorada detall\u00f3 lo que debe ser un sistema nacional de esos medios: reformar del art\u00edculo 6 constitucional y crear legalmente un modelo mexicano de medios p\u00fablicos en el cu\u00e1l haya un \u00f3rgano rector y sea el SPR y que garantice que sean independientes del poder pol\u00edtico y econ\u00f3mico, como dijo Jes\u00fas Ram\u00edrez Cuevas.<\/p>\n\n\n\n<p class=\"wp-block-paragraph\">Entre sus planteamientos de futuro expuso: \u201cA. Presupuesto Garantizado y Proporcional, garantizado legalmente con un porcentaje m\u00ednimo del Producto Interno Bruto (PIB) como presupuesto anual para los medios p\u00fablicos; B. Legislar un impuesto sobre los medios comerciales que financie la producci\u00f3n de contenidos que aborden problem\u00e1ticas espec\u00edficas de cada estado. Esto promover\u00e1 la producci\u00f3n local y regional, contribuyendo a la representaci\u00f3n precisa de la diversidad cultural y social de M\u00e9xico.<\/p>\n\n\n\n<p class=\"wp-block-paragraph\"><strong>Aleida.<\/strong> La directora del Instituto Mexicano de la Radio, Aleida Calleja, como especialista en el tema fue quien argument\u00f3 que ning\u00fan proyecto de naci\u00f3n justa puede eludir el reconocimiento de los derechos digitales para todos.<\/p>\n\n\n\n<p class=\"wp-block-paragraph\">Para empezar, dijo garantizar el acceso universal a la conectividad, pero de calidad y que no cueste tanto. Y debe acompa\u00f1arse de un plan de alfabetizaci\u00f3n digital para que el consumo de contenidos no sea de lo mismo que se ve en los medios convencionales; comida chatarra, informaci\u00f3n falsa, por ejemplo. Ello implica establecer una agenda de desarrollo sostenible justo e incluyente a trav\u00e9s de la transformaci\u00f3n digital.<\/p>\n\n\n\n<p class=\"wp-block-paragraph\">Despu\u00e9s se abri\u00f3 el micr\u00f3fono y las c\u00e1maras para presentes y asistentes digitales. Para entonces se ten\u00eda el registro de 400 personas conectadas en varias cuentas de Facebook, m\u00e1s de 100 en el sitio web de Instituto de Capacitaci\u00f3n, y m\u00e1s de 5 mil conectadas en YouTube y otras redes digitales. Participaron 4 de cada lado algunos con intervenciones y propuestas y un par con recriminaciones como el que los canales 11 y 22 no han apoyado lo suficiente a la informaci\u00f3n presidencial o que no se ha alcanzado el modelo de televisi\u00f3n de la NBC que se prometi\u00f3.<\/p>\n\n\n\n<p class=\"wp-block-paragraph\">Minutos despu\u00e9s de las 19:00 horas se dio por terminada la reuni\u00f3n de exposiciones y consulta; quienes expusieron fueron rodeados por quienes ped\u00edan datos, ofrec\u00edan sus aptitudes y\/o solicitaban fotos. Los mayores arremolinamientos fueron con Jes\u00fas y Jenaro. Toda la sesi\u00f3n qued\u00f3 grabada para consulta en <a href=\"https:\/\/www.youtube.com\/watch?v=R4iaGiJ5xIQ\">https:\/\/www.youtube.com\/watch?v=R4iaGiJ5xIQ<\/a> y en ella se ver\u00e1n esos planes del modelo de comunicaci\u00f3n que quiere sustituir al que sigue resistiendo. Mirada de reportero.<\/p>\n","protected":false},"excerpt":{"rendered":"<p>Esa reuni\u00f3n en las instalaciones del instituto de capacitaci\u00f3n de Morena no fue para hacer propuestas, fue para enlistar las siguientes medidas del partido gobernante<\/p>\n","protected":false},"author":3,"featured_media":38348,"comment_status":"open","ping_status":"open","sticky":false,"template":"","format":"standard","meta":{"_monsterinsights_skip_tracking":false,"footnotes":""},"categories":[106,35,85],"tags":[459],"class_list":["post-70597","post","type-post","status-publish","format-standard","has-post-thumbnail","category-mirada-de-reportero","category-opinion","category-rogelio-hernandez-lopez","tag-opinion"],"_links":{"self":[{"href":"https:\/\/redsemlac.com\/semmexico\/wp-json\/wp\/v2\/posts\/70597","targetHints":{"allow":["GET"]}}],"collection":[{"href":"https:\/\/redsemlac.com\/semmexico\/wp-json\/wp\/v2\/posts"}],"about":[{"href":"https:\/\/redsemlac.com\/semmexico\/wp-json\/wp\/v2\/types\/post"}],"author":[{"embeddable":true,"href":"https:\/\/redsemlac.com\/semmexico\/wp-json\/wp\/v2\/users\/3"}],"replies":[{"embeddable":true,"href":"https:\/\/redsemlac.com\/semmexico\/wp-json\/wp\/v2\/comments?post=70597"}],"version-history":[{"count":0,"href":"https:\/\/redsemlac.com\/semmexico\/wp-json\/wp\/v2\/posts\/70597\/revisions"}],"wp:featuredmedia":[{"embeddable":true,"href":"https:\/\/redsemlac.com\/semmexico\/wp-json\/wp\/v2\/media\/38348"}],"wp:attachment":[{"href":"https:\/\/redsemlac.com\/semmexico\/wp-json\/wp\/v2\/media?parent=70597"}],"wp:term":[{"taxonomy":"category","embeddable":true,"href":"https:\/\/redsemlac.com\/semmexico\/wp-json\/wp\/v2\/categories?post=70597"},{"taxonomy":"post_tag","embeddable":true,"href":"https:\/\/redsemlac.com\/semmexico\/wp-json\/wp\/v2\/tags?post=70597"}],"curies":[{"name":"wp","href":"https:\/\/api.w.org\/{rel}","templated":true}]}}