{"id":70588,"date":"2023-08-27T12:53:00","date_gmt":"2023-08-27T18:53:00","guid":{"rendered":"https:\/\/redsemlac.com\/semmexico\/?p=70588"},"modified":"2023-08-27T12:53:02","modified_gmt":"2023-08-27T18:53:02","slug":"comunidad-trans-y-lgtb-demanda-ante-organos-electorales-hacer-afectiva-su-representacion-en-proceso-electoral-2024-solicitando-cuotas-arcoiris","status":"publish","type":"post","link":"https:\/\/redsemlac.com\/semmexico\/comunidad-trans-y-lgtb-demanda-ante-organos-electorales-hacer-afectiva-su-representacion-en-proceso-electoral-2024-solicitando-cuotas-arcoiris\/","title":{"rendered":"Comunidad Trans y LGTB+ demanda ante \u00f3rganos electorales hacer afectiva su representaci\u00f3n en proceso electoral 2024, solicitando cuotas arco\u00edris"},"content":{"rendered":"\n<p class=\"has-small-font-size wp-block-paragraph\">Algunos de los activistas impulsores de la iniciativa&nbsp;<\/p>\n\n\n\n<p class=\"wp-block-paragraph\">Piden lugares en los Consejos Distritales y Municipales de ind\u00edgenas, personas discapacitadas, afromexicanas, migrantes, j\u00f3venes y adultas mayores<\/p>\n\n\n\n<p class=\"wp-block-paragraph\"><strong>Patricia Brise\u00f1o<\/strong><\/p>\n\n\n\n<p class=\"wp-block-paragraph\">SemM\u00e9xico, Oaxaca de Ju\u00e1rez, Oax., 27 de agosto, 2023,- Activistas e integrantes de la comunidad trans y LGB+ de Oaxaca elaboraron una estrategia para reforzar acciones afirmativas en el proceso electoral 2024, solicitando cuotas arco\u00edris y la inclusi\u00f3n de poblaciones hist\u00f3ricamente vulneradas.<\/p>\n\n\n\n<p class=\"wp-block-paragraph\">La iniciativa busca crear un entorno m\u00e1s equitativo y representativo en la conformaci\u00f3n de los Consejos Distritales y Municipales. A partir de demandas&nbsp;espec\u00edficas para impulsar la participaci\u00f3n activa y significativa de este sector de la poblaci\u00f3n mexicana.<\/p>\n\n\n\n<p class=\"wp-block-paragraph\">A trav\u00e9s de un comunicado, el colectivo resalt\u00f3 que este esfuerzo colectivo, \u201cbusca asegurar que todas las voces sean escuchadas y que ning\u00fan grupo quede excluido de la toma de decisiones\u201d<\/p>\n\n\n\n<p class=\"wp-block-paragraph\">Las solicitudes ante los \u00f3rganos electorales estatales buscan asegurar una representaci\u00f3n equitativa de la comunidad LGBTIQA+, ind\u00edgenas, personas con discapacidad, afromexicanas, migrantes, j\u00f3venes menores de 30 a\u00f1os y adultas mayores de 60 a\u00f1os, en la conformaci\u00f3n de los Consejos Distritales y Municipales.<\/p>\n\n\n\n<p class=\"wp-block-paragraph\">En el caso de Oaxaca, al inicio del mes de agosto se&nbsp;present\u00f3 la petici\u00f3n al Instituto Estatal Electoral y de Participaci\u00f3n Ciudadana del estado de Oaxaca (IEEPCO) que, en resumen, exige la inclusi\u00f3n.<\/p>\n\n\n\n<p class=\"wp-block-paragraph\">En la petici\u00f3n se proponen acciones afirmativas y medidas de nivelaci\u00f3n para fortalecer los derechos pol\u00edtico-electorales de las poblaciones de las diversidades sexuales y de g\u00e9nero en Oaxaca.<\/p>\n\n\n\n<p class=\"wp-block-paragraph\">Tambi\u00e9n se propone monitorear el financiamiento p\u00fablico enfocado a programas de apoyo para candidaturas que pertenezcan a estas comunidades y poblaciones hist\u00f3ricamente excluidas.<\/p>\n\n\n\n<p class=\"wp-block-paragraph\">Sin embargo, no se ha recibido respuesta por parte de la autoridad electoral. \u00abLa inacci\u00f3n genera preocupaci\u00f3n, ya que el proceso electoral local dar\u00e1 inicio en la primera semana de septiembre\u00bb, observ\u00f3 el colectivo.<\/p>\n\n\n\n<p class=\"wp-block-paragraph\">Entre las personas que lideran esta estrategia se encuentran Aref Santos Barrita de Oaxatrans; Mitzi Amairani; Castellanos M\u00e9ndez de Oaxatrans; Luisa Rebeca Garza L\u00f3pez de Queretrans; Observatorio Latinoamericano y del Caribe por los Derechos de las Personas Trans; Azul G\u00f3mez Montealegre de Colectivo LGBTTTIQ Juntxs X Oaxaca; Sof\u00eda Fernanda Ju\u00e1rez Guandulain de Trans-Difusi\u00f3n; Manuel de Jes\u00fas Solana Salmor\u00e1n; Ernesto Uriel Mart\u00ednez Alc\u00e1ntara, entre otros.<\/p>\n","protected":false},"excerpt":{"rendered":"<p>Piden lugares en los Consejos Distritales y Municipales de ind\u00edgenas, personas discapacitadas, afromexicanas, migrantes, j\u00f3venes y adultas mayores<\/p>\n","protected":false},"author":3,"featured_media":70589,"comment_status":"open","ping_status":"open","sticky":false,"template":"","format":"standard","meta":{"_monsterinsights_skip_tracking":false,"footnotes":""},"categories":[141],"tags":[],"class_list":["post-70588","post","type-post","status-publish","format-standard","has-post-thumbnail","category-elecciones-2020-2021"],"_links":{"self":[{"href":"https:\/\/redsemlac.com\/semmexico\/wp-json\/wp\/v2\/posts\/70588","targetHints":{"allow":["GET"]}}],"collection":[{"href":"https:\/\/redsemlac.com\/semmexico\/wp-json\/wp\/v2\/posts"}],"about":[{"href":"https:\/\/redsemlac.com\/semmexico\/wp-json\/wp\/v2\/types\/post"}],"author":[{"embeddable":true,"href":"https:\/\/redsemlac.com\/semmexico\/wp-json\/wp\/v2\/users\/3"}],"replies":[{"embeddable":true,"href":"https:\/\/redsemlac.com\/semmexico\/wp-json\/wp\/v2\/comments?post=70588"}],"version-history":[{"count":0,"href":"https:\/\/redsemlac.com\/semmexico\/wp-json\/wp\/v2\/posts\/70588\/revisions"}],"wp:featuredmedia":[{"embeddable":true,"href":"https:\/\/redsemlac.com\/semmexico\/wp-json\/wp\/v2\/media\/70589"}],"wp:attachment":[{"href":"https:\/\/redsemlac.com\/semmexico\/wp-json\/wp\/v2\/media?parent=70588"}],"wp:term":[{"taxonomy":"category","embeddable":true,"href":"https:\/\/redsemlac.com\/semmexico\/wp-json\/wp\/v2\/categories?post=70588"},{"taxonomy":"post_tag","embeddable":true,"href":"https:\/\/redsemlac.com\/semmexico\/wp-json\/wp\/v2\/tags?post=70588"}],"curies":[{"name":"wp","href":"https:\/\/api.w.org\/{rel}","templated":true}]}}