{"id":70580,"date":"2023-08-27T12:30:02","date_gmt":"2023-08-27T18:30:02","guid":{"rendered":"https:\/\/redsemlac.com\/semmexico\/?p=70580"},"modified":"2023-08-27T12:42:48","modified_gmt":"2023-08-27T18:42:48","slug":"zoe-robledo-destapa-a-manuelita-obrador-prima-hermana-de-amlo-a-la-gubernatura-de-chiapas","status":"publish","type":"post","link":"https:\/\/redsemlac.com\/semmexico\/zoe-robledo-destapa-a-manuelita-obrador-prima-hermana-de-amlo-a-la-gubernatura-de-chiapas\/","title":{"rendered":"Zo\u00e9 Robledo destapa a Manuelita Obrador prima hermana de AMLO a la gubernatura de Chiapas"},"content":{"rendered":"\n<p class=\"wp-block-paragraph\">\u201cSer\u00eda inmoral que vengan los mismos saqueadores de siempre\u201d: Manuela Obrador<\/p>\n\n\n\n<p class=\"wp-block-paragraph\">Gabriela Couti\u00f1o<\/p>\n\n\n\n<p class=\"wp-block-paragraph\">SemM\u00e9xico, Tuxtla Guti\u00e9rrez, Chis. 27 de agosto, 2023.-. Zo\u00e9 Robledo, destap\u00f3 a la diputada federal Manuela Obrador Narv\u00e1ez como aspirante a la gubernatura de estado, a seis d\u00edas de que el presidente Andr\u00e9s Manuel L\u00f3pez Obrador lo bajara de su proyecto \u201cEl Porvenir para Chiapas\u201d.<\/p>\n\n\n\n<p class=\"wp-block-paragraph\">Este s\u00e1bado el director general del IMSS, reuni\u00f3 a su estructura pol\u00edtica y a sus allegados en su rancho \u201cLa Terna\u201d, localizado en las afueras de la ciudad capital para dar un mensaje de aliento a quienes se encuentran en la incertidumbre tras su repentina salida de la carrera por la gubernatura.<\/p>\n\n\n\n<p class=\"wp-block-paragraph\">En el lugar, Zo\u00e9 Robledo cit\u00f3 a las personas que formaron parte de su estructura para pedirles que recorran el estado y apoyen a Manuelita Obrador y Carlos Morales (alcalde de Tuxtla Guti\u00e9rrez) lo que fue inmediatamente aplaudido y entendido como el \u201cdestape\u201d de la dos veces diputada federal por Palenque a la gubernatura de Chiapas.<\/p>\n\n\n\n<figure class=\"wp-block-image size-large\"><a href=\"https:\/\/redsemlac.com\/semmexico\/wp-content\/uploads\/2023\/08\/robledo-destapa-02.jpg\"><img decoding=\"async\" src=\"https:\/\/redsemlac.com\/semmexico\/wp-content\/uploads\/2023\/08\/robledo-destapa-02-1024x682.jpg\" alt=\"\" class=\"wp-image-70581\"\/><\/a><\/figure>\n\n\n\n<p class=\"wp-block-paragraph\">En su intervenci\u00f3n, la diputada conocida por su parentesco con el presidente Andr\u00e9s Manuel L\u00f3pez Obrador, pero tambi\u00e9n por la convicci\u00f3n con la que se volc\u00f3 al movimiento de la \u201cCuarta Transformaci\u00f3n\u201d, dej\u00f3 en claro en qu\u00e9 no permitir\u00e1 porque ser\u00eda inmoral que \u201cvengan los mismos saqueadores de siempre\u201d.<\/p>\n\n\n\n<p class=\"wp-block-paragraph\">Obrador Narv\u00e1ez prima hermana del presidente, record\u00f3 que fue de las primeras personas en recorrer las calles para la \u201cCuarta Transformaci\u00f3n\u201d y dijo que \u201cChiapas no aguantar\u00eda otros 6 a\u00f1os de saqueo\u201d.<\/p>\n\n\n\n<p class=\"wp-block-paragraph\">Declar\u00f3 que caminar\u00e1 de nuevo y trabajar\u00e1 todos los d\u00edas hasta que \u201cllegue lo que tenga que llegar\u201d.<\/p>\n\n\n\n<p class=\"wp-block-paragraph\">\u201cVamos a defender a nuestro partido. Vamos a defender la integridad de la gente. La dignidad de este partido que se construy\u00f3 con tanto amor y con tanta esperanza. No perdamos la esperanza. Vamos a seguir trabajando en la Cuarta Transformaci\u00f3n y vamos a seguir todos unidos y quienes se quieran sumar, est\u00e1n invitados a sumarse\u201d, manifest\u00f3 la legisladora federal.<\/p>\n\n\n\n<p class=\"wp-block-paragraph\">Esta nueva coyuntura estatal rumbo a las elecciones por la gubernatura del 2024 surge luego de la sorpresiva \u201crenuncia\u201d de Zo\u00e9 Robledo a la posibilidad de ser el candidato del partido MORENA a la gubernatura de Chiapas.<\/p>\n\n\n\n<p class=\"wp-block-paragraph\">Aunque esa decisi\u00f3n fue considerada por muchos como un \u201cbaj\u00f3n\u201d a sus aspiraciones por parte del presidente L\u00f3pez Obrador; el Director General del IMSS no perdi\u00f3 el tiempo y r\u00e1pidamente puso en marcha una \u201coperaci\u00f3n cicatriz\u201d.<\/p>\n\n\n\n<p class=\"wp-block-paragraph\">Luego de la debacle de sus aspiraciones Zo\u00e9 Robledo pronto divulg\u00f3 en redes sociales fotograf\u00edas con diversos personajes de la pol\u00edtica estatal y nacional. Lo que llam\u00f3 la atenci\u00f3n fue que la primera foto divulgada fue del encuentro con la diputada federal Manuelita Obrador Narv\u00e1ez prima hermana del presidente L\u00f3pez Obrador.<\/p>\n\n\n\n<p class=\"wp-block-paragraph\">Tras de la primera fotograf\u00eda, Zo\u00e9 Robledo comenz\u00f3 a divulgar una fotograf\u00eda con Rosalinda L\u00f3pez, administradora del SAT y esposa del gobernador de Chiapas, luego la del Senador Eduardo Ram\u00edrez Aguilar y tambi\u00e9n desfilaron Carlos Morales el alcalde de Tuxtla y la empresaria Patricia Armend\u00e1riz.<\/p>\n\n\n\n<p class=\"wp-block-paragraph\">Pero en Chiapas lo que llam\u00f3 la atenci\u00f3n fue precisamente que la primera foto \u201csubida a las redes\u201d fuera la de la diputada Manuelita Obrador. Pronto se comenz\u00f3 a deducir: Zo\u00e9 \u201csuma\u201d la estructura de su malogrado proyecto pol\u00edtico a Manuelita Obrador.<\/p>\n\n\n\n<p class=\"wp-block-paragraph\">No tard\u00f3 en comentar lo relativo a despejarse la inc\u00f3gnita; Zo\u00e9 Robledo invitaba a sus allegados al rancho familiar \u201cLa Terna\u201d para dar un mensaje de aliento a quienes conformaron su estructura pol\u00edtica y que se encuentran en la incertidumbre.<\/p>\n\n\n\n<p class=\"wp-block-paragraph\">En el evento cerraron filas todos los identificados con el proyecto pol\u00edtico del hijo del tambi\u00e9n exgobernador, pero ef\u00edmero Eduardo Robledo Rinc\u00f3n (1994-1995); desde Carlos Morales alcalde de Tuxtla Guti\u00e9rrez hasta el hist\u00f3rico militante del PRI Jos\u00e9 Antonio Aguilar Bodegas.<\/p>\n\n\n\n<p class=\"wp-block-paragraph\">Lo que se encontraron fue con el destape de Manuelita L\u00f3pez Obrador y la posibilidad de que sus aspiraciones de sumarse al equipo de la diputada no se cumplan.<\/p>\n\n\n\n<figure class=\"wp-block-image size-full\"><a href=\"https:\/\/redsemlac.com\/semmexico\/wp-content\/uploads\/2023\/08\/robledo-destapa-03.jpg\"><img loading=\"lazy\" decoding=\"async\" width=\"800\" height=\"533\" src=\"https:\/\/redsemlac.com\/semmexico\/wp-content\/uploads\/2023\/08\/robledo-destapa-03.jpg\" alt=\"\" class=\"wp-image-70582\"\/><\/a><\/figure>\n\n\n\n<p class=\"wp-block-paragraph\">Qui\u00e9n es Manuelita&nbsp;<\/p>\n\n\n\n<p class=\"wp-block-paragraph\">Manuela del Carmen Obrador Narv\u00e1ez es economista y docente. Fundadora del Movimiento Regeneraci\u00f3n Nacional. Desde el 1 de septiembre de 2018 es diputada federal por el Distrito 1 de Chiapas al Congreso de la Uni\u00f3n.<\/p>\n\n\n\n<p class=\"wp-block-paragraph\">Manuela Obrador Narv\u00e1ez es licenciada en econom\u00eda. Ha ejercido la docencia en materias como Contabilidad de Sociedades, Control de Calidad, Cr\u00e9dito y Cobranza y Estructura Socioecon\u00f3mica de M\u00e9xico. Es prima hermana del presidente de M\u00e9xico, Andr\u00e9s Manuel L\u00f3pez Obrador.1\u200b<\/p>\n\n\n\n<p class=\"wp-block-paragraph\">Carrera pol\u00edtica<\/p>\n\n\n\n<p class=\"wp-block-paragraph\">De 1994 a 1995 labor\u00f3 en el Consejo Estatal Electoral de Chiapas en Tenejapa, como responsable de c\u00f3mputo distrital y t\u00e9cnica en seguimiento y capacitadora electoral; de 2000 a 2003 fue jefa del departamento administrativo del Programa Fideicomiso Fondo 95 de la Procuradur\u00eda Agraria y de 2004 a 2012 jefa de Oficina de Pagos de la Secretar\u00eda de Educaci\u00f3n P\u00fablica. De 2012 a 2014 fue directora de Hacienda en el gobierno del municipio de Palenque, Chiapas.<\/p>\n\n\n\n<p class=\"wp-block-paragraph\">En 2014 fue se uni\u00f3 al Movimiento Regeneraci\u00f3n Nacional, en donde fue consejera nacional, enlace distrital y candidata a diputada federal por primera ocasi\u00f3n en las elecciones federales de 2015, aunque no obteniendo el esca\u00f1o.<\/p>\n\n\n\n<p class=\"wp-block-paragraph\">Diputada federal (2018-2024)<\/p>\n\n\n\n<p class=\"wp-block-paragraph\">En 2018 fue nuevamente postulada a diputada federal por la coalici\u00f3n Juntos Haremos Historia; fue electa por el Distrito 1 de Chiapas a la LXIV Legislatura, para el periodo 2018-2021. En la C\u00e1mara de Diputados se desempe\u00f1\u00f3 como secretaria de la comisi\u00f3n de Infraestructura e integrante de las comisiones de Asuntos Frontera Sur y de Energ\u00eda. Fue reelegida para un segundo mandato como diputada federal, al obtener el 70.93% de los votos, en las elecciones federales de 2021.<\/p>\n","protected":false},"excerpt":{"rendered":"<p>Zo\u00e9 Robledo, destap\u00f3 a la diputada federal Manuela Obrador Narv\u00e1ez como aspirante a la gubernatura de estado, a seis d\u00edas de que el presidente Andr\u00e9s Manuel L\u00f3pez Obrador lo bajara de su proyecto \u201cEl Porvenir para Chiapas\u201d.<\/p>\n","protected":false},"author":3,"featured_media":70586,"comment_status":"open","ping_status":"open","sticky":false,"template":"","format":"standard","meta":{"_monsterinsights_skip_tracking":false,"footnotes":""},"categories":[141],"tags":[],"class_list":["post-70580","post","type-post","status-publish","format-standard","has-post-thumbnail","category-elecciones-2020-2021"],"_links":{"self":[{"href":"https:\/\/redsemlac.com\/semmexico\/wp-json\/wp\/v2\/posts\/70580","targetHints":{"allow":["GET"]}}],"collection":[{"href":"https:\/\/redsemlac.com\/semmexico\/wp-json\/wp\/v2\/posts"}],"about":[{"href":"https:\/\/redsemlac.com\/semmexico\/wp-json\/wp\/v2\/types\/post"}],"author":[{"embeddable":true,"href":"https:\/\/redsemlac.com\/semmexico\/wp-json\/wp\/v2\/users\/3"}],"replies":[{"embeddable":true,"href":"https:\/\/redsemlac.com\/semmexico\/wp-json\/wp\/v2\/comments?post=70580"}],"version-history":[{"count":0,"href":"https:\/\/redsemlac.com\/semmexico\/wp-json\/wp\/v2\/posts\/70580\/revisions"}],"wp:featuredmedia":[{"embeddable":true,"href":"https:\/\/redsemlac.com\/semmexico\/wp-json\/wp\/v2\/media\/70586"}],"wp:attachment":[{"href":"https:\/\/redsemlac.com\/semmexico\/wp-json\/wp\/v2\/media?parent=70580"}],"wp:term":[{"taxonomy":"category","embeddable":true,"href":"https:\/\/redsemlac.com\/semmexico\/wp-json\/wp\/v2\/categories?post=70580"},{"taxonomy":"post_tag","embeddable":true,"href":"https:\/\/redsemlac.com\/semmexico\/wp-json\/wp\/v2\/tags?post=70580"}],"curies":[{"name":"wp","href":"https:\/\/api.w.org\/{rel}","templated":true}]}}