{"id":70576,"date":"2023-08-27T12:08:59","date_gmt":"2023-08-27T18:08:59","guid":{"rendered":"https:\/\/redsemlac.com\/semmexico\/?p=70576"},"modified":"2023-08-27T12:09:01","modified_gmt":"2023-08-27T18:09:01","slug":"adriana-malvido-y-valeria-matos-develaran-el-lado-intimo-de-una-mujer-transgresora-nahui-olin","status":"publish","type":"post","link":"https:\/\/redsemlac.com\/semmexico\/adriana-malvido-y-valeria-matos-develaran-el-lado-intimo-de-una-mujer-transgresora-nahui-olin\/","title":{"rendered":"Adriana Malvido y Valeria Matos develar\u00e1n el lado \u00edntimo de una mujer transgresora: Nahui Olin"},"content":{"rendered":"\n<ul class=\"wp-block-list\">\n<li>La conversaci\u00f3n&nbsp;<em>Nahui Olin: ella, energ\u00eda c\u00f3smica<\/em>&nbsp;se transmitir\u00e1 el mi\u00e9rcoles 30 de agosto, a las 7 de la noche, en la p\u00e1gina de Facebook del Museo Casa Estudio&nbsp;<em>Diego Rivera y Frida Kahlo<\/em>&nbsp;<\/li>\n<\/ul>\n\n\n\n<ul class=\"wp-block-list\">\n<li>Las escritoras compartir\u00e1n im\u00e1genes familiares y de la \u00e9poca, as\u00ed como fragmentos de escritos de la artista recopilados en 30 a\u00f1os de investigaci\u00f3n<\/li>\n<\/ul>\n\n\n\n<p class=\"wp-block-paragraph\">Redacci\u00f3n&nbsp;<\/p>\n\n\n\n<p class=\"wp-block-paragraph\">SemM\u00e9xico, Ciudad de M\u00e9xico, 27 de agosto, 2023.- En el contexto de la exposici\u00f3n&nbsp;<em>Nahui Olin. Movimiento perpetuo<\/em>, el Museo Casa Estudio&nbsp;<em>Diego Rivera y Frida Kahlo<\/em>&nbsp;(Mcedryfk) transmitir\u00e1 la conferencia que ofrecieron las escritoras Adriana Malvido y Valeria Matos en la cual detallan instantes de la vida de una mujer que se ha convertido en s\u00edmbolo de transgresi\u00f3n, inteligencia y creatividad, m\u00e1s all\u00e1 de su belleza: Carmen Mondrag\u00f3n o Nahui Olin.&nbsp;<\/p>\n\n\n\n<p class=\"wp-block-paragraph\">La conversaci\u00f3n&nbsp;<em>Nahui Olin: ella, energ\u00eda c\u00f3smica<\/em>&nbsp;se transmitir\u00e1 el pr\u00f3ximo mi\u00e9rcoles 30 de agosto, a las 19:00 horas, a trav\u00e9s de la p\u00e1gina oficial de Facebook del recinto de la Red de Museos del Instituto Nacional de Bellas Artes y Literatura (Inbal), mismo que realiz\u00f3 la primera exposici\u00f3n dedicada a la artista en 1992,&nbsp;<em>El universo pl\u00e1stico de Nahui Olin<\/em>, bajo la curadur\u00eda de Tom\u00e1s Zuri\u00e1n.&nbsp;<\/p>\n\n\n\n<p class=\"wp-block-paragraph\">Esta ser\u00e1 la oportunidad para que el p\u00fablico conozca la trayectoria de Carmen Mondrag\u00f3n y el nacimiento de la artista, poeta, modelo y musa,&nbsp;<em>Nahui Olin<\/em>, en el entorno de una cultura decimon\u00f3nica y patriarcal, hacia la cual ella sent\u00eda rechazo.&nbsp;&nbsp;<\/p>\n\n\n\n<p class=\"wp-block-paragraph\">Durante la charla se transmitir\u00e1n una serie de im\u00e1genes familiares y de la \u00e9poca, acompa\u00f1adas por la lectura de poes\u00eda y fragmentos de escritos realizados por la artista, que Adriana Malvido ha recopilado a lo largo de 30 a\u00f1os de investigaci\u00f3n.\u00a0<\/p>\n\n\n\n<figure class=\"wp-block-image size-full\"><a href=\"https:\/\/redsemlac.com\/semmexico\/wp-content\/uploads\/2023\/08\/adriana-malvido-y-valeria-matos-02.jpg\"><img loading=\"lazy\" decoding=\"async\" width=\"843\" height=\"843\" src=\"https:\/\/redsemlac.com\/semmexico\/wp-content\/uploads\/2023\/08\/adriana-malvido-y-valeria-matos-02.jpg\" alt=\"\" class=\"wp-image-70577\"\/><\/a><\/figure>\n\n\n\n<p class=\"wp-block-paragraph\">El viaje iniciar\u00e1 desde su infancia, en el seno de una familia conservadora de la \u00e9poca porfiriana, y cuyo jefe de familia, Manuel Mondrag\u00f3n, de formaci\u00f3n militar y dise\u00f1ador de artiller\u00eda, fue un personaje oscuro para la historia de M\u00e9xico, pero c\u00e1lido y cari\u00f1oso para la artista.&nbsp;<\/p>\n\n\n\n<p class=\"wp-block-paragraph\">Se relatar\u00e1n algunas escenas familiares y su adolescencia, \u00e9poca en la que vive entre M\u00e9xico y Francia, cuando empieza a escribir, pasando por su compromiso y boda con el entonces militar, y quien m\u00e1s tarde se volcar\u00eda a la pintura, Manuel Rodr\u00edguez Lozano, su \u201cdios triste y a veces iracundo\u201d, junto al cual form\u00f3 \u201cla pareja m\u00e1s hermosa\u201d.&nbsp;<\/p>\n\n\n\n<p class=\"wp-block-paragraph\">Instantes \u00edntimos mostrar\u00e1n la visi\u00f3n que tuvo Mondrag\u00f3n de aquellos tiempos convulsos, tiempos de la Decena Tr\u00e1gica que llevan a su familia a exiliarse en Francia, donde nace y muere su \u00fanico hijo, Manuel, por el cual expres\u00f3 un gran dolor, a diferencia de lo que se pensaba, y tambi\u00e9n radicar en Espa\u00f1a, donde frecuenta los c\u00edrculos bohemios y practica el retrato.&nbsp;<\/p>\n\n\n\n<p class=\"wp-block-paragraph\">Las escritoras profundizar\u00e1n en el regreso de Mondrag\u00f3n a M\u00e9xico y su encuentro con Gerardo Murillo&nbsp;<em>Dr. Atl<\/em>, as\u00ed como su convivencia con los diversos artistas de la \u00e9poca, como Diego Rivera, Edward Weston, Tina Modotti, Jean Charlotte, Antonio Ruiz&nbsp;<em>El Corcito<\/em>, Gabriel Fern\u00e1ndez Ledezma, para quienes fue modelo, pero tambi\u00e9n hablar\u00e1n de su breve aventura en Hollywood y ofrecer\u00e1n instantes de su vida tras su silencio, todo decantado por la palabra de la artista, que habla sobre la belleza, el arte, la libertad, el amor, el erotismo, la creaci\u00f3n y su vida cotidiana.&nbsp;<\/p>\n\n\n\n<p class=\"wp-block-paragraph\">La muestra&nbsp;<em>Nahui Olin. Movimiento perpetuo&nbsp;<\/em>permanecer\u00e1 abierta al p\u00fablico hasta el 7 de enero de 2024, en el Museo Casa Estudio&nbsp;<em>Diego Rivera y Frida Kahlo<\/em>, de martes a domingo, de 10:00 a 17:30 horas. El recinto se ubica en calle Diego Rivera s\/n, colonia San \u00c1ngel Inn.<\/p>\n","protected":false},"excerpt":{"rendered":"<p>La conversaci\u00f3n\u00a0Nahui Olin: ella, energ\u00eda c\u00f3smica\u00a0se transmitir\u00e1 el mi\u00e9rcoles 30 de agosto, a las 7 de la noche, en la p\u00e1gina de Facebook del Museo Casa Estudio\u00a0Diego Rivera y Frida Kahlo\u00a0<\/p>\n","protected":false},"author":3,"featured_media":70578,"comment_status":"open","ping_status":"open","sticky":false,"template":"","format":"standard","meta":{"_monsterinsights_skip_tracking":false,"footnotes":""},"categories":[45,46],"tags":[],"class_list":["post-70576","post","type-post","status-publish","format-standard","has-post-thumbnail","category-cultura","category-cultura-cultura"],"_links":{"self":[{"href":"https:\/\/redsemlac.com\/semmexico\/wp-json\/wp\/v2\/posts\/70576","targetHints":{"allow":["GET"]}}],"collection":[{"href":"https:\/\/redsemlac.com\/semmexico\/wp-json\/wp\/v2\/posts"}],"about":[{"href":"https:\/\/redsemlac.com\/semmexico\/wp-json\/wp\/v2\/types\/post"}],"author":[{"embeddable":true,"href":"https:\/\/redsemlac.com\/semmexico\/wp-json\/wp\/v2\/users\/3"}],"replies":[{"embeddable":true,"href":"https:\/\/redsemlac.com\/semmexico\/wp-json\/wp\/v2\/comments?post=70576"}],"version-history":[{"count":0,"href":"https:\/\/redsemlac.com\/semmexico\/wp-json\/wp\/v2\/posts\/70576\/revisions"}],"wp:featuredmedia":[{"embeddable":true,"href":"https:\/\/redsemlac.com\/semmexico\/wp-json\/wp\/v2\/media\/70578"}],"wp:attachment":[{"href":"https:\/\/redsemlac.com\/semmexico\/wp-json\/wp\/v2\/media?parent=70576"}],"wp:term":[{"taxonomy":"category","embeddable":true,"href":"https:\/\/redsemlac.com\/semmexico\/wp-json\/wp\/v2\/categories?post=70576"},{"taxonomy":"post_tag","embeddable":true,"href":"https:\/\/redsemlac.com\/semmexico\/wp-json\/wp\/v2\/tags?post=70576"}],"curies":[{"name":"wp","href":"https:\/\/api.w.org\/{rel}","templated":true}]}}