{"id":70573,"date":"2023-08-27T12:01:47","date_gmt":"2023-08-27T18:01:47","guid":{"rendered":"https:\/\/redsemlac.com\/semmexico\/?p=70573"},"modified":"2023-08-27T12:01:49","modified_gmt":"2023-08-27T18:01:49","slug":"el-museo-nacional-de-san-carlos-presentara-el-circuito-de-dibujo-y-grabado-pintar-en-femenino","status":"publish","type":"post","link":"https:\/\/redsemlac.com\/semmexico\/el-museo-nacional-de-san-carlos-presentara-el-circuito-de-dibujo-y-grabado-pintar-en-femenino\/","title":{"rendered":"El Museo Nacional de San Carlos presentar\u00e1 el circuito de dibujo y grabado\u00a0Pintar en femenino\u00a0"},"content":{"rendered":"\n<ul class=\"wp-block-list\">\n<li>La actividad se llevar\u00e1 a cabo el 30 de agosto, a las 19:00 horas, en las instalaciones del recinto del Inbal&nbsp;<\/li>\n\n\n\n<li>El p\u00fablico podr\u00e1 recorrer la exposici\u00f3n y participar en un taller basado en el trabajo de las mujeres artistas&nbsp;<\/li>\n<\/ul>\n\n\n\n<p class=\"wp-block-paragraph\">Redacci\u00f3n&nbsp;<\/p>\n\n\n\n<p class=\"wp-block-paragraph\">SemM\u00e9xico, Ciudad de M\u00e9xico, 27 de agosto, 2023.- En el marco del programa Noche de Museos y la exposici\u00f3n&nbsp;<em>Pintar en femenino: Mujeres en el sistema art\u00edstico mexicano, 1846-1940. Homenaje a Leonor Cortina<\/em>,&nbsp;que se presenta en el Museo Nacional de San Carlos, del Instituto Nacional de Bellas Artes y Literatura (Inbal), se llevar\u00e1 a cabo el circuito de dibujo y grabado&nbsp;<em>Pintar en femenino<\/em>, el mi\u00e9rcoles 30 de agosto, a las 19:00 horas, en las instalaciones del recinto.&nbsp;&nbsp;&nbsp;<\/p>\n\n\n\n<p class=\"wp-block-paragraph\">Esta actividad tiene como prop\u00f3sito adentrar al p\u00fablico en algunos de los g\u00e9neros art\u00edsticos explorados por las mujeres (paisaje, bodeg\u00f3n y retrato), en las t\u00e9cnicas que utilizaban, as\u00ed como los contextos en los que pintaban.&nbsp;A su vez, busca establecer un di\u00e1logo con el presente, es decir, c\u00f3mo a trav\u00e9s del lenguaje pict\u00f3rico creado por las artistas que conforman la muestra se pueden enunciar problem\u00e1ticas actuales.&nbsp;&nbsp;<\/p>\n\n\n\n<p class=\"wp-block-paragraph\">Dentro del circuito de dibujo y grabado&nbsp;<em>Pintar en femenino<\/em>&nbsp;se ofrecer\u00e1 un recorrido por la exposici\u00f3n y al finalizar se realizar\u00e1 un taller que contempla un ejercicio pl\u00e1stico en el que se tomar\u00e1 como referencia el trabajo de grandes artistas mujeres. El cupo se encuentra limitado a 100 personas, previo registro, y en caso de no encontrar lugar para el taller se podr\u00e1 recorrer la exposici\u00f3n e integrarse a algunos de los grupos durante la visita guiada.&nbsp;&nbsp;<\/p>\n\n\n\n<p class=\"wp-block-paragraph\">Sobre la exposici\u00f3n&nbsp;<em>Pintar en femenino: Mujeres artistas en el sistema art\u00edstico mexicano, 1846-1940. Homenaje a Leonor Cortina<\/em>&nbsp;es importante mencionar que nace como una manera de honrar la figura y la labor emprendida por la historiadora del arte Leonor Cortina quien, en 1985, dio a conocer por primera vez el trabajo art\u00edstico de 30 pintoras decimon\u00f3nicas, hecho que abri\u00f3 el camino a otras mujeres en el campo historiogr\u00e1fico y en el \u00e1mbito cultural y muse\u00edstico.&nbsp;&nbsp;<\/p>\n\n\n\n<p class=\"wp-block-paragraph\">En ese sentido, la exposici\u00f3n tiene como objetivo contribuir al estudio hist\u00f3rico de las pintoras mexicanas mediante una narrativa que d\u00e9 cuenta de los procesos a los cuales se enfrentaron para convertirse en artistas y ser reconocidas como tal. Es, adem\u00e1s, una muestra que plantea la revisi\u00f3n de los avances a nivel historiogr\u00e1fico y de investigaci\u00f3n acad\u00e9mica, en torno al trabajo de las pintoras mexicanas, desde su participaci\u00f3n como expositoras externas en las muestras anuales de la Academia de San Carlos hasta su papel como agentes culturales.&nbsp;&nbsp;<\/p>\n\n\n\n<p class=\"wp-block-paragraph\">El Museo Nacional de San Carlos se ubica en avenida M\u00e9xico Tenochtitlan No. 50, colonia Tabacalera, alcald\u00eda Cuauht\u00e9moc. Horario de visita, de martes a domingo, de 10:00 a 18:00 horas.&nbsp;<\/p>\n","protected":false},"excerpt":{"rendered":"<p>La actividad se llevar\u00e1 a cabo el 30 de agosto, a las 19:00 horas, en las instalaciones del recinto del Inbal\u00a0<\/p>\n","protected":false},"author":3,"featured_media":70574,"comment_status":"open","ping_status":"open","sticky":false,"template":"","format":"standard","meta":{"_monsterinsights_skip_tracking":false,"footnotes":""},"categories":[1],"tags":[],"class_list":["post-70573","post","type-post","status-publish","format-standard","has-post-thumbnail","category-uncategorized"],"_links":{"self":[{"href":"https:\/\/redsemlac.com\/semmexico\/wp-json\/wp\/v2\/posts\/70573","targetHints":{"allow":["GET"]}}],"collection":[{"href":"https:\/\/redsemlac.com\/semmexico\/wp-json\/wp\/v2\/posts"}],"about":[{"href":"https:\/\/redsemlac.com\/semmexico\/wp-json\/wp\/v2\/types\/post"}],"author":[{"embeddable":true,"href":"https:\/\/redsemlac.com\/semmexico\/wp-json\/wp\/v2\/users\/3"}],"replies":[{"embeddable":true,"href":"https:\/\/redsemlac.com\/semmexico\/wp-json\/wp\/v2\/comments?post=70573"}],"version-history":[{"count":0,"href":"https:\/\/redsemlac.com\/semmexico\/wp-json\/wp\/v2\/posts\/70573\/revisions"}],"wp:featuredmedia":[{"embeddable":true,"href":"https:\/\/redsemlac.com\/semmexico\/wp-json\/wp\/v2\/media\/70574"}],"wp:attachment":[{"href":"https:\/\/redsemlac.com\/semmexico\/wp-json\/wp\/v2\/media?parent=70573"}],"wp:term":[{"taxonomy":"category","embeddable":true,"href":"https:\/\/redsemlac.com\/semmexico\/wp-json\/wp\/v2\/categories?post=70573"},{"taxonomy":"post_tag","embeddable":true,"href":"https:\/\/redsemlac.com\/semmexico\/wp-json\/wp\/v2\/tags?post=70573"}],"curies":[{"name":"wp","href":"https:\/\/api.w.org\/{rel}","templated":true}]}}