{"id":70534,"date":"2023-08-26T12:00:15","date_gmt":"2023-08-26T18:00:15","guid":{"rendered":"https:\/\/redsemlac.com\/semmexico\/?p=70534"},"modified":"2023-08-26T12:00:17","modified_gmt":"2023-08-26T18:00:17","slug":"ganando-espacios-educacion-en-fase-borrador","status":"publish","type":"post","link":"https:\/\/redsemlac.com\/semmexico\/ganando-espacios-educacion-en-fase-borrador\/","title":{"rendered":"Ganando Espacios| Educaci\u00f3n en fase borrador"},"content":{"rendered":"\n<p class=\"wp-block-paragraph\">Noem\u00ed Mu\u00f1oz Cant\u00fa<\/p>\n\n\n\n<p class=\"wp-block-paragraph\">SemM\u00e9xico, Toluca, Edomex, 26 de agosto, 2023.- Hablar de los libros de texto gratuitos de la SEP es comenzar una pol\u00e9mica importante. \u00bfQu\u00e9 tienen de malo? \u00bfQu\u00e9 tienen de bueno?<\/p>\n\n\n\n<p class=\"wp-block-paragraph\">Lo malo son los sendos errores gramaticales, de concepto, y en algunos casos se cometen equivocaciones hist\u00f3ricas e incluso cient\u00edficas, como aquello de que la Tierra est\u00e1 al mismo nivel de Urano.<\/p>\n\n\n\n<p class=\"wp-block-paragraph\">A tan solo unos d\u00edas de comenzar el ciclo escolar, nuestro sistema educativo est\u00e1 patas arriba. No hay un rumbo concreto, todo est\u00e1 a prueba, con planes y programas que a\u00fan no se han concretado. Los profesores no entienden la idea del sint\u00e9tico y el anal\u00edtico, ni c\u00f3mo lo van a aplicar en el aula. Los Consejos T\u00e9cnicos Escolares intentan cubrir las expectativas de la Secretar\u00eda de Educaci\u00f3n con formatos en los que los nombres de los rubros educativos se han transformado una vez m\u00e1s.<\/p>\n\n\n\n<p class=\"wp-block-paragraph\">Desde el Plan Educativo del 2011 los cambios no han parado y los resultados en las escuelas cada vez son m\u00e1s preocupantes.<\/p>\n\n\n\n<p class=\"wp-block-paragraph\">Cada modificaci\u00f3n que se le ha hecho al sector educativo tiene un objetivo loable, mejorar la ense\u00f1anza en las escuelas p\u00fablicas y revertir la brecha de desigualdad, eso no es cuestionable.<\/p>\n\n\n\n<p class=\"wp-block-paragraph\">Sin embargo, esta oportunidad para acercar al conocimiento a todos aquellos que solo pueden acceder a \u00e9l por medio de la educaci\u00f3n gratuita ha quedado inconcluso y desfasado. Se lanzan pruebas piloto como si fueran misiles, se hacen cambios y no se eval\u00faa si es funcional o no.<\/p>\n\n\n\n<p class=\"wp-block-paragraph\">Hay aspectos como la inclusi\u00f3n que deber\u00edan rescatarse de estos desaciertos y es claro que muchos profesores e investigadores estuvieron implicados en su creaci\u00f3n. No se duda de la riqueza de sus aportaciones, pero tambi\u00e9n sabemos que, si un libro de texto de Historia pone un periodo de un presidente como fraudulento, porque el ahora Presidente de la Rep\u00fablica no gan\u00f3 las elecciones, entonces tiene un sesgo pol\u00edtico y doctrinario.<\/p>\n\n\n\n<p class=\"wp-block-paragraph\">El sistema, el que sea, siempre usa los m\u00e9todos a su disposici\u00f3n para contar el contexto hist\u00f3rico como le convenga, eso lo sabemos. Se juega con el desarrollo del aprendizaje en un pa\u00eds que carece totalmente de la infraestructura econ\u00f3mica para brindar a todos sus habitantes la educaci\u00f3n que necesita.<\/p>\n\n\n\n<p class=\"wp-block-paragraph\">Esos libros ser\u00e1n el \u00fanico acercamiento de muchos y tendr\u00e1n como gu\u00edas a profesores que no saben cu\u00e1l es la ruta y que ir\u00e1n adivinando, experimentando y creando como puedan un perfil de egreso que est\u00e1 muy lejos de lograrse.<\/p>\n\n\n\n<p class=\"wp-block-paragraph\">Sin embargo, muchos de los que discuten los libros de texto son personas del entorno educativo, pol\u00edtico, econ\u00f3mico, pero y la gente com\u00fan qu\u00e9 hace. Muchos siguen como palabra de Dios las palabras del presidente y la polarizaci\u00f3n es cada vez m\u00e1s fuerte.<\/p>\n\n\n\n<p class=\"wp-block-paragraph\">Algunos est\u00e1n interesados solo en defenderlos, porque as\u00ed lo dice el Presidente, otros lo atacar\u00e1n porque as\u00ed lo dicen sus l\u00edderes.<\/p>\n\n\n\n<p class=\"wp-block-paragraph\">La realidad es que hace mucho que los libros de texto son una carga pesada que pocos usan o leen.&nbsp; A casi nadie le interesa el conocimiento porque no es pr\u00e1ctico.<\/p>\n\n\n\n<p class=\"wp-block-paragraph\">La mayor\u00eda de la gente vive al d\u00eda porque no pueden acceder a un mejor salario por falta de educaci\u00f3n. Muchos prefieren delinquir que estar en un aula. Otros m\u00e1s viven enajenados en sus celulares con contenido basura y repiten como merolicos los memes y videos de Tik-Tok.<\/p>\n\n\n\n<p class=\"wp-block-paragraph\">Todo eso pasa por falta de educaci\u00f3n y si est\u00e1 \u201crecortada\u201d de acuerdo a las preferencias de la presidencia en turno es peor. Mi pregunta honesta es \u00bfA qui\u00e9n le conviene que la educaci\u00f3n est\u00e9 en este socav\u00f3n de burocracia?<\/p>\n\n\n\n<p class=\"wp-block-paragraph\">El conocimiento es poder y el pueblo nunca lo va a tener, porque sigue en fase borrador.<\/p>\n","protected":false},"excerpt":{"rendered":"<p>Hablar de los libros de texto gratuitos de la SEP es comenzar una pol\u00e9mica importante. \u00bfQu\u00e9 tienen de malo? \u00bfQu\u00e9 tienen de bueno?<\/p>\n","protected":false},"author":3,"featured_media":45255,"comment_status":"open","ping_status":"open","sticky":false,"template":"","format":"standard","meta":{"_monsterinsights_skip_tracking":false,"footnotes":""},"categories":[639,640,35],"tags":[],"class_list":["post-70534","post","type-post","status-publish","format-standard","has-post-thumbnail","category-ganando-espacios","category-noemi-munoz-cantu","category-opinion"],"_links":{"self":[{"href":"https:\/\/redsemlac.com\/semmexico\/wp-json\/wp\/v2\/posts\/70534","targetHints":{"allow":["GET"]}}],"collection":[{"href":"https:\/\/redsemlac.com\/semmexico\/wp-json\/wp\/v2\/posts"}],"about":[{"href":"https:\/\/redsemlac.com\/semmexico\/wp-json\/wp\/v2\/types\/post"}],"author":[{"embeddable":true,"href":"https:\/\/redsemlac.com\/semmexico\/wp-json\/wp\/v2\/users\/3"}],"replies":[{"embeddable":true,"href":"https:\/\/redsemlac.com\/semmexico\/wp-json\/wp\/v2\/comments?post=70534"}],"version-history":[{"count":0,"href":"https:\/\/redsemlac.com\/semmexico\/wp-json\/wp\/v2\/posts\/70534\/revisions"}],"wp:featuredmedia":[{"embeddable":true,"href":"https:\/\/redsemlac.com\/semmexico\/wp-json\/wp\/v2\/media\/45255"}],"wp:attachment":[{"href":"https:\/\/redsemlac.com\/semmexico\/wp-json\/wp\/v2\/media?parent=70534"}],"wp:term":[{"taxonomy":"category","embeddable":true,"href":"https:\/\/redsemlac.com\/semmexico\/wp-json\/wp\/v2\/categories?post=70534"},{"taxonomy":"post_tag","embeddable":true,"href":"https:\/\/redsemlac.com\/semmexico\/wp-json\/wp\/v2\/tags?post=70534"}],"curies":[{"name":"wp","href":"https:\/\/api.w.org\/{rel}","templated":true}]}}