{"id":70532,"date":"2023-08-26T11:55:41","date_gmt":"2023-08-26T17:55:41","guid":{"rendered":"https:\/\/redsemlac.com\/semmexico\/?p=70532"},"modified":"2023-08-26T11:55:43","modified_gmt":"2023-08-26T17:55:43","slug":"entresemana-por-sus-dichos-los-conocereis","status":"publish","type":"post","link":"https:\/\/redsemlac.com\/semmexico\/entresemana-por-sus-dichos-los-conocereis\/","title":{"rendered":"Entresemana| Por sus dichos los conocer\u00e9is"},"content":{"rendered":"\n<p class=\"wp-block-paragraph\"><strong>Mois\u00e9s S\u00e1nchez Lim\u00f3n<\/strong><\/p>\n\n\n\n<p class=\"wp-block-paragraph\">SemM\u00e9xico, Ciudad de M\u00e9xico, 26 de agosto, 2023.- \u201cNo escucho\u201d, dijo Andr\u00e9s Manuel L\u00f3pez Obrador y en Lagos de Moreno se sinti\u00f3 el desprecio del licenciado presidente por el dolor de familias ofendidas y enlutadas. Nada nuevo.<\/p>\n\n\n\n<p class=\"wp-block-paragraph\">Pero\u2026<\/p>\n\n\n\n<p class=\"wp-block-paragraph\">Se alzaron voces, incluso de algunos de sus cr\u00edticos para explicar y poner a salvo al Duce, pese a que se escucharon los gritos de periodistas, no mercenarios de la ma\u00f1anera, que le requer\u00edan opinar acerca de la desaparici\u00f3n de los cinco muchachos en aquella localidad jalisciense.<\/p>\n\n\n\n<p class=\"wp-block-paragraph\">\u00bfNo escuch\u00f3? \u00bfY por qu\u00e9 cont\u00f3 un chiste relacionado con la escucha a modo, cuando precisamente le ped\u00edan opinara respecto de la tragedia de Lagos de Moreno?<\/p>\n\n\n\n<p class=\"wp-block-paragraph\">No os hag\u00e1is.<\/p>\n\n\n\n<p class=\"wp-block-paragraph\">Un d\u00eda despu\u00e9s hasta se atrevi\u00f3 a decir que los muchachos hab\u00edan sido asesinados. La Fiscal\u00eda jalisciense, sin citarlo expresamente, con el resultado de an\u00e1lisis de ADN desminti\u00f3 al licenciado L\u00f3pez Obrador.<\/p>\n\n\n\n<p class=\"wp-block-paragraph\">La afirmaci\u00f3n presidencial, sin sustento, ocurri\u00f3 luego de responder con ep\u00edtetos harto conocidos en sus reacciones hep\u00e1ticas contra quienes lo criticaron por, incluso, como le refiero, haber contado uno de sus chistes que suelen festejarle los \u201cperiodistas\u201d de la mesa que m\u00e1s aplauda,<\/p>\n\n\n\n<p class=\"wp-block-paragraph\">\u00a1Ay!, las frases de botepronto para salir al paso y que luego se hacen cl\u00e1sico referente de perniciosa consecuencia, m\u00e1s para el autor en t\u00e9rminos de descr\u00e9dito y ejemplo de lo que no se debe decir.<\/p>\n\n\n\n<p class=\"wp-block-paragraph\">Porque\u2026<\/p>\n\n\n\n<p class=\"wp-block-paragraph\"><strong>\u201cAqu\u00ed no aplauden\u201d<\/strong>, dijo el entonces presidente Enrique Pe\u00f1a Nieto, al t\u00e9rmino de una conferencia ofrecida en gira por Oriente donde no se acostumbra aplaudir. Pareci\u00f3 una queja del entonces culto presidente que requer\u00eda loas y le dieron soberana madriza.<\/p>\n\n\n\n<p class=\"wp-block-paragraph\">Pe\u00f1a no se quej\u00f3, no por lo menos en p\u00fablico, ni acus\u00f3 a la entonces oposici\u00f3n encabezada por el hoy Duce de la 4T, quien incluso lleg\u00f3 a demandar su dimisi\u00f3n al cargo por haberse sometido a una operaci\u00f3n.<\/p>\n\n\n\n<p class=\"wp-block-paragraph\"><strong>\u201cNi los veo ni los oigo\u201d<\/strong>, coment\u00f3 Carlos Salinas de Gortari en la entrega de uno de sus informes de gobierno ante el Congreso de la Uni\u00f3n.<\/p>\n\n\n\n<p class=\"wp-block-paragraph\">Y su frase pas\u00f3 a la historia pol\u00edtica contempor\u00e1nea como modelo de desprecio por la oposici\u00f3n pol\u00edtica. Es y ser\u00e1 un referente que sus malquerientes utilizan en el momento requerido para citarlo como ejemplo de desapego a las formas pol\u00edticas.<\/p>\n\n\n\n<p class=\"wp-block-paragraph\">La verdad es que &#8211;sin que suene a justificaci\u00f3n y se me acuse de panegirista del priismo de ayer y antier&#8211; el entonces presidente Carlos Salinas de Gortari dijo que, desde el espacio que se le dio en el \u00e1rea de la Mesa Directiva del Congreso, no ve\u00eda ni escuchaba bien a los diputados de oposici\u00f3n que, como usted seguro sabe, suelen armar griter\u00eda como mecanismo de protesta.<\/p>\n\n\n\n<p class=\"wp-block-paragraph\">Y\u2026 \u00a1Sopas!<\/p>\n\n\n\n<p class=\"wp-block-paragraph\">En fin.<\/p>\n\n\n\n<p class=\"wp-block-paragraph\"><strong>\u201cYa me cans\u00e9\u201d,<\/strong>&nbsp;dijo Jes\u00fas Murillo Karam, entonces procurador General de la Rep\u00fablica cuando rindi\u00f3 el informe de la llamada verdad hist\u00f3rica relacionada con la desaparici\u00f3n de los 43 estudiantes de la escuela normal de Ayotzinapa, Guerrero.<\/p>\n\n\n\n<p class=\"wp-block-paragraph\">Usted lo sabe\u2026<\/p>\n\n\n\n<p class=\"wp-block-paragraph\">Murillo Karam est\u00e1 en prisi\u00f3n desde el viernes 19 de agosto de 2022 como la pieza mayor cazada por los justicieros de la 4T, \u00e9stos que, due\u00f1os de la verdad sexenal, no encuentran la cuadratura al c\u00edrculo para atender a los padres de familia que demandan justicia y la aparici\u00f3n de sus hijos que se esfumaron en aquella noche maldita del 26 y la madrugada del 27 de septiembre de 2014 en Iguala, Guerrero.<\/p>\n\n\n\n<p class=\"wp-block-paragraph\">As\u00ed se descalifica a Murillo Karam y nadie quiso dar por v\u00e1lida la explicaci\u00f3n &#8211;que unos llaman contexto&#8211; que lo llev\u00f3 a decir, a micr\u00f3fono abierto, \u201cya me cans\u00e9\u201d. Estaba cansado, ciertamente, de los viajes a Iguala, Chilpancingo y de vuelta a Ciudad de M\u00e9xico en busca de pistas para dar con el paradero de los estudiantes.<\/p>\n\n\n\n<p class=\"wp-block-paragraph\">Se descontextualiza o se niega lo evidente, la verdad que, desnuda, se pretende vestir con artilugios para echarla a volar rumbo al olvido. Aqu\u00ed no pasa nada, refer\u00ed en la entrega del martes pasado y esto del decir y negar lo dicho es sustancia de la impunidad porque aqu\u00ed no pasa nada.<\/p>\n\n\n\n<p class=\"wp-block-paragraph\"><strong>Lea usted, porfis<\/strong>.<\/p>\n\n\n\n<p class=\"wp-block-paragraph\"><strong>\u201cLa mayor\u00eda de los compa\u00f1eros dijeron: v\u00e1monos a formar con Claudia (Sheinbaum)\u201d<\/strong>, ilustr\u00f3, en reuni\u00f3n privada con funcionarios y liderazgos mexiquenses, la alcaldesa de Texcoco, do\u00f1a Sandra Luz Falc\u00f3n Venegas.<\/p>\n\n\n\n<p class=\"wp-block-paragraph\">Esa es parte de la cargada en pleno que la doctora Sheinbaum niega y seguramente la presidenta municipal de Texcoco rechazar\u00e1 la autor\u00eda de la frase que respalda la denuncia de piso disparejo hecha por Marcelo Ebrard.<\/p>\n\n\n\n<p class=\"wp-block-paragraph\">De acuerdo con informaci\u00f3n referida por Carlos Loret en su espacio noticioso de Latinus, lo dicho por la casi licenciada en Ciencias Pol\u00edticas, es decir, la ex diputada federal y hoy alcaldesa de Texcoco, ocurri\u00f3 hace unos d\u00edas en el Restaurante El Quelite, en aquella localidad mexiquense.<\/p>\n\n\n\n<p class=\"wp-block-paragraph\">Ah\u00ed se celebr\u00f3 un c\u00f3nclave en el que operadores pol\u00edticos comandados por el m\u00e9dico y senador Higinio Mart\u00ednez Miranda, concluyeron sumarse a la causa de la doctora Sheinbaum, a quien la menci\u00f3n de la L\u00ednea 12 del Metro le provoca amnesia.<\/p>\n\n\n\n<p class=\"wp-block-paragraph\">El diputado local Nazario Guti\u00e9rrez, dijo que se respeta a quien simpatice con alguno de los aspirantes a la candidatura presidencial de Morena, pero la decisi\u00f3n del grupo encabezado por el doctor Higinio \u201cha tomado la decisi\u00f3n de respaldar la aspiraci\u00f3n de la compa\u00f1era Claudia (Sheinbaum)\u201d.<\/p>\n\n\n\n<p class=\"wp-block-paragraph\">Y Jes\u00fas Ad\u00e1n Gordo, secretario del Ayuntamiento de Texcoco, recomend\u00f3 a los asistentes a la reuni\u00f3n, no subir a sus redes las fotos que estaban tomando porque estaban en horas de trabajo.<\/p>\n\n\n\n<p class=\"wp-block-paragraph\">\u00bfY?<\/p>\n\n\n\n<p class=\"wp-block-paragraph\">La princesita niega todo, se a\u00edsla en el discurso que le dictan desde la oficina principal de Palacio.<\/p>\n\n\n\n<p class=\"wp-block-paragraph\">Le recuerdan la denuncia presentada por Marcelo Ebrard en su contra. Y responde con estudiada convicci\u00f3n de inocencia:<\/p>\n\n\n\n<p class=\"wp-block-paragraph\"><strong>\u201cSe ha estado diciendo que llevo acarreados&nbsp;<\/strong>a los eventos a donde voy\u2026 que hemos hecho guerra sucia.&nbsp;<strong>Niego que esto sea cierto<\/strong>.&nbsp;<strong>Es m\u00e1s: si alguien lleg\u00f3 a hacerlo, pues evidentemente lo condenamos<\/strong>.<\/p>\n\n\n\n<p class=\"wp-block-paragraph\"><strong>\u201cYo los llamo nuevamente a la unidad<\/strong>&nbsp;(a Marcelo Ebrard, Ad\u00e1n Augusto L\u00f3pez Hern\u00e1ndez y Ricardo Monreal).<\/p>\n\n\n\n<p class=\"wp-block-paragraph\"><strong>\u201cY dejemos que se lleva cabo la encuesta, de manera libre\u201d<\/strong>, rubrica Claudia Sheinbaum Pardo, la princesita frente a la realidad documentada de cientos de bardas pintadas con #EsClaudia y el insultante acarreo en busca de ser nominada por el Corporativo Morena, a la Presidencia de la Rep\u00fablica.<\/p>\n\n\n\n<p class=\"wp-block-paragraph\">Pero, pero\u2026<\/p>\n\n\n\n<p class=\"wp-block-paragraph\"><strong>Si usted se arma de valor y se atreve a chutarse la ma\u00f1anera<\/strong>&nbsp;en los canales de la televisi\u00f3n p\u00fablica, el 11, 14 y 22, se percatar\u00e1 de que algo grave ocurre a Su Alteza Seren\u00edsima. Sufre, sin rubor alguno, el S\u00edndrome de la Chimoltrufia. En serio, no se r\u00eda, porfis.<\/p>\n\n\n\n<p class=\"wp-block-paragraph\">Dos ejemplos fresquesitos. Cuando le preguntan si encontr\u00f3 errores en los libros de texto gratuitos que revis\u00f3, dice que muy pocos, luego que ninguno, despu\u00e9s admite que s\u00ed, s\u00ed, hay, pero pueden ser subsanados y luego\u2026<\/p>\n\n\n\n<p class=\"wp-block-paragraph\">Y, acerca de la renuncia de Karla Quintana Osuna, a la Comisi\u00f3n Nacional de B\u00fasqueda, primero dijo que desconoc\u00eda la causa, despu\u00e9s afirm\u00f3 que se trataba del cierre de un ciclo y, finalmente, admiti\u00f3 que fue por diferencias con el resultado del censo de desaparecidos.<\/p>\n\n\n\n<p class=\"wp-block-paragraph\">La verdad es que, el licenciado L\u00f3pez Obrador desacredit\u00f3 al informe de Quintana Osuna respecto del n\u00famero de desaparecidos en la administraci\u00f3n de la 4T e instruy\u00f3 a la Secretar\u00eda del Bienestar levante un censo casa por casa para contar el n\u00famero real de desaparecidos.<\/p>\n\n\n\n<p class=\"wp-block-paragraph\">\u00bfPas\u00f3 por alto la afrenta contra Karla Quintana Osuna? \u00bfNo escucha? Algo grave ocurre al licenciado L\u00f3pez Obrador. Y el pa\u00eds no est\u00e1 para m\u00e1s ocurrencias, olvidos y dicharachos. \u00bfA poco no, Drakko? Digo.<\/p>\n\n\n\n<p class=\"wp-block-paragraph\"><a href=\"mailto:sanchezlimon@gmail.com\" target=\"_blank\" rel=\"noreferrer noopener\">sanchezlimon@gmail.com<\/a>&nbsp;&nbsp;&nbsp;&nbsp;<a href=\"http:\/\/www.entresemana.mx\/\" target=\"_blank\" rel=\"noreferrer noopener\">www.entresemana.mx<\/a>&nbsp;&nbsp;&nbsp;&nbsp;<strong>@sanchezlimon1<\/strong><\/p>\n","protected":false},"excerpt":{"rendered":"<p>\u201cNo escucho\u201d, dijo Andr\u00e9s Manuel L\u00f3pez Obrador y en Lagos de Moreno se sinti\u00f3 el desprecio del licenciado presidente por el dolor de familias ofendidas y enlutadas. Nada nuevo.<\/p>\n","protected":false},"author":3,"featured_media":41799,"comment_status":"open","ping_status":"open","sticky":false,"template":"","format":"standard","meta":{"_monsterinsights_skip_tracking":false,"footnotes":""},"categories":[105,83,35],"tags":[],"class_list":["post-70532","post","type-post","status-publish","format-standard","has-post-thumbnail","category-entresemana","category-moises-sanchez-limon","category-opinion"],"_links":{"self":[{"href":"https:\/\/redsemlac.com\/semmexico\/wp-json\/wp\/v2\/posts\/70532","targetHints":{"allow":["GET"]}}],"collection":[{"href":"https:\/\/redsemlac.com\/semmexico\/wp-json\/wp\/v2\/posts"}],"about":[{"href":"https:\/\/redsemlac.com\/semmexico\/wp-json\/wp\/v2\/types\/post"}],"author":[{"embeddable":true,"href":"https:\/\/redsemlac.com\/semmexico\/wp-json\/wp\/v2\/users\/3"}],"replies":[{"embeddable":true,"href":"https:\/\/redsemlac.com\/semmexico\/wp-json\/wp\/v2\/comments?post=70532"}],"version-history":[{"count":0,"href":"https:\/\/redsemlac.com\/semmexico\/wp-json\/wp\/v2\/posts\/70532\/revisions"}],"wp:featuredmedia":[{"embeddable":true,"href":"https:\/\/redsemlac.com\/semmexico\/wp-json\/wp\/v2\/media\/41799"}],"wp:attachment":[{"href":"https:\/\/redsemlac.com\/semmexico\/wp-json\/wp\/v2\/media?parent=70532"}],"wp:term":[{"taxonomy":"category","embeddable":true,"href":"https:\/\/redsemlac.com\/semmexico\/wp-json\/wp\/v2\/categories?post=70532"},{"taxonomy":"post_tag","embeddable":true,"href":"https:\/\/redsemlac.com\/semmexico\/wp-json\/wp\/v2\/tags?post=70532"}],"curies":[{"name":"wp","href":"https:\/\/api.w.org\/{rel}","templated":true}]}}