{"id":70529,"date":"2023-08-26T11:35:46","date_gmt":"2023-08-26T17:35:46","guid":{"rendered":"https:\/\/redsemlac.com\/semmexico\/?p=70529"},"modified":"2023-08-26T15:45:42","modified_gmt":"2023-08-26T21:45:42","slug":"feministas-exigen-renuncia-de-jueza-de-control-en-estado-de-mexico-por-caso-de-violacion-al-interior-del-penal-de-chalco","status":"publish","type":"post","link":"https:\/\/redsemlac.com\/semmexico\/feministas-exigen-renuncia-de-jueza-de-control-en-estado-de-mexico-por-caso-de-violacion-al-interior-del-penal-de-chalco\/","title":{"rendered":"Feministas exigen renuncia de jueza de control en Estado de M\u00e9xico por caso de violaci\u00f3n al interior del penal de Chalco"},"content":{"rendered":"\n<p class=\"wp-block-paragraph\">El 15 del presente se supo que el a\u00f1o pasado un hombre preso en la secci\u00f3n de mujeres del Centro Penitenciario y de Reinserci\u00f3n Social de Chalco, Estado de M\u00e9xico, agredi\u00f3 sexualmente a una compa\u00f1era de celda. No s\u00f3lo eso: pocos meses antes, durante su estancia en ese centro, ya hab\u00eda agredido a otra mujer privada de la libertad<\/p>\n\n\n\n<p class=\"wp-block-paragraph\">Redacci\u00f3n<\/p>\n\n\n\n<p class=\"wp-block-paragraph\"><em>SemM\u00e9xico\/LaCostillaRota,&nbsp; Ciudad de M\u00e9xico, 25 de agosto, 2023.-<\/em>&nbsp;Mediante un comunicado dirigido a la sociedad civil, a los grupos de mujeres, a las autoridades penitenciarias del Estado de M\u00e9xico, a la Comisi\u00f3n de Derechos Humanos del Estado de M\u00e9xico y a la Comisi\u00f3n Nacional de Derechos Humanos, activistas feministas de Mujeres M\u00e9xico y Declaraci\u00f3n Internacional de las Mujeres, M\u00e9xico, condenaron la violaci\u00f3n que un hombre con antecedentes de violencia sexual, cometiera en contra de una mujer al interior del penal femenil de Chalco de Covarruvias, EDOMEX.<\/p>\n\n\n\n<p class=\"wp-block-paragraph\">El 15 del presente se supo que el a\u00f1o pasado un hombre preso en la secci\u00f3n de mujeres del Centro Penitenciario y de Reinserci\u00f3n Social de Chalco, Estado de M\u00e9xico, agredi\u00f3 sexualmente a una compa\u00f1era de celda. No s\u00f3lo eso: pocos meses antes, durante su estancia en ese centro, ya hab\u00eda agredido a otra mujer privada de la libertad.<\/p>\n\n\n\n<p class=\"wp-block-paragraph\">\u00bfQu\u00e9 hac\u00eda un hombre compartiendo el mismo espacio con mujeres en una c\u00e1rcel femenil?<\/p>\n\n\n\n<p class=\"wp-block-paragraph\">La explicaci\u00f3n, aclaran, es que este hombre \u201cse identifica como mujer\u201d o, como escriben los medios que han cubierto la nota, es \u201cuna mujer trans\u201d.<\/p>\n\n\n\n<p class=\"wp-block-paragraph\">As\u00ed mismo, expresaron que, como dice la recomendaci\u00f3n 12\/2022 de la Comisi\u00f3n de Derechos Humanos del Estado de M\u00e9xico (CODHEM), este agresor sexual \u201crefiri\u00f3 ser una persona transg\u00e9nero\u201d y la jueza de Control del Distrito Judicial de Chalco \u201csolicit\u00f3 al Director del CPRS de Chalco, tomara cada una de las medidas inherentes con la finalidad de que [esta persona] fuera ubicada en el \u00e1rea femenil\u201d, lo cual fue \u2018resuelto\u2019 por la CODHEM con la impartici\u00f3n al personal de un curso con \u201cperspectiva de g\u00e9nero\u201d, como si eso fuera a subsanar la violencia sexual, como si eso garantizara que las presas no volver\u00e1n a estar expuestas a la violencia masculina dentro del reclusorio, acusaron.<\/p>\n\n\n\n<p class=\"wp-block-paragraph\">Agregaron que \u00abesa comisi\u00f3n critic\u00f3 que hubieran compartido el mismo espacio, pero no dice nada sobre el problema de fondo: \u00a1\u00bfqu\u00e9 hace un hombre en una c\u00e1rcel de mujeres?! Este acto de violencia masculina es una prueba m\u00e1s de que las normas de autodeterminaci\u00f3n del sexo registral (\u201cautodeclaraci\u00f3n del g\u00e9nero sentido\u201d) y la doctrina de la identidad de g\u00e9nero vulneran los derechos de las mujeres a una vida libre de violencia. La omisi\u00f3n de las autoridades, el solo hecho de que hayan permitido a ese hombre convivir con mujeres presas, es un acto de revictimizaci\u00f3n institucional, violatorio de la Ley General de Acceso de las Mujeres a una Vida Libre de Violencia\u00bb<\/p>\n\n\n\n<p class=\"wp-block-paragraph\">As\u00ed mismo, argumentaron que, en su art\u00edculo 18, la Constituci\u00f3n Pol\u00edtica de los Estados Unidos Mexicanos establece que las mujeres habr\u00e1n de compurgar sus penas en lugares separados de los destinados a los hombres para tal efecto, lo cual, seg\u00fan informes de la Comisi\u00f3n Nacional de los Derechos Humanos sobre la situaci\u00f3n de las mujeres internas en centros de reclusi\u00f3n del pa\u00eds, no se aplica pues no hay una estricta separaci\u00f3n entre hombres y mujeres en todos los penales, no obstante la especial situaci\u00f3n de vulnerabilidad en que se encuentran las internas, lo que las hace susceptibles a toda clase de abusos.<\/p>\n\n\n\n<p class=\"wp-block-paragraph\">En el caso del centro penitenciario de Chalco, las activistas explicaron que se oblig\u00f3 a reclusas a compartir celda con un hombre, pero adem\u00e1s uno con antecedentes de violencia sexual, el cual adem\u00e1s todav\u00eda se conoce que se encuentra recluido en el mismo sitio que las mujeres que agredi\u00f3 impunemente.<\/p>\n\n\n\n<p class=\"wp-block-paragraph\">Finalmente, las activistas hicieron un llamado a las autoridades y convocaron a las personas que deseen sumarse a apoyar su petici\u00f3n en la plataforma&nbsp;<a href=\"https:\/\/chng.it\/6wTmzxvGCp\">change.org<\/a><\/p>\n\n\n\n<p class=\"wp-block-paragraph\">CONDENAMOS que en nombre de una supuesta inclusi\u00f3n y no discriminaci\u00f3n se prioricen los sentimientos de los hombres, mientras se vulneran y violan los derechos de las mujeres.<\/p>\n\n\n\n<p class=\"wp-block-paragraph\"><strong>RECORDAMOS<\/strong> que los hombres no pueden ser mujeres, aunque se digan \u201cpersonas transg\u00e9nero\u201d o poseedores de una \u201cidentidad de g\u00e9nero femenina\u201d.<\/p>\n\n\n\n<p class=\"wp-block-paragraph\"><strong>DECLARAMOS <\/strong>que los derechos de las mujeres se basan en el sexo, no en un \u201cg\u00e9nero auto percibido\u201d ni en una \u201cidentidad de g\u00e9nero\u201d o alma estereotipada.<\/p>\n\n\n\n<p class=\"wp-block-paragraph\"><strong>RECHAZAMOS<\/strong> la imposici\u00f3n ideol\u00f3gica de la doctrina de la \u201cidentidad de g\u00e9nero\u201d por ser contraria a los derechos humanos de las mujeres. Los hombres que dicen \u201csentirse mujeres\u201d no dejan de ser hombres, y su autodeclaraci\u00f3n de g\u00e9nero, como el caso que nos ocupa confirma, no garantiza que no ejercer\u00e1n violencia sexual masculina.<\/p>\n\n\n\n<p class=\"wp-block-paragraph\"><strong>EXIGIMOS<\/strong> a las autoridades que se castigue al agresor sexual de Chalco, se ordene su transferencia inmediata a un centro penitenciario masculino (en caso de permanecer a\u00fan en el de Chalco u otro centro femenil) y que se tomen medidas para resarcir el da\u00f1o a las v\u00edctimas.<\/p>\n\n\n\n<p class=\"wp-block-paragraph\"><strong>EXIGIMOS<\/strong> a la jueza de control que hab\u00eda ordenado la ubicaci\u00f3n de un hombre en el dormitorio femenil que renuncie y ofrezca disculpas a las sobrevivientes de sus agresiones.<\/p>\n\n\n\n<p class=\"wp-block-paragraph\"><strong>EXIGIMOS<\/strong> a las autoridades cumplir estrictamente con la Constituci\u00f3n y asegurarse de que en ninguna prisi\u00f3n femenil haya hombres recluidos, independientemente de su \u201cidentidad de g\u00e9nero\u201d. <\/p>\n\n\n\n<p class=\"wp-block-paragraph\">https:\/\/chng.it\/6wTmzxvGCp<\/p>\n","protected":false},"excerpt":{"rendered":"<p>El 15 del presente se supo que el a\u00f1o pasado un hombre preso en la secci\u00f3n de mujeres del Centro Penitenciario y de Reinserci\u00f3n Social de Chalco, Estado de M\u00e9xico, agredi\u00f3 sexualmente a una compa\u00f1era de celda.<\/p>\n","protected":false},"author":3,"featured_media":70530,"comment_status":"open","ping_status":"open","sticky":false,"template":"","format":"standard","meta":{"_monsterinsights_skip_tracking":false,"footnotes":""},"categories":[48],"tags":[],"class_list":["post-70529","post","type-post","status-publish","format-standard","has-post-thumbnail","category-no-mas-impunidad-no-mas-impunidad"],"_links":{"self":[{"href":"https:\/\/redsemlac.com\/semmexico\/wp-json\/wp\/v2\/posts\/70529","targetHints":{"allow":["GET"]}}],"collection":[{"href":"https:\/\/redsemlac.com\/semmexico\/wp-json\/wp\/v2\/posts"}],"about":[{"href":"https:\/\/redsemlac.com\/semmexico\/wp-json\/wp\/v2\/types\/post"}],"author":[{"embeddable":true,"href":"https:\/\/redsemlac.com\/semmexico\/wp-json\/wp\/v2\/users\/3"}],"replies":[{"embeddable":true,"href":"https:\/\/redsemlac.com\/semmexico\/wp-json\/wp\/v2\/comments?post=70529"}],"version-history":[{"count":0,"href":"https:\/\/redsemlac.com\/semmexico\/wp-json\/wp\/v2\/posts\/70529\/revisions"}],"wp:featuredmedia":[{"embeddable":true,"href":"https:\/\/redsemlac.com\/semmexico\/wp-json\/wp\/v2\/media\/70530"}],"wp:attachment":[{"href":"https:\/\/redsemlac.com\/semmexico\/wp-json\/wp\/v2\/media?parent=70529"}],"wp:term":[{"taxonomy":"category","embeddable":true,"href":"https:\/\/redsemlac.com\/semmexico\/wp-json\/wp\/v2\/categories?post=70529"},{"taxonomy":"post_tag","embeddable":true,"href":"https:\/\/redsemlac.com\/semmexico\/wp-json\/wp\/v2\/tags?post=70529"}],"curies":[{"name":"wp","href":"https:\/\/api.w.org\/{rel}","templated":true}]}}