{"id":70525,"date":"2023-08-25T17:31:53","date_gmt":"2023-08-25T23:31:53","guid":{"rendered":"https:\/\/redsemlac.com\/semmexico\/?p=70525"},"modified":"2023-08-25T17:31:55","modified_gmt":"2023-08-25T23:31:55","slug":"mujeres-victimas-exigen-al-congreso-de-chiapas-apruebe-el-delito-de-violencia-vicaria","status":"publish","type":"post","link":"https:\/\/redsemlac.com\/semmexico\/mujeres-victimas-exigen-al-congreso-de-chiapas-apruebe-el-delito-de-violencia-vicaria\/","title":{"rendered":"Mujeres v\u00edctimas exigen al congreso de Chiapas apruebe el delito de violencia vicaria"},"content":{"rendered":"\n<ul class=\"wp-block-list\">\n<li><strong>El Frente Nacional contra la Violencia Vicaria denunci\u00f3 la indiferencia de las y los legisladores para tipificar este tipo de violencia de g\u00e9nero<\/strong><\/li>\n<\/ul>\n\n\n\n<p class=\"wp-block-paragraph\"><strong>Gabriela Couti\u00f1o<\/strong><\/p>\n\n\n\n<p class=\"wp-block-paragraph\">SemM\u00e9xico, Tuxtla Guti\u00e9rrez, Chis. 25 de agosto, 2023.- Un grupo de mujeres, todas ellas v\u00edctimas de violencia vicaria, se manifestaron en el Congreso del Estado, para exponer sus casos y pedir que la diputaci\u00f3n avance con la tipificaci\u00f3n de este tipo de violencia de g\u00e9nero en Chiapas.<\/p>\n\n\n\n<p class=\"wp-block-paragraph\">La concentraci\u00f3n, convocada por el Frente Nacional Contra la Violencia Vicaria, se realiz\u00f3 a prop\u00f3sito del D\u00eda Naranja que se conmemora todos los 25 de cada mes como parte de las acciones que permitan la Eliminaci\u00f3n de Violencia Contra las Mujeres y las Ni\u00f1as.<\/p>\n\n\n\n<p class=\"wp-block-paragraph\">Vestidas de naranja las mujeres portaban letras de cart\u00f3n con el mensaje: \u00a1Ley Vicaria en Chiapas Ya! \u201cEl agresor nos mata en vida cuando sustrae a nuestros hijos\u00bb, \u00abun agresor jam\u00e1s ser\u00e1 un buen padre\u00bb, manifestaron.<\/p>\n\n\n\n<p class=\"wp-block-paragraph\">\u201cLlevamos 24 estados con la ley vicaria aprobada, y tambi\u00e9n a nivel federal; pero estamos viendo un serio atraso en los estados m\u00e1s machistas y\/o con m\u00e1s detractores pol\u00edticos\u201d, dijo Eileen Rodr\u00edguez L\u00f3pez, dirigente en Chiapas del Frente Nacional contra la Violencia Vicaria.<\/p>\n\n\n<div class=\"wp-block-image\">\n<figure class=\"aligncenter size-full\"><a href=\"https:\/\/redsemlac.com\/semmexico\/wp-content\/uploads\/2023\/08\/Screenshot_20230825_172701_Word.jpg\"><img loading=\"lazy\" decoding=\"async\" width=\"564\" height=\"370\" src=\"https:\/\/redsemlac.com\/semmexico\/wp-content\/uploads\/2023\/08\/Screenshot_20230825_172701_Word.jpg\" alt=\"\" class=\"wp-image-70526\"\/><\/a><\/figure>\n<\/div>\n\n\n<p class=\"wp-block-paragraph\">La madre quien se convirti\u00f3 en activista luego que les arrebataran a sus tres hijos, dijo que cada d\u00eda llegan al frente entre 8 y 10 mujeres que viven violencia vicaria, pidiendo ayuda y contenci\u00f3n, \u201ces una violencia real\u201d, expres\u00f3.<\/p>\n\n\n\n<p class=\"wp-block-paragraph\">Asegur\u00f3 que este tipo de violencia de g\u00e9nero ha ido en aumento, pues en el Frente Nacional, \u201csomos 3 mil639 mujeres, madres registradas; y estas mujeres representan 7 mil642 infancias quienes se encuentran sufriendo violencia vicaria\u201d.<\/p>\n\n\n\n<p class=\"wp-block-paragraph\">Rodr\u00edguez L\u00f3pez se\u00f1al\u00f3 que en Chiapas tienen registros de al menos 64 casos confirmados en procesos legales e identificados con las caracter\u00edsticas de agresores Vicarios.<\/p>\n\n\n\n<p class=\"wp-block-paragraph\">Narr\u00f3 el caso m\u00e1s reciente, \u201cun terrible caso que se present\u00f3 el pasado mes de marzo en el municipio de Amatan aqu\u00ed en Chiapas, donde el agresor ante la decisi\u00f3n de la mujer por poner fin al ciclo de violencia envenen\u00f3 a toda la familia, dando como resultado el infanticidio de uno de los menores\u201d.<\/p>\n\n\n\n<p class=\"wp-block-paragraph\">Por lo que \u201cante esta ola de Violencia de G\u00e9nero contra las mujeres y como victimas indirectas ni\u00f1os y ni\u00f1as, exigimos la lectura y aprobaci\u00f3n de la Ley Vicaria o Por interp\u00f3sita Persona que, presentada en junio de 2022, para que se legisle y se proteja a quienes son v\u00edctimas directa o indirectamente de esta terrible violencia\u201d.<\/p>\n\n\n\n<p class=\"wp-block-paragraph\">Las madres que peregrinan en los juzgados familiares denunciaron la indiferencia de las y los integrantes del Congreso del estado, pues la iniciativa de ley presentada desde el a\u00f1o pasado ni siquiera ha pasado a lectura.<\/p>\n","protected":false},"excerpt":{"rendered":"<p>El Frente Nacional contra la Violencia Vicaria denunci\u00f3 la indiferencia de las y los legisladores para tipificar este tipo de violencia de g\u00e9nero<\/p>\n","protected":false},"author":3,"featured_media":70527,"comment_status":"open","ping_status":"open","sticky":false,"template":"","format":"standard","meta":{"_monsterinsights_skip_tracking":false,"footnotes":""},"categories":[48],"tags":[],"class_list":["post-70525","post","type-post","status-publish","format-standard","has-post-thumbnail","category-no-mas-impunidad-no-mas-impunidad"],"_links":{"self":[{"href":"https:\/\/redsemlac.com\/semmexico\/wp-json\/wp\/v2\/posts\/70525","targetHints":{"allow":["GET"]}}],"collection":[{"href":"https:\/\/redsemlac.com\/semmexico\/wp-json\/wp\/v2\/posts"}],"about":[{"href":"https:\/\/redsemlac.com\/semmexico\/wp-json\/wp\/v2\/types\/post"}],"author":[{"embeddable":true,"href":"https:\/\/redsemlac.com\/semmexico\/wp-json\/wp\/v2\/users\/3"}],"replies":[{"embeddable":true,"href":"https:\/\/redsemlac.com\/semmexico\/wp-json\/wp\/v2\/comments?post=70525"}],"version-history":[{"count":0,"href":"https:\/\/redsemlac.com\/semmexico\/wp-json\/wp\/v2\/posts\/70525\/revisions"}],"wp:featuredmedia":[{"embeddable":true,"href":"https:\/\/redsemlac.com\/semmexico\/wp-json\/wp\/v2\/media\/70527"}],"wp:attachment":[{"href":"https:\/\/redsemlac.com\/semmexico\/wp-json\/wp\/v2\/media?parent=70525"}],"wp:term":[{"taxonomy":"category","embeddable":true,"href":"https:\/\/redsemlac.com\/semmexico\/wp-json\/wp\/v2\/categories?post=70525"},{"taxonomy":"post_tag","embeddable":true,"href":"https:\/\/redsemlac.com\/semmexico\/wp-json\/wp\/v2\/tags?post=70525"}],"curies":[{"name":"wp","href":"https:\/\/api.w.org\/{rel}","templated":true}]}}