{"id":70520,"date":"2023-08-25T16:38:15","date_gmt":"2023-08-25T22:38:15","guid":{"rendered":"https:\/\/redsemlac.com\/semmexico\/?p=70520"},"modified":"2023-08-25T16:38:17","modified_gmt":"2023-08-25T22:38:17","slug":"colectivos-de-buscadoras-exigen-a-amlo-no-manipular-el-nuevo-censo-de-las-y-los-desparecidos","status":"publish","type":"post","link":"https:\/\/redsemlac.com\/semmexico\/colectivos-de-buscadoras-exigen-a-amlo-no-manipular-el-nuevo-censo-de-las-y-los-desparecidos\/","title":{"rendered":"Colectivos de buscadoras exigen a AMLO no manipular el \u201cnuevo censo\u201d de las y los desparecidos"},"content":{"rendered":"\n<ul class=\"wp-block-list\">\n<li>Advierten que debe ser transparente la metodolog\u00eda y la informaci\u00f3n para ser cre\u00edble<\/li>\n\n\n\n<li>El registro actual tiene claros datos de las personas localizadas, se gastar\u00e1 un dinero que deb\u00eda invertirse en la b\u00fasqueda<\/li>\n\n\n\n<li>Especialista teme al rasurar el Registro, habr\u00e1 una segunda desaparici\u00f3n para las familias<\/li>\n<\/ul>\n\n\n\n<p class=\"wp-block-paragraph\">Sara Lovera<br>SemM\u00e9xico, Ciudad de M\u00e9xico, 25 de agosto, 2023.- Colectivos de madres buscadoras plantearon, tras la renuncia de Karla Quintero Osuna, que el anuncio de \u201cun nuevo censo\u201d, podr\u00eda significar una manipulaci\u00f3n de datos, una estrategia para disminuir el verdadero tama\u00f1o del problema, por lo que exigen el gobierno que les informe de la metodolog\u00eda que se usar\u00e1 y transparente todo lo que haga.<\/p>\n\n\n\n<p class=\"wp-block-paragraph\"><br>Ello tras el anuncio reiterado del presidente Andr\u00e9s Manuel L\u00f3pez Obrador, de realizar un \u201cconteo\u201d justos y demeritar la renuncia de la Comisionada Quintero Osuna. Advirtieron que debe respetarse el Registro Nacional de Personas Desaparecidas, que podr\u00eda ser m\u00e1s grande y no menor como ha dijo el ejecutivo.<\/p>\n\n\n\n<figure class=\"wp-block-image size-large\"><a href=\"https:\/\/redsemlac.com\/semmexico\/wp-content\/uploads\/2023\/08\/Screenshot_20230825_163439_Word.jpg\"><img decoding=\"async\" src=\"https:\/\/redsemlac.com\/semmexico\/wp-content\/uploads\/2023\/08\/Screenshot_20230825_163439_Word-599x1024.jpg\" alt=\"\" class=\"wp-image-70521\"\/><\/a><\/figure>\n\n\n\n<p class=\"wp-block-paragraph\"><br>As\u00ed expres\u00f3 El Movimiento por Nuestros Desaparecidos en M\u00e9xico en un posicionamiento publicado en redes sociales y algunas entrevistas con medios radiales desde ayer. Organizaci\u00f3n que aglutina a m\u00e1s de 84 colectivos de 25 estados de la Rep\u00fablica mexicana y de 3 pa\u00edses de Centroam\u00e9rica acompa\u00f1adas por cerca de 40 organizaciones civiles.<br>Afirman que \u201cvigilaremos siempre que el actuar del Estado priorice la b\u00fasqueda e identificaci\u00f3n de personas. Exigimos transparentar las acciones en materia de registro y censo de personas desaparecidas\u201d.<\/p>\n\n\n\n<p class=\"wp-block-paragraph\"><br>Pidieron participar en la selecci\u00f3n de la nueva comisionada, tal y como establece la ley en el sentido de consultar a las v\u00edctimas indirectas, a las familias y a la sociedad interesada. Afirmaron que no aceptar\u00e1n resultados si \u00e9stos no se acompa\u00f1an de evidencias documentadas.<\/p>\n\n\n\n<p class=\"wp-block-paragraph\"><br>Tambi\u00e9n se\u00f1alaron que en los \u00faltimos a\u00f1os se pudo precisar la informaci\u00f3n de m\u00e1s de 25 mil ni\u00f1as y mujeres desaparecidas en esta administraci\u00f3n, sin embargo, ahora est\u00e1 pendiente la pol\u00edtica p\u00fablica para frenar esta situaci\u00f3n, dijeron, y forma parte de la de g\u00e9nero de esta administraci\u00f3n.<\/p>\n\n\n\n<p class=\"wp-block-paragraph\"><br>Advirtieron que, en lugar de mejorar los sistemas de b\u00fasqueda, el Gobierno Federal va a invertir en un nuevo \u201ccenso\u201d, sin justificaci\u00f3n clara, porque en los datos si es claro el n\u00famero de personas que han aparecido, tanto sin vida como vivos y vivas.<\/p>\n\n\n\n<p class=\"wp-block-paragraph\"><strong>Desaparecidos por segunda vez: Rafael Hern\u00e1ndez Estrada<\/strong><br>Actualmente el registro oficial se\u00f1ala que son 110 mil 914 personas desaparecidas y no localizadas, m\u00e1s 13 mil 158 que fueron localizadas sin vida despu\u00e9s de su desaparici\u00f3n.<br>Seg\u00fan el especialista Rafael Hern\u00e1ndez Estrada se teme que el gobierno federal anunciar\u00e1 una dr\u00e1stica reducci\u00f3n de esas cifras. Lo que podr\u00eda ocurrir, \u201cno a partir de la inteligencia y la investigaci\u00f3n policial, la resoluci\u00f3n judicial de los casos o la localizaci\u00f3n de las personas ausentes\u201d, sino a resultas de un nuevo \u201ccenso del bienestar\u201d y advierte que ello se operar\u00e1 con la intervenci\u00f3n de los mal llamados servidores de la naci\u00f3n quienes, puede suponerse \u201crasurar\u00e1n decenas de miles de casos\u201d.<\/p>\n\n\n\n<p class=\"wp-block-paragraph\">Esta ser\u00e1, escribe, una \u201coperaci\u00f3n que revictimizar\u00e1 a los afectados y a sus familiares\u201d, esto es una segunda desaparici\u00f3n.<br>, quienes ver\u00e1n desaparecer a los suyos por segunda vez. que ocurrir\u00e1 no<\/p>\n\n\n\n<p class=\"wp-block-paragraph\">Sostiene que, al 17 de agosto de 2023, en el registro oficia contabiliz\u00f3 m\u00e1s de 292 mil casos de desaparici\u00f3n, de los cuales fueron localizadas 181 mil personas, entre \u00e9stas,167 mil vivas y 13 mil sin vida. Un total de 110 mil 914 personas siguen como desaparecidas y no localizadas.<\/p>\n\n\n<div class=\"wp-block-image\">\n<figure class=\"aligncenter size-full is-resized\"><a href=\"https:\/\/redsemlac.com\/semmexico\/wp-content\/uploads\/2023\/08\/Screenshot_20230825_163435_Word.jpg\"><img loading=\"lazy\" decoding=\"async\" src=\"https:\/\/redsemlac.com\/semmexico\/wp-content\/uploads\/2023\/08\/Screenshot_20230825_163435_Word.jpg\" alt=\"\" class=\"wp-image-70522\" style=\"width:825px;height:467px\" width=\"825\" height=\"467\"\/><\/a><\/figure>\n<\/div>\n\n\n<p class=\"wp-block-paragraph\">Seg\u00fan los datos oficiales, la desaparici\u00f3n forzada afecta mayormente a los hombres j\u00f3venes de los 15 a los 30 a\u00f1os y, en los casos en que las v\u00edctimas son mujeres, destaca el grupo de edad de entre los 15 y los 19 a\u00f1os.<\/p>\n\n\n\n<p class=\"wp-block-paragraph\"><br>Los estados que sobresalen en n\u00famero de desapariciones son Tamaulipas y Jalisco; en segundo lugar, el Estado de M\u00e9xico, Veracruz, Nuevo Le\u00f3n, Sinaloa y Sonora, al que le siguen Michoac\u00e1n, Guerrero, Coahuila, Chihuahua, Zacatecas y Baja California.<br>El especialista record\u00f3 que, en 2011, durante el sexenio de Felipe Calder\u00f3n, se reportaron 11 mil desapariciones; hubo 17 mil en 2017, que fue el a\u00f1o con m\u00e1s casos durante la administraci\u00f3n de Enrique Pe\u00f1a Nieto. Pero en el presente sexenio las cifras se dispararon con un promedio de 23 mil desapariciones por a\u00f1o.<\/p>\n\n\n\n<p class=\"wp-block-paragraph\">El reporte de 2023, hasta la primera quincena de agosto, contabiliz\u00f3 16 mil 177 personas desaparecidas, cifra que apunta para que al cierre de este a\u00f1o se acumulen entre 24 y 25 mil nuevos casos.<\/p>\n\n\n\n<p class=\"wp-block-paragraph\">El presidente de la Rep\u00fablica anunci\u00f3 el 31 de julio la actualizaci\u00f3n del censo de personas desaparecidas a cargo de \u201clos servidores de la naci\u00f3n, que son los que trabajan en las colonias, en las comunidades\u201d. A ello se atribuye la renuncia de Karla Quintero Osuna, quien inform\u00f3 que hab\u00eda trabajado durante 4 a\u00f1os, precisamente en tener un registro riguroso y cre\u00edble.<\/p>\n\n\n\n<p class=\"wp-block-paragraph\">Nuestra lucha por verdad y justicia cruza fronteras, como las mariposas. No hay barreras que puedan detenernos. Hasta encontrarles. #MariposasDeEsperanza \ud83e\udd8b<\/p>\n","protected":false},"excerpt":{"rendered":"<p>Sara LoveraSemM\u00e9xico, Ciudad de M\u00e9xico, 25 de agosto, 2023.- Colectivos de madres buscadoras plantearon, tras la renuncia de Karla Quintero Osuna, que el anuncio de \u201cun nuevo censo\u201d, podr\u00eda significar una manipulaci\u00f3n de datos, una estrategia para disminuir el verdadero tama\u00f1o del problema, por lo que exigen el gobierno que les informe de la metodolog\u00eda [&hellip;]<\/p>\n","protected":false},"author":3,"featured_media":70523,"comment_status":"open","ping_status":"open","sticky":false,"template":"","format":"standard","meta":{"_monsterinsights_skip_tracking":false,"footnotes":""},"categories":[48],"tags":[],"class_list":["post-70520","post","type-post","status-publish","format-standard","has-post-thumbnail","category-no-mas-impunidad-no-mas-impunidad"],"_links":{"self":[{"href":"https:\/\/redsemlac.com\/semmexico\/wp-json\/wp\/v2\/posts\/70520","targetHints":{"allow":["GET"]}}],"collection":[{"href":"https:\/\/redsemlac.com\/semmexico\/wp-json\/wp\/v2\/posts"}],"about":[{"href":"https:\/\/redsemlac.com\/semmexico\/wp-json\/wp\/v2\/types\/post"}],"author":[{"embeddable":true,"href":"https:\/\/redsemlac.com\/semmexico\/wp-json\/wp\/v2\/users\/3"}],"replies":[{"embeddable":true,"href":"https:\/\/redsemlac.com\/semmexico\/wp-json\/wp\/v2\/comments?post=70520"}],"version-history":[{"count":0,"href":"https:\/\/redsemlac.com\/semmexico\/wp-json\/wp\/v2\/posts\/70520\/revisions"}],"wp:featuredmedia":[{"embeddable":true,"href":"https:\/\/redsemlac.com\/semmexico\/wp-json\/wp\/v2\/media\/70523"}],"wp:attachment":[{"href":"https:\/\/redsemlac.com\/semmexico\/wp-json\/wp\/v2\/media?parent=70520"}],"wp:term":[{"taxonomy":"category","embeddable":true,"href":"https:\/\/redsemlac.com\/semmexico\/wp-json\/wp\/v2\/categories?post=70520"},{"taxonomy":"post_tag","embeddable":true,"href":"https:\/\/redsemlac.com\/semmexico\/wp-json\/wp\/v2\/tags?post=70520"}],"curies":[{"name":"wp","href":"https:\/\/api.w.org\/{rel}","templated":true}]}}