{"id":70516,"date":"2023-08-25T16:30:53","date_gmt":"2023-08-25T22:30:53","guid":{"rendered":"https:\/\/redsemlac.com\/semmexico\/?p=70516"},"modified":"2023-08-25T16:30:56","modified_gmt":"2023-08-25T22:30:56","slug":"ampliar-licencias-de-maternidad-de-12-a-24-semanas-para-asegurar-la-lactancia-materna-el-gobierno-dice-no","status":"publish","type":"post","link":"https:\/\/redsemlac.com\/semmexico\/ampliar-licencias-de-maternidad-de-12-a-24-semanas-para-asegurar-la-lactancia-materna-el-gobierno-dice-no\/","title":{"rendered":"Ampliar licencias de maternidad de 12 a 24 semanas para asegurar la lactancia materna, el gobierno dice no"},"content":{"rendered":"\n<ul class=\"wp-block-list\">\n<li>M\u00e9xico no ha ratificado Convenio 183 de la OIT sobre protecci\u00f3n a la maternidad<\/li>\n\n\n\n<li><strong>8\u00ba. Foro de Lactancia Materna, hace un llamado a todos los sectores para hacer justicia a las madres, a las ni\u00f1as y a los ni\u00f1os<\/strong><\/li>\n<\/ul>\n\n\n\n<p class=\"wp-block-paragraph\">Elda Montiel<br>SemM\u00e9xico, Ciudad de M\u00e9xico, 25 de agosto, 2023.- La exigencia de ampliar las licencias por maternidad de 12 a 24 semanas por los beneficios que representa en ahorros en gastos de enfermedades en mujeres, ni\u00f1as y ni\u00f1os, as\u00ed como las ausencias laborales hicieron las y los participantes en el 8\u00ba Foro de Lactancia Materna que se llev\u00f3 a cabo esta semana en el Centro M\u00e9dico Siglo XXI del Seguro Social.<\/p>\n\n\n\n<p class=\"wp-block-paragraph\"><br>Expusieron argumentos en los que coincidieron en decir que las mujeres no tendr\u00edan que elegir entre amamantar y trabajar para mejorar sus condiciones laborales; acordaron apoyar la lactancia materna en el trabajo, con el lema del Foro fue \u201cFacilitando la lactancia en todos los espacios\u201d.<\/p>\n\n\n\n<p class=\"wp-block-paragraph\"><br>La exigencia planteada es ampliar las licencias de maternidad de 12 a 24 semanas, ya que actualmente la ley espec\u00edfica 12 semanas, ni siquiera el m\u00ednimo de 14 semanas que plantean los organismos internacionales como la Organizaci\u00f3n Panamericana y Mundial de la Salud (OMS\/OPS) y el Convenio 183 de la Organizaci\u00f3n Internacional del Trabajo (OIT) sobre protecci\u00f3n materna, que M\u00e9xico a\u00fan se ratifica.<\/p>\n\n\n\n<p class=\"wp-block-paragraph\"><br>Tambi\u00e9n plantearon que M\u00e9xico se encuentra muy lejos de alcanzar las metas mundiales de nutrici\u00f3n de 70 por ciento de lactancia materna exclusiva para el a\u00f1o 2030, cuando s\u00f3lo se ha logrado que el 33.6 por ciento de las ni\u00f1as y ni\u00f1os menores de 6 meses reciban lactancia materna exclusiva, 45.1 por ciento contin\u00faan lactando despu\u00e9s de 1 a\u00f1o de edad.<\/p>\n\n\n\n<p class=\"wp-block-paragraph\"><br>Se expuso que a pesar de que la lactancia materna es una de las formas m\u00e1s eficaces de garantizar la salud y la supervivencia de ni\u00f1as y ni\u00f1os en primera infancia, menos de la mitad de los lactantes se alimentan exclusivamente con leche materna.<\/p>\n\n\n\n<p class=\"wp-block-paragraph\"><br>Una de las principales causas de abandono de la lactancia no es la falta de inter\u00e9s o de suministro de leche, sino el regreso de la madre al trabajo debido a la dificultad de conciliar la lactancia con la actividad laboral.<\/p>\n\n\n\n<p class=\"wp-block-paragraph\">Tambi\u00e9n se se\u00f1al\u00f3 que son 23 millones de mujeres que trabajan, 13 en el sector informal y 10 millones en el sector formal.<\/p>\n\n\n\n<p class=\"wp-block-paragraph\"><br>Entre las mujeres con empleo formal, solo 23.2 por ciento logran dar lactancia exclusiva por 6 meses, en comparaci\u00f3n con 29.5 por ciento de mujeres sin empleo (Ensanut, 2018). Por ello, dijeron, es urgente promover una pol\u00edtica de corresponsabilidad laboral que permita que las mujeres combinen sus funciones reproductivas y productivas.<\/p>\n\n\n<div class=\"wp-block-image\">\n<figure class=\"aligncenter size-full is-resized\"><a href=\"https:\/\/redsemlac.com\/semmexico\/wp-content\/uploads\/2023\/08\/Screenshot_20230825_160942_Word.jpg\"><img loading=\"lazy\" decoding=\"async\" src=\"https:\/\/redsemlac.com\/semmexico\/wp-content\/uploads\/2023\/08\/Screenshot_20230825_160942_Word.jpg\" alt=\"\" class=\"wp-image-70517\" style=\"width:795px;height:521px\" width=\"795\" height=\"521\"\/><\/a><\/figure>\n<\/div>\n\n\n<p class=\"wp-block-paragraph\"><br>En la inauguraci\u00f3n Jos\u00e9 Ignacio \u00c1valos, presidente del Pacto por la Primera Infancia se\u00f1al\u00f3 que el 8\u00ba Foro de Lactancia Materna es un llamado a mejorar las condiciones laborales para las mujeres con la exigencia de la ampliaci\u00f3n de la licencia materna de 12 a 24 semanas.<\/p>\n\n\n\n<p class=\"wp-block-paragraph\"><br>Consider\u00f3 que para el actual gobierno asegurar la lactancia materna les parece un costo muy alto, pero es posible sentar las bases para establecerlo en las siguientes administraciones.<\/p>\n\n\n\n<p class=\"wp-block-paragraph\"><br>Destac\u00f3 que a 13 a\u00f1os de que se comenz\u00f3 a impulsar la lactancia materna cuando se estableci\u00f3 la Estrategia Nacional de Lactancia Materna, se reconoci\u00f3 que es el motor de desarrollo para hacer de \u201cM\u00e9xico el mejor pa\u00eds para nacer\u201d.<\/p>\n\n\n\n<p class=\"wp-block-paragraph\"><br>La representante adjunta del Fondo de las Naciones Unidas para la Infancia, (UNICEF) Maki Kato alert\u00f3 que la lactancia materna exclusiva se encuentra amenazada por la desinformaci\u00f3n, mitos, practicas, costumbres, marketing agresivo de la industria de f\u00f3rmulas infantiles y el poco apoyo que reciben las madres en sus trabajos para alimentar a sus hijas e hijos con leche materna.<\/p>\n\n\n\n<p class=\"wp-block-paragraph\"><br>Mientras el diputado Emanuel Reyes Carmona, presidente de la Comisi\u00f3n de Salud de la C\u00e1mara de Diputados, resalt\u00f3 la necesidad de alianzas estrat\u00e9gicas ajenas a intereses econ\u00f3micos que privilegien el derecho humano a la lactancia \u201c. Aseguro que se hace el trabajo legislativo para impulsar leyes que permitan el libre desarrollo de la personalidad y que las madres puedan amamantar, como una de las formas m\u00e1s eficaces de garantizar la salud.<\/p>\n\n\n\n<p class=\"wp-block-paragraph\"><br>La ampliaci\u00f3n de la licencia materna duplica la inversi\u00f3n en ahorros<br>La doctora Olga Georgina Mart\u00ednez Monta\u00f1ez, coordinadora normativa de la direcci\u00f3n de Prestaciones Econ\u00f3micas y Sociales del Instituto Mexicano del Seguro Social (IMSS) expuso el impacto significativo en el gasto por maternidad al incrementar el n\u00famero de licencias y que de acuerdo a proyecciones los beneficios por ahorro en enfermedades en madres y ni\u00f1as y ni\u00f1os, atenci\u00f3n m\u00e9dica y gasto en f\u00f3rmulas l\u00e1cteas duplican el costo de la inversi\u00f3n.<\/p>\n\n\n\n<p class=\"wp-block-paragraph\"><br>Tambi\u00e9n se\u00f1al\u00f3 que la ampliaci\u00f3n de la licencia de maternidad requiere modificaciones al Art\u00edculo 123 Constitucional y las Leyes del Trabajo y del Seguro Social.<\/p>\n\n\n\n<p class=\"wp-block-paragraph\"><br><strong>IMSS garantizo lactancia materna a 134 mil ni\u00f1as y ni\u00f1os en 17 meses<\/strong><br>Por otra parte, la directora de Prestaciones M\u00e9dicas del IMSS, Celada Duque Molina dio a conocer que en 17 meses el IMSS garantiz\u00f3 la lactancia materna a 134 mil ni\u00f1os y asegur\u00f3 que \u201cno hay otra acci\u00f3n en salud que no tenga un costo econ\u00f3mico y alt\u00edsimo impacto en la salud de la mujer y del ni\u00f1o como la lactancia materna\u201d.<\/p>\n\n\n\n<p class=\"wp-block-paragraph\"><br>Consider\u00f3 que todos los ni\u00f1os y las mujeres merecen espacios y tiempos saludables, completos e integrales para continuar amamantando.<\/p>\n\n\n\n<p class=\"wp-block-paragraph\"><br>Duque Molina dijo que la lactancia materna es crucial para la supervivencia, la salud, el crecimiento y el desarrollo de un ni\u00f1o. Para ello es indispensable dar continuidad a las acciones de apoyo para las madres que se reincorporan a laborar, a fin de que sigan amamantando el tiempo que lo deseen si as\u00ed lo quieren.<\/p>\n\n\n\n<p class=\"wp-block-paragraph\">Agreg\u00f3 que con la difusi\u00f3n de la lactancia materna se podr\u00e1 lograr un impacto positivo, con el trabajo colaborativo de todos los actores de la sociedad, el gobierno, a trav\u00e9s del sector salud, las empresas, las academias y el sector privado.<\/p>\n\n\n\n<p class=\"wp-block-paragraph\"><br>En el Foro tambi\u00e9n se abordaron los retos que enfrentan las mujeres en el sector informal, al tratarse de un grupo social y econ\u00f3micamente vulnerable, por lo que se hizo un llamado a priorizar en M\u00e9xico la implementaci\u00f3n de pol\u00edticas p\u00fablicas que les permita ejercer su derecho a decidir el tipo de alimentaci\u00f3n que ofrecer\u00e1n a sus hijas e hijos, con la meta final de que no existan diferencias en la protecci\u00f3n social por el tipo de empleo y contrataci\u00f3n.<\/p>\n\n\n\n<p class=\"wp-block-paragraph\"><br>A la propuesta tambi\u00e9n se sum\u00f3 Anabel Bonvecchio Arenas, directora de Pol\u00edticas y Programas de Nutrici\u00f3n del Instituto Nacional de Salud P\u00fablica (INSP), dijo que las condiciones laborales amigables con la lactancia no solo tienen impacto positivo en la salud, tambi\u00e9n contribuyen al bienestar emocional y satisfacci\u00f3n de las madres en su \u00e1mbito de trabajo.<\/p>\n\n\n\n<p class=\"wp-block-paragraph\"><br>El representante de las organizaciones Panamericana y Mundial de la Salud (OPS\/OMS), Juan Manuel Sotelo Figueiredo, opin\u00f3 que M\u00e9xico va por buen camino en la promoci\u00f3n de la lactancia materna exclusiva.<\/p>\n\n\n\n<p class=\"wp-block-paragraph\"><br><strong>Situaci\u00f3n Internacional<\/strong><br>En el mundo, menos del 50 por ciento de infantes son alimentados de forma exclusiva con leche materna en sus primeros seis meses de edad; ese porcentaje tiene que aumentar, ya que este alimento previene enfermedades porque los anticuerpos que se generan protegen a las y los ni\u00f1os hasta por un a\u00f1o y medio<br>Tambi\u00e9n hubo un panel donde mujeres trabajadoras compartieron sus experiencias para concientizar sobre la importancia de apoyar la lactancia materna.<\/p>\n\n\n\n<p class=\"wp-block-paragraph\"><br>El Foro convoc\u00f3 al sector empresarial, legislativo, especialistas y representantes de la Secretaria de Salud, Secretaria del Trabajo y Previsi\u00f3n Social, el Instituto Mexicano del Seguro Social, y organismos internacionales como la Organizaci\u00f3n Mundial de la Salud (OMS), el Fondo de las Naciones Unidas para la Infancia (UNICEF), Save the Children y por organizaciones sociales como la Primera Infancia, 1 Kilo de Ayuda y la Universidad Iberoamericana.<\/p>\n","protected":false},"excerpt":{"rendered":"<p>Elda MontielSemM\u00e9xico, Ciudad de M\u00e9xico, 25 de agosto, 2023.- La exigencia de ampliar las licencias por maternidad de 12 a 24 semanas por los beneficios que representa en ahorros en gastos de enfermedades en mujeres, ni\u00f1as y ni\u00f1os, as\u00ed como las ausencias laborales hicieron las y los participantes en el 8\u00ba Foro de Lactancia Materna [&hellip;]<\/p>\n","protected":false},"author":3,"featured_media":70518,"comment_status":"open","ping_status":"open","sticky":false,"template":"","format":"standard","meta":{"_monsterinsights_skip_tracking":false,"footnotes":""},"categories":[703],"tags":[],"class_list":["post-70516","post","type-post","status-publish","format-standard","has-post-thumbnail","category-infancia"],"_links":{"self":[{"href":"https:\/\/redsemlac.com\/semmexico\/wp-json\/wp\/v2\/posts\/70516","targetHints":{"allow":["GET"]}}],"collection":[{"href":"https:\/\/redsemlac.com\/semmexico\/wp-json\/wp\/v2\/posts"}],"about":[{"href":"https:\/\/redsemlac.com\/semmexico\/wp-json\/wp\/v2\/types\/post"}],"author":[{"embeddable":true,"href":"https:\/\/redsemlac.com\/semmexico\/wp-json\/wp\/v2\/users\/3"}],"replies":[{"embeddable":true,"href":"https:\/\/redsemlac.com\/semmexico\/wp-json\/wp\/v2\/comments?post=70516"}],"version-history":[{"count":0,"href":"https:\/\/redsemlac.com\/semmexico\/wp-json\/wp\/v2\/posts\/70516\/revisions"}],"wp:featuredmedia":[{"embeddable":true,"href":"https:\/\/redsemlac.com\/semmexico\/wp-json\/wp\/v2\/media\/70518"}],"wp:attachment":[{"href":"https:\/\/redsemlac.com\/semmexico\/wp-json\/wp\/v2\/media?parent=70516"}],"wp:term":[{"taxonomy":"category","embeddable":true,"href":"https:\/\/redsemlac.com\/semmexico\/wp-json\/wp\/v2\/categories?post=70516"},{"taxonomy":"post_tag","embeddable":true,"href":"https:\/\/redsemlac.com\/semmexico\/wp-json\/wp\/v2\/tags?post=70516"}],"curies":[{"name":"wp","href":"https:\/\/api.w.org\/{rel}","templated":true}]}}