{"id":7047,"date":"2018-08-16T21:30:09","date_gmt":"2018-08-16T21:30:09","guid":{"rendered":"https:\/\/redsemlac.com\/semmexico\/?p=7047"},"modified":"2023-07-21T14:32:45","modified_gmt":"2023-07-21T19:32:45","slug":"entresemana-34","status":"publish","type":"post","link":"https:\/\/redsemlac.com\/semmexico\/entresemana-34\/","title":{"rendered":"Entresemana"},"content":{"rendered":"\n<p class=\"wp-block-paragraph\">La prensa, Moreno Valle y el cobro de facturas<\/p>\n\n\n\n<h5 class=\"wp-block-heading\"> \u2022 Cerr\u00f3 la llave a la publicidad<\/h5>\n\n\n\n<p class=\"wp-block-paragraph\"><a href=\"https:\/\/semmexico.com\/gallery-post.php?id=5581#\">Mois\u00e9s S\u00e1nchez<\/a><\/p>\n\n\n\n<p class=\"wp-block-paragraph\">SemM\u00e9xico, 16 agosto 2018.- Rafael Moreno Valle Rosas y Pablo Salazar Mendiguch\u00eda, pol\u00edticos que se encumbraron en el PRI, al que abandonaron para garantizar sus aspiraciones de poder, fueron gobernadores que llegaron al m\u00e1ximo cargo de elecci\u00f3n estatal nominados por alianzas partidistas opositoras al Revolucionario Institucional, encabezadas por el PAN. Y en su agenda de trabajo priorizaba el cobro de facturas.<\/p>\n\n\n\n<p class=\"wp-block-paragraph\">As\u00ed, cuando el 1 de febrero de 2011 Rafael Moreno Valle Rosas rindi\u00f3 protesta como gobernador del estado de Puebla, ante un auditorio que, azuzado por su discurso de mandatario debutante, aullaba venganza, segu\u00eda una ruta marcada el 8 de diciembre del a\u00f1o 2000, en la toma de posesi\u00f3n de Pablo Salazar Mendiguch\u00eda en el gobierno de Chiapas, cuyo discurso incendiario, ante el entrante presidente Vicente Fox, lindaba en el llamado a linchar a su antecesor, Roberto Albores Guill\u00e9n.<\/p>\n\n\n\n<p class=\"wp-block-paragraph\">La transici\u00f3n pol\u00edtica en los gobiernos de Puebla y Chiapas no fue nada tersa. Entra\u00f1\u00f3 el anuncio del cobro de facturas; la venganza aprobada desde la c\u00fapula del poder, de Los Pinos.<\/p>\n\n\n\n<p class=\"wp-block-paragraph\">Moreno Valle Rosas rindi\u00f3 protesta en un acto al que acudieron, con la representaci\u00f3n del entonces presidente Felipe Calder\u00f3n Hinojosa, los secretarios de Gobernaci\u00f3n, Francisco Blake Mora, y el del Trabajo y Previsi\u00f3n Social, Javier Lozano Alarc\u00f3n.<\/p>\n\n\n\n<p class=\"wp-block-paragraph\">Por supuesto, a entregar la estafeta, asisti\u00f3 el gobernador saliente Mario Mar\u00edn y el ex gobernador poblano Melquiades Morales, quien fuera jefe de Moreno Valle y, por supuesto, recibi\u00f3 el aplauso de la concurrencia.<\/p>\n\n\n\n<p class=\"wp-block-paragraph\">Pero, del discurso de Moreno Valle contra Mario Mar\u00edn se desgranaron abiertas advertencias, el amago de prisi\u00f3n, el banderazo de la persecuci\u00f3n de los amigos del llamado \u201cg\u00f3ber precioso\u201d, entre ellos el empresario Ricardo Henaine e integrantes del gabinete saliente.<\/p>\n\n\n\n<p class=\"wp-block-paragraph\">Y todo con la complacencia de los representantes presidenciales, en el caso del poblano y, del entonces presidente Fox, en el caso del chiapaneco que persigui\u00f3 a Albores Guill\u00e9n y su grupo; adem\u00e1s, esta cacer\u00eda de brujas incluy\u00f3 a la prensa. Empresarios de los medios de comunicaci\u00f3n, directivos y periodistas fueron perseguidos e incluso encarcelados, como ocurri\u00f3 con el director del diario Cuarto Poder, en Chiapas.<\/p>\n\n\n\n<p class=\"wp-block-paragraph\">En Puebla, la venganza contra Ricardo Henaine alcanz\u00f3 a los trabajadores del diario El Heraldo de Puebla. Moreno Valle consider\u00f3 que, si desalojaba a reporteros y trabajadores del peri\u00f3dico, del inmueble que ocupaba en comodato, el denominado Mes\u00f3n del Cristo, silenciar\u00eda a una voz discrepante y que se hab\u00eda convertido en la piedra en el zapato porque no se ci\u00f1\u00f3 al coro de aduladores.<\/p>\n\n\n\n<p class=\"wp-block-paragraph\">As\u00ed, la noche del 28 de abril de 2011, mediante un operativo que fue preparado con la permanente vigilancia de los movimientos de los directivos y reporteros, un piquete de polic\u00edas estatales vestidos de negro, embozados y con armas largas enhiestas, irrumpi\u00f3 en el inmueble y orden\u00f3 a los reporteros y trabajadores que preparaban la edici\u00f3n del d\u00eda siguiente, que lo abandonaran.<\/p>\n\n\n\n<p class=\"wp-block-paragraph\">El grupo de asalto iba encabezado ni m\u00e1s ni menos que por el entonces secretario de Seguridad P\u00fablica, Ardelio Vargas Fosado, y el procurador General de Justicia \u2013hoy ascendido a Fiscal General en su nueva denominaci\u00f3n\u2014V\u00edctor Carranc\u00e1 Bourget, adem\u00e1s de un juez que hizo el papel de ministerio p\u00fablico.<\/p>\n\n\n\n<p class=\"wp-block-paragraph\">El punto es que estos personajes, en acatamiento de las \u00f3rdenes de su jefe, el gobernador Rafael Moreno Valle Rosas, desoyeron \u2013en realidad les vali\u00f3 un comino\u2014las explicaciones de la administradora y luego del director del diario, por cuanto a la existencia de dos suspensiones provisionales de amparo contra cualquier medida de presi\u00f3n y desalojo.<\/p>\n\n\n\n<p class=\"wp-block-paragraph\">Trabajadores y reporteros realizaron dos marchas hacia la llamada Casa Aguayo, sede de la oficina del entonces influyente y poderoso secretario General de Gobierno, Fernando Manzanilla Prieto, a quien igualmente le import\u00f3 un pito la suerte de los trabajadores y reporteros de El Heraldo de Puebla que hab\u00edan sido despojados de sus instrumentos de trabajo y pertenencias personales.<\/p>\n\n\n\n<p class=\"wp-block-paragraph\">Moreno Valle seguramente sonri\u00f3 satisfecho de ese operativo e incluso desde oficinas de su administraci\u00f3n se reg\u00f3 la especie de que El Heraldo de Puebla hab\u00eda fenecido. Pero, el gusto le dur\u00f3 un fin de semana, porque el lunes siguiente, el diario volvi\u00f3 a circular.<\/p>\n\n\n\n<p class=\"wp-block-paragraph\">El gobernador se hab\u00eda enfrentado a un equipo que en nada se parec\u00eda a aquellos editores que redactaron una carta en la que le ped\u00edan perd\u00f3n porque, aduc\u00edan, se hab\u00edan equivocado en la campa\u00f1a al apoyar a Javier L\u00f3pez Zavala, el delf\u00edn del gobernador Mario Mar\u00edn.<\/p>\n\n\n\n<p class=\"wp-block-paragraph\">Cerr\u00e1ndoles la llave de la publicidad y con la concentraci\u00f3n de las \u00e1reas de comunicaci\u00f3n social de las dependencias estatales en la dependiente de su oficina, Moreno Valle puso en orden a los diarios que no hab\u00edan apoyado a su campa\u00f1a y privilegi\u00f3 a los que estuvieron con \u00e9l.<\/p>\n\n\n\n<p class=\"wp-block-paragraph\">En su edici\u00f3n del viernes 10 de febrero de 2012, el diario La Jornada public\u00f3: \u201cUn tribunal colegiado fall\u00f3 en favor del gobierno de Puebla, que recuper\u00f3 el Mes\u00f3n del Cristo, edificio donde se ubicaba el peri\u00f3dico&nbsp;<em>El Heraldo de Puebla,&nbsp;<\/em>propiedad del empresario Ricardo Henaine Mezher. El primer tribunal colegiado confirm\u00f3 una resoluci\u00f3n de primera instancia judicial, que le dio posesi\u00f3n definitiva. Henaine interpuso el amparo 12\/12 para solicitar protecci\u00f3n de la justicia federal, pero el fallo lo deja sin recursos legales\u201d.<\/p>\n\n\n\n<p class=\"wp-block-paragraph\">Y con ello, la autoridad jurisdiccional cerr\u00f3 un cap\u00edtulo de una embestida que, m\u00e1s all\u00e1 del cobro de una factura a un enemigo pol\u00edtico, entra\u00f1\u00f3 la violaci\u00f3n a la libertad de expresi\u00f3n y un atentado a periodistas ajenos a las venganzas del gobernador, quien adem\u00e1s fue demandado ante la Fiscal\u00eda Especializada para la Atenci\u00f3n de Delitos contra Periodistas, en mayo de 2011. Pero, el caso igual se fue a dormir al archivo de esa dependencia de la Procuradur\u00eda General de la Rep\u00fablica, desde donde hubo complicidad para dar largas al tema.<\/p>\n\n\n\n<p class=\"wp-block-paragraph\">Moreno Valle oper\u00f3, a todo costo, contra el diario y su enemigo Ricardo Henaine. Una nota del reportero Andr\u00e9s Herrera, con fecha 9 de febrero de 2012 refiri\u00f3:<\/p>\n\n\n\n<p class=\"wp-block-paragraph\">\u201cDos millones 989 mil pesos ha erogado el gobierno del estado para pagar a despachos de abogados y servicios de consultor\u00eda que orientan y ayudan en litigios que actualmente tiene el gobierno estatal, entre ellos se incluye un pago de 110 mil 200 pesos por concepto de defensa en la disputa por el comodato del edificio El Mes\u00f3n del Cristo \u2013de donde hace 286 d\u00edas fueron desalojados, con uso de la fuerza p\u00fablica, trabajadores de este diario\u2013, inform\u00f3 el secretario de Servicios Legales y Defensor\u00eda P\u00fablica, Juan Pablo Pi\u00f1a Kurzcyn. Las firmas contratadas son: JR Name y Asociados, Abogados Consultores de Puebla S.C, Kuri Bre\u00f1a S\u00e1nchez Ugarte, Juan Vel\u00e1zquez, Pedro S\u00e1nchez Casta\u00f1eda y Equalitas Consultores Locales S.C., explic\u00f3 en su comparecencia ante diputados locales integrantes de las comisiones unidas de Gobernaci\u00f3n y Puntos Constitucionales y de Procuraci\u00f3n y Administraci\u00f3n de Justicia; adem\u00e1s, asegur\u00f3 que no tiene nada \u201cpersonal\u201d en contra de ning\u00fan empresario\u201d.<\/p>\n\n\n\n<p class=\"wp-block-paragraph\">\u00bfTransici\u00f3n tersa? \u00bfEl cambio? Bueno, en Puebla hay evidencias de sociedades peligrosas, denunciadas por quien fuera operador de Moreno Valle, su cu\u00f1ado Fernando Manzanilla. \u00bfAlgo cambi\u00f3 en Chiapas con dos gobernadores de dizque oposici\u00f3n? La venganza y el cobro de facturas personales. Vaya democracia. Digo.<\/p>\n\n\n\n<p class=\"wp-block-paragraph\"><a href=\"mailto:sanchezlimon@gmail.com\">sanchezlimon@gmail.com<\/a><\/p>\n\n\n\n<p class=\"wp-block-paragraph\"><a href=\"http:\/\/www.entresemana.mx\/\">www.entresemana.mx<\/a><\/p>\n\n\n\n<p class=\"wp-block-paragraph\">@msanchezlimon<br><\/p>\n","protected":false},"excerpt":{"rendered":"<p>La prensa, Moreno Valle y el cobro de facturas \u2022 Cerr\u00f3 la llave a la publicidad Mois\u00e9s S\u00e1nchez SemM\u00e9xico, 16 agosto 2018.- Rafael Moreno Valle Rosas y Pablo Salazar Mendiguch\u00eda, pol\u00edticos que se encumbraron en el PRI, al que abandonaron para garantizar sus aspiraciones de poder, fueron gobernadores que llegaron al m\u00e1ximo cargo de elecci\u00f3n [&hellip;]<\/p>\n","protected":false},"author":3,"featured_media":6811,"comment_status":"open","ping_status":"open","sticky":false,"template":"","format":"standard","meta":{"_monsterinsights_skip_tracking":false,"footnotes":""},"categories":[689,83],"tags":[],"class_list":["post-7047","post","type-post","status-publish","format-standard","has-post-thumbnail","category-689","category-moises-sanchez-limon"],"_links":{"self":[{"href":"https:\/\/redsemlac.com\/semmexico\/wp-json\/wp\/v2\/posts\/7047","targetHints":{"allow":["GET"]}}],"collection":[{"href":"https:\/\/redsemlac.com\/semmexico\/wp-json\/wp\/v2\/posts"}],"about":[{"href":"https:\/\/redsemlac.com\/semmexico\/wp-json\/wp\/v2\/types\/post"}],"author":[{"embeddable":true,"href":"https:\/\/redsemlac.com\/semmexico\/wp-json\/wp\/v2\/users\/3"}],"replies":[{"embeddable":true,"href":"https:\/\/redsemlac.com\/semmexico\/wp-json\/wp\/v2\/comments?post=7047"}],"version-history":[{"count":0,"href":"https:\/\/redsemlac.com\/semmexico\/wp-json\/wp\/v2\/posts\/7047\/revisions"}],"wp:featuredmedia":[{"embeddable":true,"href":"https:\/\/redsemlac.com\/semmexico\/wp-json\/wp\/v2\/media\/6811"}],"wp:attachment":[{"href":"https:\/\/redsemlac.com\/semmexico\/wp-json\/wp\/v2\/media?parent=7047"}],"wp:term":[{"taxonomy":"category","embeddable":true,"href":"https:\/\/redsemlac.com\/semmexico\/wp-json\/wp\/v2\/categories?post=7047"},{"taxonomy":"post_tag","embeddable":true,"href":"https:\/\/redsemlac.com\/semmexico\/wp-json\/wp\/v2\/tags?post=7047"}],"curies":[{"name":"wp","href":"https:\/\/api.w.org\/{rel}","templated":true}]}}