{"id":7041,"date":"2018-08-23T21:26:08","date_gmt":"2018-08-23T21:26:08","guid":{"rendered":"https:\/\/redsemlac.com\/semmexico\/?p=7041"},"modified":"2023-07-21T14:32:44","modified_gmt":"2023-07-21T19:32:44","slug":"entresemana-33","status":"publish","type":"post","link":"https:\/\/redsemlac.com\/semmexico\/entresemana-33\/","title":{"rendered":"Entresemana"},"content":{"rendered":"\n<p class=\"wp-block-paragraph\">Pe\u00f1a Nieto\u2026<\/p>\n\n\n\n<h5 class=\"wp-block-heading\"> \u2022 \u00bfC\u00f3mo quiere que lo recuerden?<\/h5>\n\n\n\n<p class=\"wp-block-paragraph\"><a href=\"https:\/\/semmexico.com\/gallery-post.php?id=5636#\">Mois\u00e9s S\u00e1nchez<\/a><\/p>\n\n\n\n<p class=\"wp-block-paragraph\">SemM\u00e9xico, 23 agosto 2018.- \u00bfC\u00f3mo quiere que lo recuerden?, pregunt\u00f3 Denise Maerker al presidente Enrique Pe\u00f1a Nieto, cuya respuesta se diluy\u00f3 en la elemental referencia del servicio a la Patria.<\/p>\n\n\n\n<p class=\"wp-block-paragraph\">Y, respecto de las versiones que lo asumen replegado en sus funciones; vaya, que ha dejado el escenario a Andr\u00e9s Manuel L\u00f3pez Obrador, aun antes de que \u00e9ste fuera declarado Presidente electo, Pe\u00f1a Nieto neg\u00f3 esa situaci\u00f3n y sostuvo que sigue en cumplimiento de sus obligaciones junto con su equipo.<\/p>\n\n\n\n<p class=\"wp-block-paragraph\">No pod\u00eda ser diferente la respuesta a pregunta que Denise le hizo en esa entrevista en el Canal de las Estrellas. En fin.<\/p>\n\n\n\n<p class=\"wp-block-paragraph\">Lo cierto es que el a\u00fan Presidente de la Rep\u00fablica est\u00e1 evidentemente disminuido, opacado por la agenda, voluntarista y salpicada de puntadas simplistas de Andr\u00e9s Manuel L\u00f3pez Obrador, cuya imagen es la del salvador del pa\u00eds, poseedor de la verdad y hacedor de milagros, que se ha tomado muy en serio ese papel y sus declaraciones, a cuenta gotas, es como la homil\u00eda cotidiana frente a la muchedumbre en la que la variada asistencia de reporteros y sedicentes periodistas, aplaude y aplaude.<\/p>\n\n\n\n<p class=\"wp-block-paragraph\">\u00bfD\u00f3nde el carism\u00e1tico y popular hijo predilecto de Atlacomulco en estos d\u00edas en que se avituallan las exequias de su administraci\u00f3n frente al gobierno federal?<\/p>\n\n\n\n<p class=\"wp-block-paragraph\">El lugar com\u00fan lo instalar\u00eda, empero y con toda certidumbre, como el Solitario de Los Pinos, antes referido como el de Palacio Nacional.<\/p>\n\n\n\n<p class=\"wp-block-paragraph\">Enrique Pe\u00f1a Nieto, como sus antecesores, ocup\u00f3 eventualmente la oficina en el viejo edificio del Z\u00f3calo capitalino, para las elementales ceremonias diplom\u00e1ticas y dar el grito de Independencia o encabezar esos actos de dizque esencia republicana, como ocurrir\u00e1 el pr\u00f3ximo lunes 3 de septiembre cuando rinda, frente a un reducido n\u00famero de invitados especiales, su Sexto y \u00faltimo informe de gobierno.<\/p>\n\n\n\n<p class=\"wp-block-paragraph\">Y he aqu\u00ed la ausencia de esa pol\u00edtica de comunicaci\u00f3n de suyo elemental en el ejercicio del poder p\u00fablico para informar, transmitir, poner al d\u00eda a los ciudadanos, de la tarea gubernamental, no esa mec\u00e1nica de promover la imagen presidencial y de los integrantes del gabinete.<\/p>\n\n\n\n<p class=\"wp-block-paragraph\">Porque, qu\u00e9 diablos nos importa que el secretario de, por ejemplo, energ\u00eda, asista a una reuni\u00f3n en Europa, cuando los consumidores de energ\u00eda el\u00e9ctrica no entienden por qu\u00e9 el incremento en las tarifas; o que tard\u00edamente se explique, si es que eso es explicar, la raz\u00f3n por la que las gasolinas galopan en carest\u00eda y los que mi amigo Paco Rodr\u00edguez llama textoservidores apoyan y descalifican a quienes demandan fin a los gasolinazos.<\/p>\n\n\n\n<p class=\"wp-block-paragraph\">\u00bfC\u00f3mo quiere Enrique Pe\u00f1a Nieto que lo recuerden los mexicanos? No ser\u00e1 como un buen gobernante. \u00c9l y sus compa\u00f1eros de partido, como la hoy lideresa del tricolor, Claudia Ruiz Massieu, asumir\u00e1n esa expiaci\u00f3n de culpas y, acto de contrici\u00f3n en vivo y a todo color, dir\u00e1n que L\u00f3pez Obrador les rob\u00f3 las ideas.<\/p>\n\n\n\n<p class=\"wp-block-paragraph\">Pero no. El equipo de Morena, con esa larga campa\u00f1a de L\u00f3pez Obrador, aprovech\u00f3 simplemente los espacios abandonados por los altos funcionarios priistas, por estos personajes que, aparentemente apesadumbrados y evidentemente disminuidos, llegan al Congreso de la Uni\u00f3n en busca de la senda perdida, \u00e9sa que hace 18 a\u00f1os perdieron cuando Ernesto Zedillo los abandon\u00f3, como hoy el equipo de Enrique Pe\u00f1a Nieto hizo lo necesario por ofender a los ciudadanos, estos bur\u00f3cratas socorridos por el priismo que en las ventanillas de atenci\u00f3n al p\u00fablico se mofaron de la necesidad ajena y operaron en la corrupci\u00f3n y la impunidad.<\/p>\n\n\n\n<p class=\"wp-block-paragraph\">\u00bfC\u00f3mo quiere Enrique Pe\u00f1a Nieto que lo recuerden los mexicanos? Definitivamente no ser\u00e1 como el Presidente que cumpli\u00f3 su palabra de no incorporar a sus amigos al gobierno, porque no s\u00f3lo prohij\u00f3 esa pr\u00e1ctica nepotista y de tr\u00e1fico de influencias, no, evit\u00f3 aplicar la ley contra esos bandidos que desde los gobiernos estatales amasaron fortunas insultantes y cometieron atropellos desde el poder.<\/p>\n\n\n\n<p class=\"wp-block-paragraph\">\u00bfD\u00f3nde anda \u00c1ngel Heladio Aguirre Rivero, el ex gobernador de Guerrero que hizo mutis cuando la desaparici\u00f3n de los estudiantes de la Normal de Ayotzinapa? Enrique Pe\u00f1a Nieto admiti\u00f3 que \u00e9ste, y c\u00f3mo no, asunto responsabilidad del crimen organizado, marc\u00f3 a su gobierno junto con aquel de la Casa Blanca, y evit\u00f3 referir que su amigo personal, \u00c1ngel Heladio, era el gobernador de ese tr\u00e1gico estado de la rep\u00fablica, cuando estall\u00f3 el esc\u00e1ndalo en el que, f\u00edjese usted, de alguna forma involucraba al mismo Andr\u00e9s Manuel L\u00f3pez Obrador.<\/p>\n\n\n\n<p class=\"wp-block-paragraph\">Sus comunicadores de cabecera, \u00e9stos que se convirtieron en el m\u00e1ximo Cat\u00f3n sexenal, Torquemadas de la comunicaci\u00f3n, optaron por privilegiar una vieja relaci\u00f3n con los prohombres de la prensa mexicana y repartieron la tajada del le\u00f3n, antes de emprender una pol\u00edtica de comunicaci\u00f3n, ausencia que alcanz\u00f3 al equipo de prensa del candidato Jos\u00e9 Antonio Meade, como grupo \u00f1o\u00f1o y so\u00f1ador del Ed\u00e9n.<\/p>\n\n\n\n<p class=\"wp-block-paragraph\">\u00bfC\u00f3mo es que el partido del Presidente se desgaj\u00f3 y tuvo una nueva di\u00e1spora que lo ha dejado a la intemperie y no hay nadie, nadie, que lo defienda, que alce la voz?<\/p>\n\n\n\n<p class=\"wp-block-paragraph\">Todos, todos, se\u00f1oras y se\u00f1ores, todos esos amigos y personajes de las primeras planas de los diarios, de las p\u00e1ginas de las revistas del coraz\u00f3n que los han retratado en las vacaciones en yate, en playas de ensue\u00f1o, en aviones privados, como magnates y gente del jet set, mas no funcionarios p\u00fablicos, han abandonado a Enrique Pe\u00f1a Nieto.<\/p>\n\n\n\n<p class=\"wp-block-paragraph\">Lamentable la imagen presidencial en declive y que un personaje voluntarista y con la mirada puesta en el pasado, le arrebata poco a poco y lo deja en la intemperie del que suele llamarse el villano favorito. \u00bfC\u00f3mo quiere usted que se recuerde a Enrique Pe\u00f1a Nieto? Tiene usted raz\u00f3n. Digo.<\/p>\n\n\n\n<p class=\"wp-block-paragraph\"><a href=\"mailto:sanchezlimon@gmail.com\">sanchezlimon@gmail.com<\/a><\/p>\n\n\n\n<p class=\"wp-block-paragraph\"><a href=\"http:\/\/www.entresemana.mx\/\">www.entresemana.mx<\/a><\/p>\n\n\n\n<p class=\"wp-block-paragraph\">@msanchezlimon<\/p>\n\n\n\n<p class=\"wp-block-paragraph\">SEM\/sl<\/p>\n","protected":false},"excerpt":{"rendered":"<p>Pe\u00f1a Nieto\u2026 \u2022 \u00bfC\u00f3mo quiere que lo recuerden? Mois\u00e9s S\u00e1nchez SemM\u00e9xico, 23 agosto 2018.- \u00bfC\u00f3mo quiere que lo recuerden?, pregunt\u00f3 Denise Maerker al presidente Enrique Pe\u00f1a Nieto, cuya respuesta se diluy\u00f3 en la elemental referencia del servicio a la Patria. Y, respecto de las versiones que lo asumen replegado en sus funciones; vaya, que ha [&hellip;]<\/p>\n","protected":false},"author":3,"featured_media":6811,"comment_status":"open","ping_status":"open","sticky":false,"template":"","format":"standard","meta":{"_monsterinsights_skip_tracking":false,"footnotes":""},"categories":[689,83],"tags":[],"class_list":["post-7041","post","type-post","status-publish","format-standard","has-post-thumbnail","category-689","category-moises-sanchez-limon"],"_links":{"self":[{"href":"https:\/\/redsemlac.com\/semmexico\/wp-json\/wp\/v2\/posts\/7041","targetHints":{"allow":["GET"]}}],"collection":[{"href":"https:\/\/redsemlac.com\/semmexico\/wp-json\/wp\/v2\/posts"}],"about":[{"href":"https:\/\/redsemlac.com\/semmexico\/wp-json\/wp\/v2\/types\/post"}],"author":[{"embeddable":true,"href":"https:\/\/redsemlac.com\/semmexico\/wp-json\/wp\/v2\/users\/3"}],"replies":[{"embeddable":true,"href":"https:\/\/redsemlac.com\/semmexico\/wp-json\/wp\/v2\/comments?post=7041"}],"version-history":[{"count":0,"href":"https:\/\/redsemlac.com\/semmexico\/wp-json\/wp\/v2\/posts\/7041\/revisions"}],"wp:featuredmedia":[{"embeddable":true,"href":"https:\/\/redsemlac.com\/semmexico\/wp-json\/wp\/v2\/media\/6811"}],"wp:attachment":[{"href":"https:\/\/redsemlac.com\/semmexico\/wp-json\/wp\/v2\/media?parent=7041"}],"wp:term":[{"taxonomy":"category","embeddable":true,"href":"https:\/\/redsemlac.com\/semmexico\/wp-json\/wp\/v2\/categories?post=7041"},{"taxonomy":"post_tag","embeddable":true,"href":"https:\/\/redsemlac.com\/semmexico\/wp-json\/wp\/v2\/tags?post=7041"}],"curies":[{"name":"wp","href":"https:\/\/api.w.org\/{rel}","templated":true}]}}