{"id":70403,"date":"2023-08-23T11:37:51","date_gmt":"2023-08-23T17:37:51","guid":{"rendered":"https:\/\/redsemlac.com\/semmexico\/?p=70403"},"modified":"2023-08-23T11:42:28","modified_gmt":"2023-08-23T17:42:28","slug":"mirada-violeta-lagos-de-moreno-la-repeticion-del-horror-10-anos-despues","status":"publish","type":"post","link":"https:\/\/redsemlac.com\/semmexico\/mirada-violeta-lagos-de-moreno-la-repeticion-del-horror-10-anos-despues\/","title":{"rendered":"Mirada Violeta| Lagos de Moreno, la repetici\u00f3n del horror 10 a\u00f1os despu\u00e9s"},"content":{"rendered":"\n<p class=\"wp-block-paragraph\"><strong>Guadalupe Ramos Ponce &nbsp;<\/strong><\/p>\n\n\n\n<p class=\"wp-block-paragraph\">SemM\u00e9xico, Guadalajara, Jalisco, 23 de agosto, 2023.- En el a\u00f1o de 2013, 5 ni\u00f1os que para entonces cursaban la primaria, Dante de 12 a\u00f1os, Diego de 10, Jaime de 11, Roberto de 10 y Uriel de 9, jam\u00e1s imaginar\u00edan que lo que en ese momento ocurr\u00eda con 6 j\u00f3venes desaparecidos, les pasar\u00eda a ellos tambi\u00e9n 10 a\u00f1os despu\u00e9s.<\/p>\n\n\n\n<p class=\"wp-block-paragraph\">El 6 de julio de 2013, \u00c1ngel, Daniel, Eduardo y Gerardo hab\u00edan salido a celebrar el cumplea\u00f1os de Eduardo y cuando ya se encaminaban hacia la casa de Daniel, por el Boulevard Orozco y Jim\u00e9nez, una avenida c\u00e9ntrica de Lagos de Moreno, fueron interceptados por un grupo de sujetos armados, a bordo de una camioneta con torreta y se los llevaron. Posteriormente, a Christian, Marco y Rodrigo, se los llevaron de sus propias casas.<\/p>\n\n\n\n<p class=\"wp-block-paragraph\">Despu\u00e9s de percatarse de su ausencia,&nbsp;sus familias comenzaron su b\u00fasqueda. Un mes despu\u00e9s, el 14 de agosto de 2013, agentes del Ministerio P\u00fablico y personal del Instituto Jalisciense de Ciencias Forenses&nbsp;notificaron a las familias de los j\u00f3venes que se hab\u00edan localizado unas osamentas en las inmediaciones de una finca. Estas osamentas de acuerdo con los an\u00e1lisis gen\u00e9ticos realizados pertenec\u00edan a cuatro de los seis muchachos: Daniel Espinosa, Jos\u00e9 Gerardo Aguilar, Rodrigo Espinosa y Marco Antonio Ram\u00edrez. Las autoridades forenses confirmaron m\u00e1s tarde la identificaci\u00f3n de Eduardo Ram\u00edrez y \u00c1ngel de Jes\u00fas Rodr\u00edguez.&nbsp;Christian \u00c1vila Cardona no ha sido localizado hasta ahora.<\/p>\n\n\n\n<p class=\"wp-block-paragraph\">Los j\u00f3venes hab\u00edan sido sometidos, tras su desaparici\u00f3n, a vejaciones f\u00edsicas y tortura, y luego de su asesinato, sus cuerpos fueron disueltos en sustancias qu\u00edmicas para tratar de desaparecerlos por completo.<\/p>\n\n\n\n<p class=\"wp-block-paragraph\">Hoy la historia se repite con Dante Cedillo Hern\u00e1ndez, de 22 a\u00f1os, Diego Alberto Lara Santoyo, de 20 a\u00f1os Jaime Adolfo Mart\u00ednez Miranda, de 21 a\u00f1os, Roberto Olmeda Cu\u00e9llar, de 20 a\u00f1os,<\/p>\n\n\n\n<p class=\"wp-block-paragraph\">Estos cinco j\u00f3venes, de entre 19 y 22 a\u00f1os, eran unos ni\u00f1os apenas cuando ocurrieron aquellas desapariciones en el a\u00f1o 2013. Eran cinco ni\u00f1os con sue\u00f1os, con esperanzas y con toda una vida por delante que se ve truncada por la ineficiencia del Estado mexicano que no ha sabido garantizar la No Repetici\u00f3n de las grav\u00edsimas violaciones a los derechos humanos en Jalisco y especialmente en Lagos de Moreno.<\/p>\n\n\n\n<p class=\"wp-block-paragraph\">Antes de que se conviertan en una cifra, hay que recordar que Dante es un apasionado ciclista, que Diego est\u00e1 dedicado al oficio de la herrer\u00eda, que Jaime trabaja como obrero de la construcci\u00f3n, que Roberto practica boxeo y estudia ingenier\u00eda industrial en la Universidad de Guadalajara y que el m\u00e1s chico del grupo Uriel, tambi\u00e9n practica boxeo.<\/p>\n\n\n\n<p class=\"wp-block-paragraph\">Hay que hablar de ellos en presente honrando su memoria, sus sue\u00f1os y esperanzas. No hables de ellos por los videos y fotograf\u00edas que estuvieron circulando en redes sociales. Quiz\u00e1 no lo sabes, pero al abrir esas im\u00e1genes y al compartirlas, te colocas en la posici\u00f3n de las personas perpetradoras del horror. Te sit\u00faas en la posici\u00f3n de quien las grab\u00f3 y de alguna manera te conviertes en c\u00f3mplice de la barbarie. Por respeto a las v\u00edctimas en este y otros casos, no compartas las im\u00e1genes de la violencia. En su libro \u201cLa Muerte como espect\u00e1culo\u201d de Michela Marzano, analiza el punto de la deshumanizaci\u00f3n y la complicidad con el ejercicio de la violencia. Paremos la violencia digital tambi\u00e9n, paremos la barbarie, paremos el horror.<\/p>\n\n\n\n<p class=\"wp-block-paragraph\">Hoy toca exigir al Estado Verdad, Justicia y garant\u00edas de no repetici\u00f3n. Pero tambi\u00e9n toca honrar la memoria de estos j\u00f3venes que hace diez a\u00f1os eran unos ni\u00f1os y que el Estado no supo, no pudo, no quiso, garantizarles una vida plena y libre de violencia.<\/p>\n\n\n\n<p class=\"wp-block-paragraph\">Vicecoordinadora de CLADEM en M\u00e9xico<\/p>\n\n\n\n<p class=\"wp-block-paragraph\">Profesora Investigadora de la UdeG.<\/p>\n\n\n\n<p class=\"wp-block-paragraph\">@dralupitaramosp<\/p>\n\n\n\n<p class=\"wp-block-paragraph\"><a href=\"mailto:lupitaramosponce@gmail.com\" target=\"_blank\" rel=\"noreferrer noopener\">lupitaramosponce@gmail.com<\/a><\/p>\n","protected":false},"excerpt":{"rendered":"<p>En el a\u00f1o de 2013, 5 ni\u00f1os que para entonces cursaban la primaria, Dante de 12 a\u00f1os, Diego de 10, Jaime de 11, Roberto de 10 y Uriel de 9, jam\u00e1s imaginar\u00edan que lo que en ese momento ocurr\u00eda con 6 j\u00f3venes desaparecidos, les pasar\u00eda a ellos tambi\u00e9n 10 a\u00f1os despu\u00e9s.<\/p>\n","protected":false},"author":3,"featured_media":8967,"comment_status":"open","ping_status":"open","sticky":false,"template":"","format":"standard","meta":{"_monsterinsights_skip_tracking":false,"footnotes":""},"categories":[91,35],"tags":[459],"class_list":["post-70403","post","type-post","status-publish","format-standard","has-post-thumbnail","category-lupita-ramos-ponce","category-opinion","tag-opinion"],"_links":{"self":[{"href":"https:\/\/redsemlac.com\/semmexico\/wp-json\/wp\/v2\/posts\/70403","targetHints":{"allow":["GET"]}}],"collection":[{"href":"https:\/\/redsemlac.com\/semmexico\/wp-json\/wp\/v2\/posts"}],"about":[{"href":"https:\/\/redsemlac.com\/semmexico\/wp-json\/wp\/v2\/types\/post"}],"author":[{"embeddable":true,"href":"https:\/\/redsemlac.com\/semmexico\/wp-json\/wp\/v2\/users\/3"}],"replies":[{"embeddable":true,"href":"https:\/\/redsemlac.com\/semmexico\/wp-json\/wp\/v2\/comments?post=70403"}],"version-history":[{"count":0,"href":"https:\/\/redsemlac.com\/semmexico\/wp-json\/wp\/v2\/posts\/70403\/revisions"}],"wp:featuredmedia":[{"embeddable":true,"href":"https:\/\/redsemlac.com\/semmexico\/wp-json\/wp\/v2\/media\/8967"}],"wp:attachment":[{"href":"https:\/\/redsemlac.com\/semmexico\/wp-json\/wp\/v2\/media?parent=70403"}],"wp:term":[{"taxonomy":"category","embeddable":true,"href":"https:\/\/redsemlac.com\/semmexico\/wp-json\/wp\/v2\/categories?post=70403"},{"taxonomy":"post_tag","embeddable":true,"href":"https:\/\/redsemlac.com\/semmexico\/wp-json\/wp\/v2\/tags?post=70403"}],"curies":[{"name":"wp","href":"https:\/\/api.w.org\/{rel}","templated":true}]}}