{"id":70397,"date":"2023-08-23T11:28:41","date_gmt":"2023-08-23T17:28:41","guid":{"rendered":"https:\/\/redsemlac.com\/semmexico\/?p=70397"},"modified":"2023-08-23T11:28:42","modified_gmt":"2023-08-23T17:28:42","slug":"el-sindicato-de-trabajadoras-del-hogar-mexicano-es-un-referente-en-america-latina-pero-aun-requiere-de-muchos-apoyos-gloria-ramirez","status":"publish","type":"post","link":"https:\/\/redsemlac.com\/semmexico\/el-sindicato-de-trabajadoras-del-hogar-mexicano-es-un-referente-en-america-latina-pero-aun-requiere-de-muchos-apoyos-gloria-ramirez\/","title":{"rendered":"El sindicato de trabajadoras del hogar mexicano es un referente en Am\u00e9rica Latina pero a\u00fan requiere de muchos apoyos: Gloria Ram\u00edrez"},"content":{"rendered":"\n<ul class=\"wp-block-list\">\n<li><strong>Ocho a\u00f1os de logros de las trabajadoras del hogar en Museo de la Mujer UNAM<\/strong><\/li>\n\n\n\n<li><strong>Solo el 2 por ciento de las trabajadoras del hogar han sido registradas en el IMSS<\/strong><\/li>\n<\/ul>\n\n\n\n<p class=\"wp-block-paragraph\"><strong>Elda Montiel &nbsp;<\/strong><\/p>\n\n\n\n<p class=\"wp-block-paragraph\">SemM\u00e9xico, Ciudad de M\u00e9xico, 23 de agosto 2023.- Para conmemorar los 8 a\u00f1os del Sindicato Nacional de Trabajadoras y Trabajadores del Hogar (SINACTRAHO), el Museo de la Mujer inaugur\u00f3 la exposici\u00f3n temporal \u00a1Con valor soy trabajadora del hogar! que permanecer\u00e1 en el museo hasta el mes de octubre.<\/p>\n\n\n\n<p class=\"wp-block-paragraph\">El 30 de agosto pr\u00f3ximo se cumplir\u00e1n ocho a\u00f1os por la dignificaci\u00f3n del trabajo en el hogar Y la defensa de los derechos laborales.<\/p>\n\n\n\n<p class=\"wp-block-paragraph\">La doctora Gloria Ram\u00edrez de la Federaci\u00f3n de Mujeres Universitarias (FEMU) y de la Catedra UNESCO de la UNAM, destac\u00f3 los grandes avances del Sinactraho, \u201cUn Sindicato que es referente en Am\u00e9rica Latina pero que todav\u00eda requiere de muchos apoyos. Han resistido y construyeron una alternativa, son mujeres que apoyan a otras mujeres y cimentan una alternativa con actividades m\u00faltiples como las capacitaciones en todo el pa\u00eds.<\/p>\n\n\n\n<h5 class=\"wp-block-heading\"><strong>Te puede interesar:<\/strong><\/h5>\n\n\n\n<figure class=\"wp-block-embed alignleft is-type-wp-embed is-provider-semmexico wp-block-embed-semmexico\"><div class=\"wp-block-embed__wrapper\">\n<blockquote class=\"wp-embedded-content\" data-secret=\"F2rgjY2O80\"><a href=\"https:\/\/redsemlac.com\/semmexico\/acceso-a-2-y-medio-millones-de-trabajadoras-del-hogar-a-los-cinco-seguros-de-la-ley-del-imss\/\">Acceso a 2 y medio millones de trabajadoras del hogar a los cinco seguros de la Ley del IMSS<\/a><\/blockquote><iframe loading=\"lazy\" class=\"wp-embedded-content\" sandbox=\"allow-scripts\" security=\"restricted\" style=\"position: absolute; visibility: hidden;\" title=\"\u00abAcceso a 2 y medio millones de trabajadoras del hogar a los cinco seguros de la Ley del IMSS\u00bb \u2014 SemM\u00e9xico\" src=\"https:\/\/redsemlac.com\/semmexico\/acceso-a-2-y-medio-millones-de-trabajadoras-del-hogar-a-los-cinco-seguros-de-la-ley-del-imss\/embed\/#?secret=IDyUTxSbtS#?secret=F2rgjY2O80\" data-secret=\"F2rgjY2O80\" width=\"600\" height=\"338\" frameborder=\"0\" marginwidth=\"0\" marginheight=\"0\" scrolling=\"no\"><\/iframe>\n<\/div><\/figure>\n\n\n\n<p class=\"wp-block-paragraph\">\u201cEsta exposici\u00f3n es importante para recordar la lucha emprendida para acceder a todos los derechos humanos y las prestaciones que la ley otorga a las trabajadoras\u201d, se\u00f1al\u00f3.<\/p>\n\n\n\n<p class=\"wp-block-paragraph\">Por otra parte, Luisa Fuentes Mu\u00f1iz del equipo jur\u00eddico de Manuel Fuentes Mu\u00f1\u00edz asesora del Sindicato expres\u00f3 que ha sido impresionante el avance jur\u00eddico que se ha logrado con la reforma a la Ley del Trabajo en 2019, la ratificaci\u00f3n al Convenio 189 de la OIT \u2013 sobre trabajo digno &#8211; que hizo el Senado, y admiti\u00f3 el gobierno, la Reforma al art\u00edculo 12 de la Ley del Seguro Social en el r\u00e9gimen obligatorio, junto con el Tratado de Libre Comercio M\u00e9xico, Estados Unidos y Canad\u00e1.<\/p>\n\n\n\n<p class=\"wp-block-paragraph\">Los despidos a mujeres adultas mayores, la bomba de tiempo que hay que enfrentar<\/p>\n\n\n\n<p class=\"wp-block-paragraph\">Reiteraron su compromiso de seguir apoyando al Sindicato en conocer sus derechos y obligaciones para promover en lo material un trabajo digno, \u201cel cual todas y todos merecemos\u201d y se\u00f1al\u00f3 que en los siguientes a\u00f1os son enormes los retos sobre todo frente al problema de despidos para las mujeres adultas mayores, que est\u00e1n enfermas o cansadas por los much\u00edsimos a\u00f1os de trabajo sin la posibilidad de pensionarse, por la falta de la seguridad social.<\/p>\n\n\n\n<p class=\"wp-block-paragraph\">De acuerdo a cifras oficiales hay 319 mil mujeres entre 55 y 64 a\u00f1os. Mujeres de 65 a 74 a\u00f1os de edad y 13 mil 500 mujeres de 75 a\u00f1os y m\u00e1s. Esto constituye una bomba de tiempo que hay que enfrentar.<\/p>\n\n\n\n<h5 class=\"wp-block-heading\"><strong>Te puede interesar:<\/strong><\/h5>\n\n\n\n<figure class=\"wp-block-embed alignleft is-type-wp-embed is-provider-semmexico wp-block-embed-semmexico\"><div class=\"wp-block-embed__wrapper\">\n<blockquote class=\"wp-embedded-content\" data-secret=\"zEBHmw2WzY\"><a href=\"https:\/\/redsemlac.com\/semmexico\/entro-en-vigor-el-convenio-189-de-la-oit-organizaciones-y-trabajadoras-del-hogar-buscan-implementacion-inmediata\/\">Entro en vigor el Convenio 189 de la OIT, organizaciones y trabajadoras del hogar buscan implementaci\u00f3n inmediata<\/a><\/blockquote><iframe loading=\"lazy\" class=\"wp-embedded-content\" sandbox=\"allow-scripts\" security=\"restricted\" style=\"position: absolute; visibility: hidden;\" title=\"\u00abEntro en vigor el Convenio 189 de la OIT, organizaciones y trabajadoras del hogar buscan implementaci\u00f3n inmediata\u00bb \u2014 SemM\u00e9xico\" src=\"https:\/\/redsemlac.com\/semmexico\/entro-en-vigor-el-convenio-189-de-la-oit-organizaciones-y-trabajadoras-del-hogar-buscan-implementacion-inmediata\/embed\/#?secret=cvyqx8PrRZ#?secret=zEBHmw2WzY\" data-secret=\"zEBHmw2WzY\" width=\"600\" height=\"338\" frameborder=\"0\" marginwidth=\"0\" marginheight=\"0\" scrolling=\"no\"><\/iframe>\n<\/div><\/figure>\n\n\n\n<p class=\"wp-block-paragraph\">En la inauguraci\u00f3n estuvieron presentes las secretarias colegiadas Mar\u00eda Isidro Llanos Moreno, Mar\u00eda de la Luz Padua Orihuela, y Norma Palacios Trabamala. As\u00ed como Georgina Rojas del CIESAS y la licenciada Marili Castillo.<\/p>\n\n\n\n<p class=\"wp-block-paragraph\">El SINACTRAHO, es una organizaci\u00f3n que ofrece una alternativa de defensa de los derechos humanos laborales, la equidad, el valor y la seguridad sociales para el mejoramiento de la calidad de vida de trabajadoras del hogar en M\u00e9xico, bajo el lema \u201cPor un trabajo digno\u201d.<\/p>\n\n\n\n<p class=\"wp-block-paragraph\">La exposici\u00f3n cuenta con m\u00e1s de 50 fotograf\u00edas que muestra las actividades cotidianas en diferentes espacios, y que permiten visibilizar las demandas como trabajadoras mexicanas del hogar.<\/p>\n\n\n\n<p class=\"wp-block-paragraph\"><strong>Menos del 2 por ciento de las trabajadoras del hogar afiliadas al IMSS<\/strong><\/p>\n\n\n\n<h2 class=\"wp-block-heading\"><strong>La larga lucha<\/strong><\/h2>\n\n\n\n<p class=\"wp-block-paragraph\">En opini\u00f3n de la investigadora Martha Castro del Instituto Mexicano de la Competitividad (IMCO) M\u00e9xico tiene una enorme deuda con las trabajadoras del hogar.<\/p>\n\n\n\n<p class=\"wp-block-paragraph\">En M\u00e9xico, los derechos laborales de estas trabajadoras se reconocieron en 1931 con la expedici\u00f3n de la primera Ley Federal del Trabajo, como empleadas especiales sin derechos, pasaron cerca de 90 a\u00f1os para que las labores del hogar se reconocieran como un empleo merecedor de calidad laboral y prestaciones, como cualquier otro.<\/p>\n\n\n\n<h5 class=\"wp-block-heading\"><strong>Te puede interesar:<\/strong><\/h5>\n\n\n\n<figure class=\"wp-block-embed alignleft is-type-wp-embed is-provider-semmexico wp-block-embed-semmexico\"><div class=\"wp-block-embed__wrapper\">\n<blockquote class=\"wp-embedded-content\" data-secret=\"PCO5M1Pc6u\"><a href=\"https:\/\/redsemlac.com\/semmexico\/trabajadoras-del-hogar-aun-sin-beneficios-de-la-seguridad-social\/\">Trabajadoras del hogar a\u00fan sin beneficios de la seguridad social<\/a><\/blockquote><iframe loading=\"lazy\" class=\"wp-embedded-content\" sandbox=\"allow-scripts\" security=\"restricted\" style=\"position: absolute; visibility: hidden;\" title=\"\u00abTrabajadoras del hogar a\u00fan sin beneficios de la seguridad social\u00bb \u2014 SemM\u00e9xico\" src=\"https:\/\/redsemlac.com\/semmexico\/trabajadoras-del-hogar-aun-sin-beneficios-de-la-seguridad-social\/embed\/#?secret=X46lEcDLPA#?secret=PCO5M1Pc6u\" data-secret=\"PCO5M1Pc6u\" width=\"600\" height=\"338\" frameborder=\"0\" marginwidth=\"0\" marginheight=\"0\" scrolling=\"no\"><\/iframe>\n<\/div><\/figure>\n\n\n\n<p class=\"wp-block-paragraph\">Antes de 2019, las trabajadoras del hogar no pod\u00edan afiliarse al Instituto Mexicano del Seguro Social (IMSS) ya que, ante la ley, el trabajo del hogar no figuraba como una ocupaci\u00f3n. Hoy se vive una historia diferente gracias al esfuerzo de&nbsp;<a href=\"https:\/\/caceh.org.mx\/\" target=\"_blank\" rel=\"noreferrer noopener\">mujeres organizadas<\/a>&nbsp;que, tras vivir malas condiciones laborales y discriminaci\u00f3n, decidieron reclamar sus derechos y dignificar su trabajo.<\/p>\n\n\n\n<p class=\"wp-block-paragraph\">De acuerdo con el&nbsp;<a href=\"https:\/\/www.inegi.org.mx\/contenidos\/saladeprensa\/aproposito\/2022\/EAP_TD_2022.pdf\" target=\"_blank\" rel=\"noreferrer noopener\">Instituto Nacional de Estad\u00edstica y Geograf\u00eda<\/a>&nbsp;(INEGI), en M\u00e9xico hay 2.3 millones de personas trabajadoras del hogar, de las cuales 88 por ciento son mujeres.<\/p>\n\n\n\n<p class=\"wp-block-paragraph\">Gracias al reconocimiento legal del trabajo del hogar, as\u00ed como de la reciente obligatoriedad de la afiliaci\u00f3n al IMSS &#8211; desde noviembre de 2022- , las trabajadoras pueden exigir un trato digno en sus lugares de trabajo, salarios que retribuyan sus esfuerzos, acceso a servicios de salud, pago de prestaciones y contratos escritos que brinden certidumbre jur\u00eddica de su relaci\u00f3n laboral<\/p>\n\n\n\n<p class=\"wp-block-paragraph\">Sin embargo a casi cuatro a\u00f1os del lanzamiento del programa piloto para obtener seguridad social, la&nbsp;<a href=\"https:\/\/www.eleconomista.com.mx\/capitalhumano\/Como-va-la-afiliacion-de-las-trabajadoras-del-hogar-al-Seguro-Social-20230110-0141.html\" target=\"_blank\" rel=\"noreferrer noopener\">cobertura<\/a>&nbsp;ha alcanzado a poco m\u00e1s de 40 mil trabajadoras, lo que equivale a menos del 2 por ciento del total que hay en el pa\u00eds, se\u00f1ala en una articulo la investigadora Martha Castro.<\/p>\n\n\n\n<p class=\"wp-block-paragraph\">Se\u00f1ala que el empleo precario que enfrentan obstaculiza su derecho a una vida digna. Por ejemplo, de cada 100 trabajadoras del hogar, 96 no tienen acceso a servicios de salud o ganan hasta dos salarios m\u00ednimos al mes y 72 no cuentan con prestaciones de ley como el aguinaldo o las vacaciones.<\/p>\n\n\n<div class=\"wp-block-image\">\n<figure class=\"aligncenter size-full\"><a href=\"https:\/\/redsemlac.com\/semmexico\/wp-content\/uploads\/2023\/08\/Imagen5-1.png\"><img loading=\"lazy\" decoding=\"async\" width=\"557\" height=\"743\" src=\"https:\/\/redsemlac.com\/semmexico\/wp-content\/uploads\/2023\/08\/Imagen5-1.png\" alt=\"\" class=\"wp-image-70401\"\/><\/a><\/figure>\n<\/div>\n\n\n<p class=\"wp-block-paragraph\">La investigadora Martha Castro se\u00f1ala que es urgente que las instituciones p\u00fablicas muestren un verdadero compromiso. Principalmente el IMSS, ya que sigue sin actualizar su&nbsp;<a href=\"http:\/\/www.imss.gob.mx\/personas-trabajadoras-hogar\" target=\"_blank\" rel=\"noreferrer noopener\">plataforma<\/a>&nbsp;de afiliaci\u00f3n de trabajadoras del hogar en respuesta a la obligatoriedad vigente desde hace m\u00e1s de cuatro meses. Esta sigue mostrando la fase piloto que es de car\u00e1cter voluntario lo que genera confusi\u00f3n entre las personas usuarias.<\/p>\n\n\n\n<p class=\"wp-block-paragraph\">Actualmente, los empleadores deben generar sus fichas de pago y comprobantes de derechos mes con mes y acudir de manera presencial a alguna sucursal bancaria a realizar el pago en horario laboral.<\/p>\n\n\n\n<p class=\"wp-block-paragraph\">Pide que se haga m\u00e1s eficientes y accesibles los procedimientos, es responsabilidad del gobierno para reducir las barreras de entrada y promover que los empleadores respeten los derechos de sus trabajadoras.<\/p>\n\n\n\n<p class=\"wp-block-paragraph\">Entre estas pol\u00edticas, no puede dejarse de lado la difusi\u00f3n del programa y sus beneficios, as\u00ed como fortalecer los mecanismos de denuncia para hacer aplicable la ley para quienes no cumplan con sus obligaciones.<\/p>\n\n\n\n<p class=\"wp-block-paragraph\">Al garantizar derechos laborales para este sector, se dignifica y reconoce el valor que tienen las tareas dom\u00e9sticas en nuestra sociedad. La dignificaci\u00f3n de estas tareas contribuye a combatir la discriminaci\u00f3n y los sesgos de g\u00e9nero alrededor de las labores de cuidado, lo que finalmente se traducir\u00e1 en mejor calidad de vida, igualdad de oportunidades y derechos para sectores tradicionalmente vulnerables.<\/p>\n","protected":false},"excerpt":{"rendered":"<p>Ocho a\u00f1os de logros de las trabajadoras del hogar en Museo de la Mujer UNAM<\/p>\n","protected":false},"author":3,"featured_media":70398,"comment_status":"open","ping_status":"open","sticky":false,"template":"","format":"standard","meta":{"_monsterinsights_skip_tracking":false,"footnotes":""},"categories":[702],"tags":[],"class_list":["post-70397","post","type-post","status-publish","format-standard","has-post-thumbnail","category-economia"],"_links":{"self":[{"href":"https:\/\/redsemlac.com\/semmexico\/wp-json\/wp\/v2\/posts\/70397","targetHints":{"allow":["GET"]}}],"collection":[{"href":"https:\/\/redsemlac.com\/semmexico\/wp-json\/wp\/v2\/posts"}],"about":[{"href":"https:\/\/redsemlac.com\/semmexico\/wp-json\/wp\/v2\/types\/post"}],"author":[{"embeddable":true,"href":"https:\/\/redsemlac.com\/semmexico\/wp-json\/wp\/v2\/users\/3"}],"replies":[{"embeddable":true,"href":"https:\/\/redsemlac.com\/semmexico\/wp-json\/wp\/v2\/comments?post=70397"}],"version-history":[{"count":0,"href":"https:\/\/redsemlac.com\/semmexico\/wp-json\/wp\/v2\/posts\/70397\/revisions"}],"wp:featuredmedia":[{"embeddable":true,"href":"https:\/\/redsemlac.com\/semmexico\/wp-json\/wp\/v2\/media\/70398"}],"wp:attachment":[{"href":"https:\/\/redsemlac.com\/semmexico\/wp-json\/wp\/v2\/media?parent=70397"}],"wp:term":[{"taxonomy":"category","embeddable":true,"href":"https:\/\/redsemlac.com\/semmexico\/wp-json\/wp\/v2\/categories?post=70397"},{"taxonomy":"post_tag","embeddable":true,"href":"https:\/\/redsemlac.com\/semmexico\/wp-json\/wp\/v2\/tags?post=70397"}],"curies":[{"name":"wp","href":"https:\/\/api.w.org\/{rel}","templated":true}]}}