{"id":70347,"date":"2023-08-21T17:49:32","date_gmt":"2023-08-21T23:49:32","guid":{"rendered":"https:\/\/redsemlac.com\/semmexico\/?p=70347"},"modified":"2023-08-21T17:49:33","modified_gmt":"2023-08-21T23:49:33","slug":"en-un-acto-de-agravio-mas-el-gobierno-de-leon-guanajuato-pospone-disculpa-publica-a-mujeres-victimas-de-represion-policial","status":"publish","type":"post","link":"https:\/\/redsemlac.com\/semmexico\/en-un-acto-de-agravio-mas-el-gobierno-de-leon-guanajuato-pospone-disculpa-publica-a-mujeres-victimas-de-represion-policial\/","title":{"rendered":"En un acto de agravio m\u00e1s, el gobierno de Le\u00f3n, Guanajuato, pospone disculpa p\u00fablica a mujeres v\u00edctimas de represi\u00f3n policial"},"content":{"rendered":"\n<ul class=\"wp-block-list\">\n<li><strong>Sin el menor tacto, la decisi\u00f3n no fue informada de manera oficial a las v\u00edctimas, principales interesadas en la disculpa p\u00fablica<\/strong><\/li>\n<\/ul>\n\n\n\n<ul class=\"wp-block-list\">\n<li><strong>Amnist\u00eda Internacional expresa que esta posposici\u00f3n es un acto de indolencia y violencia institucional que agravia y revictimiza a las mujeres reprimidas el 22 de agosto de 2020<\/strong><\/li>\n<\/ul>\n\n\n\n<p class=\"wp-block-paragraph\"><strong>Redacci\u00f3n<\/strong><\/p>\n\n\n\n<p class=\"wp-block-paragraph\">SemM\u00e9xico, Ciudad de M\u00e9xico, 20 de agosto, 2023.- Amnist\u00eda Internacional, oficina en M\u00e9xico inform\u00f3 este medio d\u00eda que el gobierno municipal de Le\u00f3n Guanajuato cancel\u00f3 la disculpa p\u00fablica a las mujeres feministas agredidas ah\u00ed, exactamente hace 3 a\u00f1os, lo que suma a la violencia institucional contra las feministas que protestan por el feminicidio que, en M\u00e9xico, sucede impunemente en todo el pa\u00eds.<\/p>\n\n\n\n<p class=\"wp-block-paragraph\">La noticia de esta suspensi\u00f3n cobr\u00f3 importancia desde la ma\u00f1ana en las redes sociales y se ha generado una molestia colectiva.<\/p>\n\n\n\n<p class=\"wp-block-paragraph\">Tal cancelaci\u00f3n fue calificada como un acto m\u00e1s de agravio e indolencia, del gobierno municipal de Le\u00f3n, Guanajuato y, adem\u00e1s, la manera como se suspendi\u00f3, tras meses de preparaci\u00f3n y t\u00e9rminos de este acto, que forma parte de la reparaci\u00f3n integral del da\u00f1o. Se inform\u00f3 de la suspensi\u00f3n del acto de desagravio y disculpa p\u00fablica en la madrugada de hoy.<\/p>\n\n\n\n<p class=\"wp-block-paragraph\">Como se sabe se trataba de una disculpa p\u00fablica que ten\u00eda previsto dar a las mujeres que fueron violentadas por elementos policiacos durante una manifestaci\u00f3n pac\u00edfica contra la violencia de g\u00e9nero que realizaron hace tres a\u00f1os, el 22 de agosto de 2020.<\/p>\n\n\n\n<p class=\"wp-block-paragraph\">Amnist\u00eda Internacional manifiesta su profunda indignaci\u00f3n por la decisi\u00f3n del gobierno municipal, tomada luego de tres largos a\u00f1os de conversaciones en los que se gestion\u00f3 y acord\u00f3 la realizaci\u00f3n y t\u00e9rminos de la disculpa p\u00fablica.<\/p>\n\n\n\n<p class=\"wp-block-paragraph\">La cancelaci\u00f3n se suma a la cadena de agravios padecidos por las mujeres de Le\u00f3n que vieron violentados sus derechos de reuni\u00f3n pac\u00edfica, a la libertad, a la integridad personal, a estar libres de tortura y otros tratos crueles, inhumanos y degradantes, y a vivir una vida libre de violencia.<\/p>\n\n\n\n<figure class=\"wp-block-image size-full\"><a href=\"https:\/\/redsemlac.com\/semmexico\/wp-content\/uploads\/2023\/08\/Imagen-de-WhatsApp-2023-08-21-a-las-17.38.46.jpg\"><img loading=\"lazy\" decoding=\"async\" width=\"1024\" height=\"768\" src=\"https:\/\/redsemlac.com\/semmexico\/wp-content\/uploads\/2023\/08\/Imagen-de-WhatsApp-2023-08-21-a-las-17.38.46.jpg\" alt=\"\" class=\"wp-image-70349\"\/><\/a><figcaption class=\"wp-element-caption\">Reuni\u00f3n con la Presidenta Municipal de Le\u00f3n Gto. Alejandra Guti\u00e9rrez\u00a0Campos<\/figcaption><\/figure>\n\n\n\n<p class=\"wp-block-paragraph\">\u201cLas autoridades informaron a Amnist\u00eda Internacional de la cancelaci\u00f3n del acto a la media noche del domingo, pero no lo hicieron con las v\u00edctimas que son las principales interesadas en este proceso. Esta falta de tacto&nbsp;<strong>es un acto m\u00e1s de violencia institucional que se suma a la cadena de violaciones de derechos humanos que han padecido las mujeres y que las revictimiza<\/strong>\u201d, declar\u00f3 Edith Olivares Ferreto, Directora Ejecutiva de Amnist\u00eda Internacional.<\/p>\n\n\n\n<p class=\"wp-block-paragraph\">Agreg\u00f3 que: \u201cEn el encuentro con la presidenta municipal de esta ma\u00f1ana, la funcionaria reconoci\u00f3 la falta de pericia del gobierno para trabajar con las v\u00edctimas. Desde Amnist\u00eda Internacional&nbsp;<strong>recordamos a las autoridades que es su deber y obligaci\u00f3n buscar y hablar con todas las mujeres que fueron v\u00edctimas de la represi\u00f3n del 22 de agosto de 2020 y que son \u00e9stas las que deben decidir si desean la disculpa p\u00fablica y los t\u00e9rminos de esta<\/strong>\u201d, precis\u00f3 Edith Olivares Ferreto<\/p>\n\n\n\n<p class=\"wp-block-paragraph\">\u201cRecordamos a las autoridades que estamos ante un tema muy grave. Las mujeres sufrieron violencia f\u00edsica que constituye uso excesivo de la fuerza y fueron violentadas sexualmente por agentes policiales.&nbsp;<strong>Le recordamos a la autoridad que la violencia sexual efectuada por agentes del Estado es tortura sexual<\/strong>. Adem\u00e1s, las mujeres estuvieron incomunicadas y temieron ser desaparecidas\u201d, advirti\u00f3 Edith Olivares.<\/p>\n\n\n\n<p class=\"wp-block-paragraph\">\u201c<strong>Amnist\u00eda Internacional seguir\u00e1 acompa\u00f1ando a las mujeres<\/strong>&nbsp;v\u00edctimas de la represi\u00f3n policial&nbsp;<strong>y reconoce<\/strong>&nbsp;el tiempo, recursos y&nbsp;<strong>su gran resistencia para sobreponerse a las consecuencias de la represi\u00f3n y mantenerse en la lucha para que los hechos que ellas sufrieron no se repitan para ninguna mujer m\u00e1s<\/strong>\u201d, concluy\u00f3 Edith Olivares Ferreto.<\/p>\n\n\n\n<p class=\"wp-block-paragraph\"><strong>La disculpa p\u00fablica, forma parte de la reparaci\u00f3n integral del da\u00f1o a que tienen derecho las v\u00edctimas<\/strong>, luego de que se violent\u00f3 su derecho de reuni\u00f3n pac\u00edfica, a la libertad, a la integridad personal, a estar libres de tortura y otros tratos crueles, inhumanos y degradantes, y a vivir una vida libre de violencia.<\/p>\n\n\n\n<p class=\"wp-block-paragraph\">Es importante se\u00f1alar que&nbsp;<strong>en este caso a\u00fan queda pendiente efectuar una correcta investigaci\u00f3n de los hechos para que puedan acceder a la verdad, a la justicia y a garant\u00edas de no repetici\u00f3n<\/strong>.<\/p>\n\n\n\n<h2 class=\"wp-block-heading\"><strong>Informaci\u00f3n de contexto<\/strong><\/h2>\n\n\n\n<p class=\"wp-block-paragraph\">Cabe referir que el 8 de marzo de 2021, el gobierno municipal de Le\u00f3n, presidido por H\u00e9ctor L\u00f3pez Santillana, ofreci\u00f3 una disculpa p\u00fablica por los hechos ocurridos el 22 de agosto de 2020. Sin embargo, \u00e9sta no fue concertada con las mujeres v\u00edctimas de las violaciones de derechos humanos y por lo tanto no fue satisfactoria para ellas.<\/p>\n\n\n\n<p class=\"wp-block-paragraph\">En este sentido,&nbsp;<strong>un proceso de construcci\u00f3n de disculpa p\u00fablica debe poner en el centro a las v\u00edctimas<\/strong>. Son \u00e9stas las que establecen los t\u00e9rminos en los que la disculpa se debe dar, conforme a los est\u00e1ndares de la Convenci\u00f3n Americana sobre Derechos Humanos y la jurisprudencia que ha emitido al respecto la Corte Interamericana de Derechos Humanos (CoIDH). En el proceso que nos ocupa Amnist\u00eda Internacional fungi\u00f3 como facilitadora.<\/p>\n\n\n\n<p class=\"wp-block-paragraph\">El caso lo document\u00f3 Amnist\u00eda Internacional en su informe&nbsp;M\u00e9xico: La era de las mujeres. Etigma y violencia contra mujeres que protestan. Adem\u00e1s de lo ocurrido en&nbsp;<strong>Guanajuato<\/strong>, el informe analiza la forma en que autoridades mexicanas reprimieron las manifestaciones pac\u00edficas de mujeres y grupos feministas en contra de la violencia de g\u00e9nero en 2020 en otros cuatro estados:&nbsp;<strong>Sinaloa<\/strong>,&nbsp;<strong>Quintana Roo<\/strong>, el&nbsp;<strong>Estado de M\u00e9xico<\/strong>&nbsp;y la&nbsp;<strong>Ciudad de M\u00e9xico<\/strong>.<\/p>\n\n\n\n<p class=\"wp-block-paragraph\">Amnist\u00eda Internacional pudo establecer que al menos nueve de las 23 detenciones realizadas ese d\u00eda fueron arbitrarias, ocho de ellas contra mujeres. Estas personas no estaban cometiendo delito o infracci\u00f3n administrativa alguna. Las autoridades de la polic\u00eda no se identificaron frente a las personas detenidas, no les indicaron los motivos de la detenci\u00f3n, e hicieron uso innecesario y excesivo de la fuerza para su detenci\u00f3n.<\/p>\n\n\n\n<p class=\"wp-block-paragraph\">Varias detenidas recibieron golpes, insultos y amenazas durante el traslado final hasta el lugar donde opera la delegaci\u00f3n norte del Juzgado c\u00edvico, lugar conocido como Cepol Norte.<\/p>\n\n\n\n<p class=\"wp-block-paragraph\">Varias de las manifestantes expresaron que tuvieron temor de ser desaparecidas forzadamente despu\u00e9s de haber sido detenidas por la polic\u00eda. Esto porque la ruta que sigui\u00f3 la patrulla donde iban no fue directa a Cepol Norte, en donde opera la delegaci\u00f3n norte del Juzgado c\u00edvico, sino que dio varias vueltas innecesarias por la ciudad.<\/p>\n\n\n\n<p class=\"wp-block-paragraph\">Adem\u00e1s del trayecto que les pareci\u00f3 extra\u00f1o e intimidante, otro factor que gener\u00f3 miedo entre las manifestantes y sus familiares fue que estuvieron incomunicadas durante varias horas. Un juez c\u00edvico o juez de barandilla orden\u00f3 que se les permitiera llamar a sus familiares cerca de la media noche, m\u00e1s de tres horas despu\u00e9s de su arresto.<\/p>\n\n\n\n<p class=\"wp-block-paragraph\">Amnist\u00eda Internacional document\u00f3 tambi\u00e9n que la polic\u00eda efectu\u00f3 las detenciones de manera arbitraria, con uso excesivo de la fuerza y ejercieron violencia sexual a mujeres menores de edad.<\/p>\n\n\n\n<p class=\"wp-block-paragraph\">La violencia sexual&nbsp;<em>per se<\/em>&nbsp;es una violaci\u00f3n del derecho humano a la integridad personal, pero puede llegar a constituir tortura cuando se le usa con la intenci\u00f3n de infligir sufrimiento o de castigar. Las autoridades mexicanas deben actuar con la debida diligencia en la investigaci\u00f3n de estos casos, desde el primer momento en que tienen conocimiento de estos.<\/p>\n\n\n\n<p class=\"wp-block-paragraph\">Amnist\u00eda Internacional advierte en su informe que la violencia de g\u00e9nero contra las mujeres, incluida la violencia sexual, sigue siendo usada por las autoridades como una forma de inhibir el ejercicio del derecho de las mujeres a la reuni\u00f3n pac\u00edfica, como una t\u00e1ctica ileg\u00edtima y contraria al derecho internacional en relaci\u00f3n con el manejo del orden p\u00fablico, y como un mecanismo aleccionador contra las mujeres por desafiar los estereotipos de g\u00e9nero al salir del espacio privado para tomarse las calles.<\/p>\n","protected":false},"excerpt":{"rendered":"<p>Sin el menor tacto, la decisi\u00f3n no fue informada de manera oficial a las v\u00edctimas, principales interesadas en la disculpa p\u00fablica<\/p>\n","protected":false},"author":3,"featured_media":70348,"comment_status":"open","ping_status":"open","sticky":false,"template":"","format":"standard","meta":{"_monsterinsights_skip_tracking":false,"footnotes":""},"categories":[48],"tags":[142],"class_list":["post-70347","post","type-post","status-publish","format-standard","has-post-thumbnail","category-no-mas-impunidad-no-mas-impunidad","tag-violencia"],"_links":{"self":[{"href":"https:\/\/redsemlac.com\/semmexico\/wp-json\/wp\/v2\/posts\/70347","targetHints":{"allow":["GET"]}}],"collection":[{"href":"https:\/\/redsemlac.com\/semmexico\/wp-json\/wp\/v2\/posts"}],"about":[{"href":"https:\/\/redsemlac.com\/semmexico\/wp-json\/wp\/v2\/types\/post"}],"author":[{"embeddable":true,"href":"https:\/\/redsemlac.com\/semmexico\/wp-json\/wp\/v2\/users\/3"}],"replies":[{"embeddable":true,"href":"https:\/\/redsemlac.com\/semmexico\/wp-json\/wp\/v2\/comments?post=70347"}],"version-history":[{"count":0,"href":"https:\/\/redsemlac.com\/semmexico\/wp-json\/wp\/v2\/posts\/70347\/revisions"}],"wp:featuredmedia":[{"embeddable":true,"href":"https:\/\/redsemlac.com\/semmexico\/wp-json\/wp\/v2\/media\/70348"}],"wp:attachment":[{"href":"https:\/\/redsemlac.com\/semmexico\/wp-json\/wp\/v2\/media?parent=70347"}],"wp:term":[{"taxonomy":"category","embeddable":true,"href":"https:\/\/redsemlac.com\/semmexico\/wp-json\/wp\/v2\/categories?post=70347"},{"taxonomy":"post_tag","embeddable":true,"href":"https:\/\/redsemlac.com\/semmexico\/wp-json\/wp\/v2\/tags?post=70347"}],"curies":[{"name":"wp","href":"https:\/\/api.w.org\/{rel}","templated":true}]}}