{"id":70227,"date":"2023-08-18T10:55:32","date_gmt":"2023-08-18T16:55:32","guid":{"rendered":"https:\/\/redsemlac.com\/semmexico\/?p=70227"},"modified":"2023-08-18T10:55:33","modified_gmt":"2023-08-18T16:55:33","slug":"tras-la-puerta-del-poder-lo-de-ebrard-fue-ruptura-no-denuncia","status":"publish","type":"post","link":"https:\/\/redsemlac.com\/semmexico\/tras-la-puerta-del-poder-lo-de-ebrard-fue-ruptura-no-denuncia\/","title":{"rendered":"Tras la puerta del poder| Lo de Ebrard fue ruptura, no denuncia"},"content":{"rendered":"\n<p class=\"wp-block-paragraph\"><strong>&nbsp;Roberto Vizca\u00edno<\/strong><\/p>\n\n\n\n<p class=\"wp-block-paragraph\">SemM\u00e9xico, Ciudad de M\u00e9xico, 18 de agosto, 2023.- \u00a1Vaya cierre de semana!<\/p>\n\n\n\n<p class=\"wp-block-paragraph\">En los hechos&nbsp;<strong>Marcelo Ebrard<\/strong>&nbsp;ya no est\u00e1 en Morena. Su excolaborador y exaliado, c\u00f3mplice en lo de la l\u00ednea 12 y otros lances,&nbsp;<strong>Mario Delgado,<\/strong>&nbsp;como l\u00edder de este partido, le dio la espalda. Pero quien lo ech\u00f3 fuera fue el propio presidente&nbsp;<strong>Andr\u00e9s Manuel L\u00f3pez Obrador,<\/strong>&nbsp;quien ayer le respondi\u00f3 y aclar\u00f3:<\/p>\n\n\n\n<p class=\"wp-block-paragraph\"><strong>\u201c\u2026 hay la instrucci\u00f3n de que no se use al gobierno ni mucho menos el presupuesto para favorecer a nadie.<\/strong><\/p>\n\n\n\n<p class=\"wp-block-paragraph\">\u201cY&nbsp;<strong>Marcelo, y Ad\u00e1n, y Claudia<\/strong>&nbsp;y todos me conocen perfectamente, saben que no tengo una doble moral, un doble discurso; saben que no nos metemos y que se acab\u00f3 el dedazo, y que es el pueblo el que va a decidir\u201d.<\/p>\n\n\n\n<p class=\"wp-block-paragraph\">Eso, aqu\u00ed y en J\u00fapiter, es tarjeta roja.<\/p>\n\n\n\n<p class=\"wp-block-paragraph\">Y por si&nbsp;<strong>Marcelo<\/strong>&nbsp;no hubiera entendido, (y ante la pregunta de si no le informaron de que funcionarios apoyan a alguna \u2018corcholata\u2019, como lo afirma&nbsp;<strong>Ebrard<\/strong>),&nbsp;<strong>AMLO<\/strong>&nbsp;agreg\u00f3:<\/p>\n\n\n\n<p class=\"wp-block-paragraph\">\u201cNo, no\u2026 se est\u00e1n portando muy bien, ese es el informe que yo tengo.<\/p>\n\n\n\n<p class=\"wp-block-paragraph\">\u201cPor ejemplo, los gobernadores, esos tienen m\u00e1s influencia; \u00a1ninguno!&#8230; nos reunimos y se suscribi\u00f3 un acuerdo, y los gobernadores lo han cumplido al pie de la letra, todos. Pero yo entiendo tambi\u00e9n de que, imag\u00ednense, en v\u00edsperas de que se decida, pues hay inquietudes y hay dudas razonables, pero somos distintos\u201d.<\/p>\n\n\n\n<p class=\"wp-block-paragraph\">O sea, para&nbsp;<strong>L\u00f3pez Obrador<\/strong>&nbsp;su excanciller es un inquieto levanta falsos. Para nada confiable ya. Pasa a retiro. Y con \u00e9l&nbsp;<strong>Ricardo Monreal<\/strong>&nbsp;(a quien no siquiera ya mencion\u00f3) que fue el \u00fanico que apoy\u00f3 a&nbsp;<strong>Ebrard<\/strong>.<\/p>\n\n\n\n<p class=\"wp-block-paragraph\">En su denuncia del mi\u00e9rcoles el excanciller afirm\u00f3 todo lo que ayer neg\u00f3 el mandatario: que se usan bienes, programas, recursos y brigadas de Bienestar para apoyar a<strong>&nbsp;Claudia Sheinbaum<\/strong>, \u201cpara decirle a la gente que el Presidente quiere que sea&nbsp;<strong>Claudia<\/strong>. \u00a1Est\u00e1n haciendo un acarreo, deveras, monumental!\u00bb.<\/p>\n\n\n\n<p class=\"wp-block-paragraph\">Y que ello ocurre porque los sondeos advierten que \u00e9l va arriba de&nbsp;<strong>Claudia&nbsp;<\/strong>y los otros contendientes<strong>.<\/strong><\/p>\n\n\n\n<p class=\"wp-block-paragraph\">Este comentario induce que&nbsp;<strong>Ebrard&nbsp;<\/strong>sabe que \u00e9l no ser\u00e1 el candidato presidencial de Morena sino la exjefa de Gobierno capitalina.<\/p>\n\n\n\n<p class=\"wp-block-paragraph\">Ante lo afirmado por&nbsp;<strong>Ebrard<\/strong>&nbsp;y rechazado por&nbsp;<strong>L\u00f3pez Obrador<\/strong>&nbsp;la contienda presidencial interna en Morena pas\u00f3 de los \u201cfocos rojos\u00bb advertidos por el excanciller al choque y la ruptura.<\/p>\n\n\n\n<p class=\"wp-block-paragraph\">Ellos, y el resto de quienes los siguen, sabemos que no hay forma ni tiempo de parar la inercia de los apoyos e intenciones desplegados desde todos los niveles del Gobierno y la llamada 4T en favor de&nbsp;<strong>Sheinbaum<\/strong>, para llevarla a Palacio.<\/p>\n\n\n\n<p class=\"wp-block-paragraph\">A 10 d\u00edas de que se levante la \u00faltima encuesta que definir\u00e1 al candidato presidencial de Morena el impacto de todos estos apoyos ya est\u00e1 consolidado en favor de&nbsp;<strong>Sheinbaum<\/strong>. Nada lo puede echar abajo ya.<\/p>\n\n\n\n<p class=\"wp-block-paragraph\">Que&nbsp;<strong>Marcelo<\/strong>&nbsp;pida rectificar el proceso es m\u00e1s que ingenuo. \u00c9l lo sabe.<\/p>\n\n\n\n<p class=\"wp-block-paragraph\">Su denuncia es entonces s\u00f3lo la justificaci\u00f3n de su salida del proceso y de Morena\u2026 y su posible lanzamiento por otra fuerza pol\u00edtica.<\/p>\n\n\n\n<h2 class=\"wp-block-heading\"><strong>SE REALINEAN<\/strong><\/h2>\n\n\n\n<p class=\"wp-block-paragraph\">La reacci\u00f3n inmediata fue un reacomodo en las fuerzas internas de Morena que apoyan a unos y a otros. El primero que brinc\u00f3 al ruedo en favor de su candidato fue&nbsp;<strong>P\u00edo L\u00f3pez Obrador<\/strong>, hermano de&nbsp;<strong>AMLO<\/strong>, quien igual que Ebrard advirti\u00f3 que el proceso de sucesi\u00f3n dentro de Morena est\u00e1 totalmente viciado en favor de&nbsp;<strong>Claudia<\/strong>.<\/p>\n\n\n\n<p class=\"wp-block-paragraph\">\u00abLo advertimos, el proceso est\u00e1 viciado de origen porque&nbsp;<strong>al amparo del Gobierno federal<\/strong>&nbsp;se est\u00e1 aplicando un operativo de Estado a trav\u00e9s de las estructuras de los programas sociales de la Secretar\u00eda del Bienestar para favorecer a un aspirante al estilo del PRI de los 80&#8217;s\u00bb, indic\u00f3.<\/p>\n\n\n\n<p class=\"wp-block-paragraph\">En clara referencia a la exjefa de Gobierno indic\u00f3 que ha habido un escandaloso acarreo, y despilfarro de recursos para inundar el Pa\u00eds de espectaculares.<\/p>\n\n\n\n<p class=\"wp-block-paragraph\">Y, a contrapelo de lo que su hermano niega,&nbsp;<strong>P\u00edo<\/strong>&nbsp;afirma:<\/p>\n\n\n\n<p class=\"wp-block-paragraph\">\u00ab\u2026 se desataron las pr\u00e1cticas priistas que se est\u00e1n aplicando a plena luz del d\u00eda\u2026 en el acarreo para asistir a las llamadas asambleas informativas masivas e inundar todas las ciudades de bardas y espectaculares, exhibiendo de esta manera el derroche de recursos&#8230; el despilfarro de recursos p\u00fablicos y la descarada intervenci\u00f3n de algunos servidores p\u00fablicos de los tres \u00f3rdenes de Gobierno\u2026 se les olvid\u00f3 que con esta patra\u00f1a propagand\u00edstica no van a enga\u00f1ar a la gente porque el pueblo ya despert\u00f3, tiene conciencia y est\u00e1 politizado y no se est\u00e1 chupando el dedo. Por eso y otras razones m\u00e1s, estoy cierto que&nbsp;<strong>Marcelo Ebrard<\/strong>&nbsp;ganar\u00e1 la encuesta\u00bb.<\/p>\n\n\n\n<p class=\"wp-block-paragraph\">Trascendi\u00f3 que al igual que&nbsp;<strong>P\u00edo<\/strong>&nbsp;un grupo de cerca de 80 diputados y diputadas, senadores y senadoras de Morena -entre quienes se encuentra&nbsp;<strong>Mal\u00fa Micher<\/strong>&#8211; se estar\u00edan decantando por&nbsp;<strong>Marcelo<\/strong>&nbsp;mientras que los 22 gobernadores y gobernadoras morenistas, y&nbsp;<strong>Delfina G\u00f3mez<\/strong>&nbsp;-quien asumir\u00e1 el poder el 14 de septiembre con la asistencia de&nbsp;<strong>AMLO-<\/strong>, estar\u00edan ya promoviendo un pronunciamiento contra&nbsp;<strong>Ebrard<\/strong>&nbsp;y en apoyo al Presidente y&nbsp;<strong>Claudia<\/strong>.<\/p>\n\n\n\n<p class=\"wp-block-paragraph\">Un rompimiento interno que apenas inicia y que quiz\u00e1 definir\u00eda la presidencial de 2024.<\/p>\n\n\n\n<p class=\"wp-block-paragraph\"><strong>&nbsp;\u00bfA qui\u00e9n beneficiar\u00eda esta fractura y quiz\u00e1 relanzamiento de Ebrard por otra fuerza?<\/strong><\/p>\n\n\n\n<p class=\"wp-block-paragraph\"><strong>Hay ah\u00ed una opini\u00f3n y argumentos divididos: unos afirman que impactar\u00eda sin duda en contra de la candidatura de Sheinbaum y de los dem\u00e1s aspirantes de Morena en 2024 mientras que algunos m\u00e1s afirman que no, que el relanzamiento de Ebrard por otra fuerza opositora quitar\u00eda votos a quien resulte candidato\/a presidencial del Frente Amplio Opositor y los otros a los otros cargos.<\/strong><\/p>\n\n\n\n<p class=\"wp-block-paragraph\"><strong>Yo s\u00f3lo recuerdo que faltan todav\u00eda 10 meses para la elecci\u00f3n general del 2024 y todo o nada puede ocurrir.<\/strong><\/p>\n\n\n\n<p class=\"wp-block-paragraph\">&nbsp;&nbsp;&#8230;<a href=\"mailto:rvizcainoa@gmail.com\" target=\"_blank\" rel=\"noreferrer noopener\">rvizcainoa@gmail.com<\/a>&nbsp;\/ Twitter: @_Vizcaino \/ Facebook \/&nbsp;<a href=\"https:\/\/www.facebook.com\/rvizcainoa\" target=\"_blank\" rel=\"noreferrer noopener\">https:\/\/www.facebook.com\/rvizcainoa<\/a>&nbsp;<\/p>\n","protected":false},"excerpt":{"rendered":"<p>En los hechos\u00a0Marcelo Ebrard\u00a0ya no est\u00e1 en Morena. Su excolaborador y exaliado, c\u00f3mplice en lo de la l\u00ednea 12 y otros lances,\u00a0Mario Delgado,\u00a0como l\u00edder de este partido, le dio la espalda.<\/p>\n","protected":false},"author":3,"featured_media":39589,"comment_status":"open","ping_status":"open","sticky":false,"template":"","format":"standard","meta":{"_monsterinsights_skip_tracking":false,"footnotes":""},"categories":[35,623,622],"tags":[],"class_list":["post-70227","post","type-post","status-publish","format-standard","has-post-thumbnail","category-opinion","category-roberto-vizcaino","category-tras-la-puerta-del-poder"],"_links":{"self":[{"href":"https:\/\/redsemlac.com\/semmexico\/wp-json\/wp\/v2\/posts\/70227","targetHints":{"allow":["GET"]}}],"collection":[{"href":"https:\/\/redsemlac.com\/semmexico\/wp-json\/wp\/v2\/posts"}],"about":[{"href":"https:\/\/redsemlac.com\/semmexico\/wp-json\/wp\/v2\/types\/post"}],"author":[{"embeddable":true,"href":"https:\/\/redsemlac.com\/semmexico\/wp-json\/wp\/v2\/users\/3"}],"replies":[{"embeddable":true,"href":"https:\/\/redsemlac.com\/semmexico\/wp-json\/wp\/v2\/comments?post=70227"}],"version-history":[{"count":0,"href":"https:\/\/redsemlac.com\/semmexico\/wp-json\/wp\/v2\/posts\/70227\/revisions"}],"wp:featuredmedia":[{"embeddable":true,"href":"https:\/\/redsemlac.com\/semmexico\/wp-json\/wp\/v2\/media\/39589"}],"wp:attachment":[{"href":"https:\/\/redsemlac.com\/semmexico\/wp-json\/wp\/v2\/media?parent=70227"}],"wp:term":[{"taxonomy":"category","embeddable":true,"href":"https:\/\/redsemlac.com\/semmexico\/wp-json\/wp\/v2\/categories?post=70227"},{"taxonomy":"post_tag","embeddable":true,"href":"https:\/\/redsemlac.com\/semmexico\/wp-json\/wp\/v2\/tags?post=70227"}],"curies":[{"name":"wp","href":"https:\/\/api.w.org\/{rel}","templated":true}]}}