{"id":7019,"date":"2018-09-20T21:08:13","date_gmt":"2018-09-20T21:08:13","guid":{"rendered":"https:\/\/redsemlac.com\/semmexico\/?p=7019"},"modified":"2023-07-21T14:33:13","modified_gmt":"2023-07-21T19:33:13","slug":"entresemana-28","status":"publish","type":"post","link":"https:\/\/redsemlac.com\/semmexico\/entresemana-28\/","title":{"rendered":"Entresemana"},"content":{"rendered":"\n<p class=\"wp-block-paragraph\">Andr\u00e9s, los conservadores y la prensa fif\u00ed<\/p>\n\n\n\n<h5 class=\"wp-block-heading\"> \u2022 Con simplismo verbal califica y descalifica<\/h5>\n\n\n\n<p class=\"wp-block-paragraph\"><a href=\"https:\/\/semmexico.com\/gallery-post.php?id=5897#\">Mois\u00e9s S\u00e1nchez<\/a><\/p>\n\n\n\n<p class=\"wp-block-paragraph\">SemM\u00e9xico, 20 septiembre 2018.- Vicente Fox calific\u00f3 a sus cr\u00edticos como prensa del c\u00edrculo rojo; Andr\u00e9s Manuel la llama prensa fif\u00ed; a una colega, para evadir la respuesta a una pregunta puntual, le dijo \u201ccorazoncito\u201d. Hoy, a la reportera la han hecho trizas los simpatizantes del Presidente electo, pero \u00e9l no ha ofrecido una disculpa p\u00fablica a la periodista.<\/p>\n\n\n\n<p class=\"wp-block-paragraph\">Y es que, con simplismo verbal, el licenciado L\u00f3pez Obrador califica y descalifica, polariza entre buenos y malos, miembros de la mafia del poder, conservadores y apostadores del mal fario. Pero, en su andar y decir siembra la duda respecto de c\u00f3mo gobernar\u00e1. \u00bfCon la vista hacia atr\u00e1s? Su discurso tiene mucho de aquella administraci\u00f3n del Arriba y Adelante\u2026<\/p>\n\n\n\n<p class=\"wp-block-paragraph\">As\u00ed, dizque para agradecer el voto depositado a su favor, Andr\u00e9s Manuel L\u00f3pez Obrador ha emprendido una singular campa\u00f1a que tienen todos los elementos de una gira de la victoria, es decir, el periplo para apisonar el terreno, dejar claro que es el Presidente electo y, de pasada, pulsar el sentir de los mexicanos hacia sus propuestas de gobierno, salpicadas de un abierto populismo.<\/p>\n\n\n\n<p class=\"wp-block-paragraph\">Por supuesto, tambi\u00e9n para desplegar una tarea en la que los mexicanos le vayan midiendo y no echen campanas a vuelo con el sue\u00f1o del M\u00e9xico Feliz como presumen surgir\u00e1 a partir del 2 de diciembre, una vez que el licenciado L\u00f3pez Obrador rinda protesta ante el Congreso de la Uni\u00f3n como Presidente de la Rep\u00fablica.<\/p>\n\n\n\n<p class=\"wp-block-paragraph\">Porque, lo han referido desde distintos espacios de opini\u00f3n en una coincidencia que corre el riesgo de ser calificada de complot azuzado por la prensa fif\u00ed y los conservadores, el Presidente electo ha entrado en el proceso de contradicci\u00f3n pol\u00edtica, muy a modo de su proceder que muchos, pero muchos, hab\u00edan olvidado.<\/p>\n\n\n\n<p class=\"wp-block-paragraph\">Empero, no es contradicci\u00f3n casual. No; L\u00f3pez Obrador tiene en su ADN esa caracter\u00edstica de lanzar la piedra hacia la multitud para ver qui\u00e9n o qui\u00e9nes gritan por el descalabro. Veamos.<\/p>\n\n\n\n<p class=\"wp-block-paragraph\">Con los capitanes de empresa, los due\u00f1os del dinero en M\u00e9xico, que sin duda forman parte de esa casta de conservadores \u2013al modo juarista\u2014hab\u00eda logrado un aparente acuerdo de amor y paz, de no agresi\u00f3n prometi\u00e9ndoles que no tocar\u00eda con el p\u00e9talo de una estatizaci\u00f3n a empresa alguna, pero luego los mete en el saco de la bancarrota, porque al final una condici\u00f3n de esa gravedad alcanza a quienes forman parte de la din\u00e1mica de la econom\u00eda nacional, en el aparato productivo y las fuerzas del mercado.<\/p>\n\n\n\n<p class=\"wp-block-paragraph\">Y, una vez conocida la reacci\u00f3n de los descalabrados con esa piedra en la analog\u00eda de una perversidad verbal, el Presidente electo dijo que no, vaya, que para evitar malas interpretaciones porque la prensa fif\u00ed le sac\u00f3 de contexto su dicho, a lo que se refiri\u00f3 fue a una crisis, que para el caso tiene una implicaci\u00f3n severa porque descalifica a los indicadores que otorgan salud a la econom\u00eda nacional.<\/p>\n\n\n\n<p class=\"wp-block-paragraph\">Luego, en Juchit\u00e1n, Oaxaca, parafrase\u00f3 al panismo y pidi\u00f3 a sus seguidores y simpatizantes que \u201cno est\u00e9n pensando que va a ser m\u00e1s de lo mismo\u201d, en alusi\u00f3n a quienes llama sus detractores y que le apuestan a que su gobierno \u2013que no ha comenzado\u2014falle o se cometan actos de corrupci\u00f3n para decir que es eso, justamente, m\u00e1s de lo mismo.<\/p>\n\n\n\n<p class=\"wp-block-paragraph\">\u00a1Ah!, pero advierte que esos detractores se quedar\u00e1n con las ganas de que incurra en errores. Y la pregunta es elemental: \u00bfHay alg\u00fan fundamento para andar regando alertas y descalificaciones por el pa\u00eds, en franca contradicci\u00f3n con sus mensajes salpicados de la simplista frase de amor y paz?<\/p>\n\n\n\n<p class=\"wp-block-paragraph\">Andr\u00e9s Manuel enfrent\u00f3 severas cr\u00edticas a su anuncio de que revocar\u00e1 a la Reforma Educativa, sin explicar a sus simpatizantes y malquerientes de esa enmienda que se trata de un proceso que tiene rango constitucional y que, aunque quiera, no podr\u00e1 desconocer ni siquiera desde el primer minuto de su mandato, porque requiere de la sanci\u00f3n legislativa, de una contrarreforma que debe discutirse en el Congreso de la Uni\u00f3n y contar con el aval de 17 de los 32 congresos locales.<\/p>\n\n\n\n<p class=\"wp-block-paragraph\">No obstante, en Juchit\u00e1n, centro operativo de la Secci\u00f3n 22 del SNTE, es decir, la CNTE, manifest\u00f3 a los maestros del Istmo que \u201cvoy a cumplir mis compromisos; porque ah\u00ed andan algunos, lo digo de manera fraterna, cari\u00f1osa, andan algunos pensando que somos iguales que los pol\u00edticos corruptos. Y est\u00e1n nada m\u00e1s fildeando (midi\u00e9ndonos) porque creen que no vamos a cumplir. Para que puedan decir: \u00abya vieron, es lo mismo; son iguale\u00bb. Se van a quedar con las ganas. \u00a1No somos iguales, no somos iguales!\u201d,<\/p>\n\n\n\n<p class=\"wp-block-paragraph\">El licenciado L\u00f3pez Obrador acot\u00f3 que sea abrogaci\u00f3n, cancelaci\u00f3n o abolici\u00f3n, la reforma educativa&nbsp;<a href=\"https:\/\/www.eleconomista.com.mx\/politica\/Definen-agenda-para-el-inicio-del-Gobierno-de-AMLO-20180828-0069.html\" target=\"_blank\" rel=\"noreferrer noopener\">no se aplicar\u00e1 en su gobierno que comenzar\u00e1 el 1 de diciembre.&nbsp;<\/a>\u201cEntonces, dije cancelaci\u00f3n de la reforma educativa. Me dicen: No. \u00a1Abrogaci\u00f3n! \u00a1Cancelaci\u00f3n! \u00a1Abrogaci\u00f3n! \u00a1Abolici\u00f3n! Todo, pero esa reforma no se va a aplicar\u201d.&nbsp;<\/p>\n\n\n\n<p class=\"wp-block-paragraph\">No cabe duda que, m\u00e1s que una gira de agradecimiento, se trata de una gira de la victoria, singular campa\u00f1a de la campa\u00f1a para medir el terreno que habr\u00e1 de gobernar a partir del 1 de diciembre pr\u00f3ximo, con la certidumbre de que no podr\u00e1 atender ni cumplir todas las ofertas que hizo en este largo, largo periplo de m\u00e1s de una d\u00e9cada en busca de la Presidencia de la Rep\u00fablica.<\/p>\n\n\n\n<p class=\"wp-block-paragraph\">Pero, vaya, acorde con su insistente y machacona austeridad republicana y juarista, vale preguntar qui\u00e9n paga esta gira de la victoria. \u00bfLe meti\u00f3 mano a los 150 millones de pesos que puso a su disposici\u00f3n la Secretar\u00eda de Hacienda para las tareas de la transici\u00f3n, la entrega-recepci\u00f3n?<\/p>\n\n\n\n<p class=\"wp-block-paragraph\">Viajar en l\u00ednea a\u00e9rea comercial con sus colaboradores y el equipo de seguridad, no cuesta tres pesos. \u00bfQui\u00e9n paga? \u00bfQui\u00e9n administra los 150 millones de pesos? \u00bfHabr\u00e1 comprobaci\u00f3n de gastos para ir acorde con la transparencia pregonada?<\/p>\n\n\n\n<p class=\"wp-block-paragraph\">Como sea, esta gira cuesta y quienes cumplimos con nuestros impuestos le pagamos este periplo nacional que le sirve para curarse en salud y decir a la gente que se vaya preparando porque no todo lo prometido se cumplir\u00e1. Me pregunto qu\u00e9 se siente ser prensa fif\u00ed. \u00bfO ser\u00e9 conservador? Digo.<\/p>\n\n\n\n<p class=\"wp-block-paragraph\"><a href=\"mailto:sanchezlimon@gmail.com\">sanchezlimon@gmail.com<\/a><\/p>\n\n\n\n<p class=\"wp-block-paragraph\"><a href=\"http:\/\/www.entresemana.mx\/\">www.entresemana.mx<\/a><\/p>\n\n\n\n<p class=\"wp-block-paragraph\"><strong>@msanchezlimon<\/strong><\/p>\n","protected":false},"excerpt":{"rendered":"<p>Andr\u00e9s, los conservadores y la prensa fif\u00ed \u2022 Con simplismo verbal califica y descalifica Mois\u00e9s S\u00e1nchez SemM\u00e9xico, 20 septiembre 2018.- Vicente Fox calific\u00f3 a sus cr\u00edticos como prensa del c\u00edrculo rojo; Andr\u00e9s Manuel la llama prensa fif\u00ed; a una colega, para evadir la respuesta a una pregunta puntual, le dijo \u201ccorazoncito\u201d. Hoy, a la reportera [&hellip;]<\/p>\n","protected":false},"author":3,"featured_media":6811,"comment_status":"open","ping_status":"open","sticky":false,"template":"","format":"standard","meta":{"_monsterinsights_skip_tracking":false,"footnotes":""},"categories":[689,83],"tags":[],"class_list":["post-7019","post","type-post","status-publish","format-standard","has-post-thumbnail","category-689","category-moises-sanchez-limon"],"_links":{"self":[{"href":"https:\/\/redsemlac.com\/semmexico\/wp-json\/wp\/v2\/posts\/7019","targetHints":{"allow":["GET"]}}],"collection":[{"href":"https:\/\/redsemlac.com\/semmexico\/wp-json\/wp\/v2\/posts"}],"about":[{"href":"https:\/\/redsemlac.com\/semmexico\/wp-json\/wp\/v2\/types\/post"}],"author":[{"embeddable":true,"href":"https:\/\/redsemlac.com\/semmexico\/wp-json\/wp\/v2\/users\/3"}],"replies":[{"embeddable":true,"href":"https:\/\/redsemlac.com\/semmexico\/wp-json\/wp\/v2\/comments?post=7019"}],"version-history":[{"count":0,"href":"https:\/\/redsemlac.com\/semmexico\/wp-json\/wp\/v2\/posts\/7019\/revisions"}],"wp:featuredmedia":[{"embeddable":true,"href":"https:\/\/redsemlac.com\/semmexico\/wp-json\/wp\/v2\/media\/6811"}],"wp:attachment":[{"href":"https:\/\/redsemlac.com\/semmexico\/wp-json\/wp\/v2\/media?parent=7019"}],"wp:term":[{"taxonomy":"category","embeddable":true,"href":"https:\/\/redsemlac.com\/semmexico\/wp-json\/wp\/v2\/categories?post=7019"},{"taxonomy":"post_tag","embeddable":true,"href":"https:\/\/redsemlac.com\/semmexico\/wp-json\/wp\/v2\/tags?post=7019"}],"curies":[{"name":"wp","href":"https:\/\/api.w.org\/{rel}","templated":true}]}}