{"id":7017,"date":"2018-09-25T21:05:57","date_gmt":"2018-09-25T21:05:57","guid":{"rendered":"https:\/\/redsemlac.com\/semmexico\/?p=7017"},"modified":"2023-07-21T14:33:12","modified_gmt":"2023-07-21T19:33:12","slug":"revancha-y-espejo-retrovisor","status":"publish","type":"post","link":"https:\/\/redsemlac.com\/semmexico\/revancha-y-espejo-retrovisor\/","title":{"rendered":"Revancha y espejo retrovisor"},"content":{"rendered":"\n<p class=\"wp-block-paragraph\">Los linchamientos en todo lo alto.<\/p>\n\n\n\n<h5 class=\"wp-block-heading\"> Es importante que el Presidente electo modere sus declaraciones, se deje de baladronadas y, sobre todo, de la contradicci\u00f3n verbal.<\/h5>\n\n\n\n<p class=\"wp-block-paragraph\"><a href=\"https:\/\/semmexico.com\/gallery-post.php?id=5940#\">Mois\u00e9s S\u00e1nchez<\/a><\/p>\n\n\n\n<p class=\"wp-block-paragraph\">SemM\u00e9xico. Cd. de M\u00e9xico. 25 de septiembre de 2018.- Lo dicho. \u00bfFinalmente, el licenciado Andr\u00e9s Manuel L\u00f3pez Obrador cay\u00f3 en la cuenta de que dej\u00f3 de ser candidato, que es Presidente electo y no un ciudadano m\u00e1s, pese a su terca versi\u00f3n de que es hijo del pueblo?<\/p>\n\n\n\n<p class=\"wp-block-paragraph\">Porque su proceder y la ausencia de control, mando y responsabilidad en las funciones entre los integrantes de su burbuja, adem\u00e1s de las discrepancias entre quienes han manifestado absoluta disciplina y obediencia en el Congreso de la Uni\u00f3n, ha derivado en una revancha en la burocracia de medio pelo que siente llegado el momento para ascender y ocupar los cargos directivos, jefaturas y posiciones operativas.<\/p>\n\n\n\n<p class=\"wp-block-paragraph\">Es elemental que entre esa burocracia que se declar\u00f3 priista pero a la hora de la hora vot\u00f3 con la absoluta deslealtad y se ech\u00f3 a los brazos de la corriente morenista, no aspira a los cargos de primera divisi\u00f3n. Quiz\u00e1, s\u00ed, a direcciones pero no a ocupar la cabeza en las dependencias federales ni en los mandos que integran a esa burocracia dorada, como la llama L\u00f3pez Obrador y sobre la que se ha enderezado la espada de Damocles.<\/p>\n\n\n\n<p class=\"wp-block-paragraph\">El caso es que, el desparpajo con el que se ha conducido el licenciado Andr\u00e9s Manuel L\u00f3pez Obrador, pese a su declaraci\u00f3n del s\u00e1bado \u00faltimo, en Nogales, Sonora, de que ya se tiene que moderar porque ya no puede hablar como antes, debido a que tiene una investidura que cuidar, ha permeado entre esos trabajadores al servicio del Estado, al nivel de que han comenzado a practicar el deporte de la revancha.<\/p>\n\n\n\n<p class=\"wp-block-paragraph\">Embozados en subdirecciones o cargos intermedios, unos, y otros en niveles de operatividad como subjefes o de plano personajes que s\u00f3lo se presentaban a checar entrada y salida para irse a echar a la hamaca, o aquellos cuyos intereses personales estaban por encima del ciudadano que requer\u00eda de sus servicios y deb\u00eda pagar por ellos, han emprendido una singular operaci\u00f3n para dizque correr a quienes han sido sus jefes.<\/p>\n\n\n\n<p class=\"wp-block-paragraph\">Hay dependencias p\u00fablicas en las que han regado la especie de que, como votaron por Morena y son amigos, compadres o conocidos de diputados federales, senadores o quienes ser\u00e1n delegados del Ejecutivo Federal en los estados, est\u00e1n en condiciones de adelantar qui\u00e9nes se van y qui\u00e9nes se quedan.<\/p>\n\n\n\n<p class=\"wp-block-paragraph\">Ofrecen, incluso, cargos a compa\u00f1eros de trabajo que no son precisamente simpatizantes o militantes de Morena ni de alguno de estos partidos pol\u00edticos que hizo alianza para defenestrar al PRI, aunque muchos de ellos fueron c\u00f3mplices del desgobierno que en menos de seis a\u00f1os alz\u00f3 al tricolor a las alturas del poder p\u00fablico y luego lo dej\u00f3 en ca\u00edda libre con menos de la mitad de sus votos duros.<\/p>\n\n\n\n<p class=\"wp-block-paragraph\">Por supuesto, esa mec\u00e1nica de la revancha se imagina en el uso de la Santa Inquisici\u00f3n, ante cuyos Torquemada se denunciaba al vecino, amigo, enemigo, contrincante en amores o compadre como denostador de la iglesia cat\u00f3lica, adorador del demonio, para llevarlo a la hoguera y hacerse de sus bienes, incluso de sus familias. Valga la analog\u00eda.<\/p>\n\n\n\n<p class=\"wp-block-paragraph\">S\u00ed, es importante que el Presidente electo modere sus declaraciones, se deje de baladronadas y, sobre todo, de la contradicci\u00f3n verbal porque, qui\u00e9rase que no, es ejemplo a seguir y, bueno, s\u00f3lo hay que echar un vistazo en buena parte de quienes hoy se asumen como los nuevos due\u00f1os del pa\u00eds, \u00e9stos personajes que lo mismo descalifican a los periodistas que acusan a la prensa fif\u00ed de defender intereses pol\u00edticos y econ\u00f3micos contra el licenciado L\u00f3pez Obrador y ofrecen cambios y garantizan respeto a libertades que ya tienen esa garant\u00eda en la Constituci\u00f3n.<\/p>\n\n\n\n<p class=\"wp-block-paragraph\">Y, en ese tenor, la evidencia del retorno de una mezcla del PRI de los sexenios de Gustavo D\u00edaz Ordaz y Luis Echeverr\u00eda \u00c1lvarez, ah\u00ed est\u00e1 en esa oferta de la IV Rep\u00fablica con el Presidente como se\u00f1or feudal, el monarca cuya voz en la \u00fanica a escucharse y atenderse en el pa\u00eds, mientras sus servidores, acompa\u00f1ados de esa corte de lambiscones, que \u00e9l reconoci\u00f3 abundan en esta dizque nueva etapa de gobierno, muy a su estilo.<\/p>\n\n\n\n<p class=\"wp-block-paragraph\">\u00bfGobernar\u00e1n en el escenario de la revancha, con la mirada puesta en el retrovisor y la impunidad de quienes, medianos y mediocres bur\u00f3cratas que un d\u00eda se fueron a dormir priistas y amanecieron morenistas, hoy se reparten cargos en el sue\u00f1o de sentarse en la oficina de quien ha sido su jefe?<\/p>\n\n\n\n<p class=\"wp-block-paragraph\">Los excesos y las impunidades, los linchamientos en todo lo alto, de quienes no se dan cuenta de que ya ganaron y la campa\u00f1a concluy\u00f3. Conste.<\/p>\n\n\n\n<p class=\"wp-block-paragraph\"><a href=\"mailto:sanchezlimon@gmail.com\">sanchezlimon@gmail.com<\/a><\/p>\n\n\n\n<p class=\"wp-block-paragraph\"><a href=\"http:\/\/www.entresemana.mx\/\">www.entresemana.mx<\/a><\/p>\n\n\n\n<p class=\"wp-block-paragraph\">@msanchezlimon<\/p>\n","protected":false},"excerpt":{"rendered":"<p>Los linchamientos en todo lo alto. Es importante que el Presidente electo modere sus declaraciones, se deje de baladronadas y, sobre todo, de la contradicci\u00f3n verbal. Mois\u00e9s S\u00e1nchez SemM\u00e9xico. Cd. de M\u00e9xico. 25 de septiembre de 2018.- Lo dicho. \u00bfFinalmente, el licenciado Andr\u00e9s Manuel L\u00f3pez Obrador cay\u00f3 en la cuenta de que dej\u00f3 de ser [&hellip;]<\/p>\n","protected":false},"author":3,"featured_media":6811,"comment_status":"open","ping_status":"open","sticky":false,"template":"","format":"standard","meta":{"_monsterinsights_skip_tracking":false,"footnotes":""},"categories":[689,83],"tags":[],"class_list":["post-7017","post","type-post","status-publish","format-standard","has-post-thumbnail","category-689","category-moises-sanchez-limon"],"_links":{"self":[{"href":"https:\/\/redsemlac.com\/semmexico\/wp-json\/wp\/v2\/posts\/7017","targetHints":{"allow":["GET"]}}],"collection":[{"href":"https:\/\/redsemlac.com\/semmexico\/wp-json\/wp\/v2\/posts"}],"about":[{"href":"https:\/\/redsemlac.com\/semmexico\/wp-json\/wp\/v2\/types\/post"}],"author":[{"embeddable":true,"href":"https:\/\/redsemlac.com\/semmexico\/wp-json\/wp\/v2\/users\/3"}],"replies":[{"embeddable":true,"href":"https:\/\/redsemlac.com\/semmexico\/wp-json\/wp\/v2\/comments?post=7017"}],"version-history":[{"count":0,"href":"https:\/\/redsemlac.com\/semmexico\/wp-json\/wp\/v2\/posts\/7017\/revisions"}],"wp:featuredmedia":[{"embeddable":true,"href":"https:\/\/redsemlac.com\/semmexico\/wp-json\/wp\/v2\/media\/6811"}],"wp:attachment":[{"href":"https:\/\/redsemlac.com\/semmexico\/wp-json\/wp\/v2\/media?parent=7017"}],"wp:term":[{"taxonomy":"category","embeddable":true,"href":"https:\/\/redsemlac.com\/semmexico\/wp-json\/wp\/v2\/categories?post=7017"},{"taxonomy":"post_tag","embeddable":true,"href":"https:\/\/redsemlac.com\/semmexico\/wp-json\/wp\/v2\/tags?post=7017"}],"curies":[{"name":"wp","href":"https:\/\/api.w.org\/{rel}","templated":true}]}}