{"id":7014,"date":"2018-09-27T21:04:01","date_gmt":"2018-09-27T21:04:01","guid":{"rendered":"https:\/\/redsemlac.com\/semmexico\/?p=7014"},"modified":"2023-07-21T14:33:51","modified_gmt":"2023-07-21T19:33:51","slug":"entresemana-27","status":"publish","type":"post","link":"https:\/\/redsemlac.com\/semmexico\/entresemana-27\/","title":{"rendered":"Entresemana"},"content":{"rendered":"\n<p class=\"wp-block-paragraph\">Pareciera que la administraci\u00f3n saliente de Enrique Pe\u00f1a Nieto se esfuerza en desbrozar el camino.<\/p>\n\n\n\n<h5 class=\"wp-block-heading\"> \u00bfJusticia tope donde tope?<\/h5>\n\n\n\n<p class=\"wp-block-paragraph\"><a href=\"https:\/\/semmexico.com\/gallery-post.php?id=5958#\">Mois\u00e9s S\u00e1nchez<\/a><\/p>\n\n\n\n<p class=\"wp-block-paragraph\">SemM\u00e9xico, 27 septiembre 2018.- Pareciera que la administraci\u00f3n saliente de Enrique Pe\u00f1a Nieto se esfuerza en desbrozar el camino, en materia de juicios de pol\u00edticos de alto impacto, a la entrante de Andr\u00e9s Manuel L\u00f3pez Obrador, sin recato alguno y en evidente uso de facultades metaconstitucionales.<\/p>\n\n\n\n<p class=\"wp-block-paragraph\">Bien que Pe\u00f1a Nieto, en el \u00faltimo tranco de su gesti\u00f3n, haya declinado enviar al Senado la terna para designar al Fiscal General de la Rep\u00fablica, una figura harto debatida y conocida como el \u201cfiscal carnal\u201d que incluso cost\u00f3 el cargo al \u00faltimo procurador General de la Republica, Ra\u00fal Cervantes Andrade, quien dej\u00f3 una papa caliente con el caso Odebrecht.<\/p>\n\n\n\n<p class=\"wp-block-paragraph\">Cervantes pretendi\u00f3 ser ministro de la Suprema Corte de Justicia de la Naci\u00f3n y, luego, asumir el cargo de primer Fiscal General de la Rep\u00fablica, en un tr\u00e1mite en autom\u00e1tico al desaparecer la Procuradur\u00eda General de la Rep\u00fablica. Pero el asunto se calent\u00f3 y manose\u00f3 tanto, en una embestida prohijada desde la entonces oposici\u00f3n legislativa, que de plano en la PGR qued\u00f3 un encargado y Cervantes se fue a la banca.<\/p>\n\n\n\n<p class=\"wp-block-paragraph\">\u00bfPor qu\u00e9 la importancia de un fiscal General y que sea Andr\u00e9s Manuel L\u00f3pez Obrador quien env\u00ede la terna de los perfiles propuestos a examen en el Senado de la Rep\u00fablica, una vez que haya rendido protesta como Presidenta Constitucional de los Estados Unidos Mexicanos?<\/p>\n\n\n\n<p class=\"wp-block-paragraph\">Porque ser\u00e1 responsabilidad de L\u00f3pez Obrador contar con un fiscal de supuesta autonom\u00eda del Poder Ejecutivo Federal, es decir, del Presidente de la Rep\u00fablica, para trabajar independiente en la investigaci\u00f3n de casos de suyo torales, como es el de la desaparici\u00f3n de los estudiantes de la Escuela Normal Isidro Burgos de Ayotzinapa, del que el a\u00fan Presidente electo ofreci\u00f3 emitir, en los primeros d\u00edas de&nbsp;diciembre&nbsp;pr\u00f3ximo, un decreto para crear la Comisi\u00f3n Investigadora del caso, y llegar a la verdad y la justicia.<\/p>\n\n\n\n<p class=\"wp-block-paragraph\">L\u00f3pez Obrador se reuni\u00f3 con familiares de los 43 estudiantes desaparecidos, justo ayer cuando se cumplieron cuatro a\u00f1os de los hechos ocurridos en el municipio de Iguala, Guerrero.<\/p>\n\n\n\n<p class=\"wp-block-paragraph\">Jes\u00fas Murillo Karam, entonces procurador General de la Rep\u00fablica, ofreci\u00f3 conclusiones con la llamada verdad hist\u00f3rica del caso, que no satisfizo a las familias y deriv\u00f3 en un largo proceso que, en diciembre entrante y conforme con lo dicho por L\u00f3pez Obrador, entrar\u00e1 en una nueva etapa que evidencia conceptos justicieros m\u00e1s que de justicia.<\/p>\n\n\n\n<p class=\"wp-block-paragraph\">Y, mire usted, sin \u00e1nimos oficiosos, el caso debi\u00f3 haber sido cerrado en su momento y con la aprehensi\u00f3n y encarcelamiento de personajes que se hicieron de la vista gorda, lo que implica contubernio, frente a lo que era un secreto a voces, la evidencia de que en el estado de Guerrero galopaba la corrupci\u00f3n y una singular sociedad de narco pol\u00edtica, de la que el entonces gobernador \u00c1ngel Heladio Aguirre Rivero no pudo ser ajeno.<\/p>\n\n\n\n<p class=\"wp-block-paragraph\">\u00bfPor qu\u00e9 el gobierno federal asumi\u00f3 una responsabilidad que era de los \u00e1mbitos estatal y municipal y no despleg\u00f3 los mecanismos dependientes del CISEN y de las secretar\u00edas de la Defensa Nacional y de Marina, para dar con los responsables?<\/p>\n\n\n\n<p class=\"wp-block-paragraph\">\u00bfSe enga\u00f1\u00f3 al presidente Enrique Pe\u00f1a Nieto? Mire usted, cuando Joaqu\u00edn El Chapo Guzm\u00e1n se fug\u00f3 de la prisi\u00f3n de alta seguridad del Altiplano, todos los servicios de inteligencia, con el apoyo de la DEA, se desplegaron y se logr\u00f3 la recaptura del capo. Un asunto grave, delicado por sus aristas internacionales, se resolvi\u00f3 en breve tiempo.<\/p>\n\n\n\n<p class=\"wp-block-paragraph\">\u00bfPor qu\u00e9 no utilizar esos mecanismos para encontrar a los estudiantes desaparecidos, con vida o sus restos, y detener a los responsables? Evidentemente no hubo voluntad pol\u00edtica porque jugaron los intereses pol\u00edticos por encima de la aplicaci\u00f3n de la ley en toda su extensi\u00f3n.<\/p>\n\n\n\n<p class=\"wp-block-paragraph\">Hoy, en uso de facultades metaconstitucionales opera la liberaci\u00f3n de personajes como Javier Duarte y la omisi\u00f3n de no llamar a cuentas al ex gobernador de Guerrero, \u00c1ngel Heladio Aguirre Rivero.<\/p>\n\n\n\n<p class=\"wp-block-paragraph\">\u00bfLograr\u00e1 L\u00f3pez Obrador contar con un fiscal de verdad y un equipo sin compromisos pol\u00edticos que resuelva el caso de los estudiantes de Ayotzinapa?<\/p>\n\n\n\n<p class=\"wp-block-paragraph\">Bueno, por lo menos ha ofrecido m\u00e1s de lo mismo, es decir, crear una comisi\u00f3n especial que, de sacudirse presiones pol\u00edticas, estar\u00e1 en condiciones de investigar y llamar a cuentas a personajes que, de alguna u otra forma, estuvieron cerca de esas decisiones que llevaron a ganar a un expriista y amigo de Enrique Pe\u00f1a Nieto, la gubernatura del estado de Guerrero con las siglas del PRD y, al cuarto para las doce, la del PAN, y hacer alcalde de Iguala a un comerciante cuyas ligas con el crimen organizado eran p\u00fablicas.<\/p>\n\n\n\n<p class=\"wp-block-paragraph\">Es posible que este tema, resolver el enigma del caso Ayotzinapa, sea el golpe que d\u00e9 L\u00f3pez Obrador para demostrar que la aplicaci\u00f3n de la justicia, ahora s\u00ed, va en serio. Porque los asuntos de la maestra Elba Esther Gordillo y del ex gobernador de Veracruz, Javier Duarte, que est\u00e1 pr\u00e1cticamente con un pie en la calle, merced a un acuerdo de esos que s\u00f3lo se logran en las ligas mayores, son temas de delincuencia de cuello blanco, aunque implique latrocinios que perjudicaron a cientos, miles de ciudadanos.<\/p>\n\n\n\n<p class=\"wp-block-paragraph\">\u00bfSe aplicar\u00e1 la justicia tope donde tope? \u00bfAyotzinapa ser\u00e1 el golpe del licenciado L\u00f3pez Obrador en esto de llegar a la verdad y la justicia?<\/p>\n\n\n\n<p class=\"wp-block-paragraph\">Bueno, todo indica que esto de enjuiciar a otros ex gobernadores o funcionarios de la actual administraci\u00f3n ya no ser\u00e1 lo suyo, debido al pacto pol\u00edtico que se ha hecho y que se evidencia con esto de no ir contra chivos expiatorios, tal fue el adjetivo que aplic\u00f3 a Rosario Robles Berlanga.<\/p>\n\n\n\n<p class=\"wp-block-paragraph\">\u00bfHabr\u00e1 Comisi\u00f3n de la Verdad que investigar\u00e1, incluso, a la distancia de medio siglo lo ocurrido en el movimiento estudiantil de 1968 y del 10 de junio de 1971 para concluir con el caso Ayotzinapa? Todo el sexenio ser\u00e1 insuficiente para lograr ese objetivo de aplicar justicia, sobre todo cuando incluso presuntos responsables han muerto.<\/p>\n\n\n\n<p class=\"wp-block-paragraph\">Es posible que vayan a prisi\u00f3n funcionarios de medio pelo, polic\u00edas corruptos, quiz\u00e1 militares de bajo rango involucrados con el crimen organizado. Y punto. Digo.<\/p>\n\n\n\n<p class=\"wp-block-paragraph\"><a href=\"mailto:sanchezlimon@gmail.com\">sanchezlimon@gmail.com<\/a><\/p>\n\n\n\n<p class=\"wp-block-paragraph\"><a href=\"http:\/\/www.entresemana.mx\/\">www.entresemana.mx<\/a><\/p>\n\n\n\n<p class=\"wp-block-paragraph\">@msanchezlimon<\/p>\n","protected":false},"excerpt":{"rendered":"<p>Pareciera que la administraci\u00f3n saliente de Enrique Pe\u00f1a Nieto se esfuerza en desbrozar el camino. \u00bfJusticia tope donde tope? Mois\u00e9s S\u00e1nchez SemM\u00e9xico, 27 septiembre 2018.- Pareciera que la administraci\u00f3n saliente de Enrique Pe\u00f1a Nieto se esfuerza en desbrozar el camino, en materia de juicios de pol\u00edticos de alto impacto, a la entrante de Andr\u00e9s Manuel [&hellip;]<\/p>\n","protected":false},"author":3,"featured_media":6811,"comment_status":"open","ping_status":"open","sticky":false,"template":"","format":"standard","meta":{"_monsterinsights_skip_tracking":false,"footnotes":""},"categories":[689,83],"tags":[],"class_list":["post-7014","post","type-post","status-publish","format-standard","has-post-thumbnail","category-689","category-moises-sanchez-limon"],"_links":{"self":[{"href":"https:\/\/redsemlac.com\/semmexico\/wp-json\/wp\/v2\/posts\/7014","targetHints":{"allow":["GET"]}}],"collection":[{"href":"https:\/\/redsemlac.com\/semmexico\/wp-json\/wp\/v2\/posts"}],"about":[{"href":"https:\/\/redsemlac.com\/semmexico\/wp-json\/wp\/v2\/types\/post"}],"author":[{"embeddable":true,"href":"https:\/\/redsemlac.com\/semmexico\/wp-json\/wp\/v2\/users\/3"}],"replies":[{"embeddable":true,"href":"https:\/\/redsemlac.com\/semmexico\/wp-json\/wp\/v2\/comments?post=7014"}],"version-history":[{"count":0,"href":"https:\/\/redsemlac.com\/semmexico\/wp-json\/wp\/v2\/posts\/7014\/revisions"}],"wp:featuredmedia":[{"embeddable":true,"href":"https:\/\/redsemlac.com\/semmexico\/wp-json\/wp\/v2\/media\/6811"}],"wp:attachment":[{"href":"https:\/\/redsemlac.com\/semmexico\/wp-json\/wp\/v2\/media?parent=7014"}],"wp:term":[{"taxonomy":"category","embeddable":true,"href":"https:\/\/redsemlac.com\/semmexico\/wp-json\/wp\/v2\/categories?post=7014"},{"taxonomy":"post_tag","embeddable":true,"href":"https:\/\/redsemlac.com\/semmexico\/wp-json\/wp\/v2\/tags?post=7014"}],"curies":[{"name":"wp","href":"https:\/\/api.w.org\/{rel}","templated":true}]}}