{"id":7009,"date":"2018-10-04T21:00:04","date_gmt":"2018-10-04T21:00:04","guid":{"rendered":"https:\/\/redsemlac.com\/semmexico\/?p=7009"},"modified":"2023-07-21T14:33:50","modified_gmt":"2023-07-21T19:33:50","slug":"entresemana-26","status":"publish","type":"post","link":"https:\/\/redsemlac.com\/semmexico\/entresemana-26\/","title":{"rendered":"Entresemana"},"content":{"rendered":"\n<p class=\"wp-block-paragraph\">Rumbo al 1 de diciembre.<\/p>\n\n\n\n<h5 class=\"wp-block-heading\"> Disputa por el poder\u2026 en Morena<\/h5>\n\n\n\n<p class=\"wp-block-paragraph\"><a href=\"https:\/\/semmexico.com\/gallery-post.php?id=6020#\">Mois\u00e9s S\u00e1nchez<\/a><\/p>\n\n\n\n<p class=\"wp-block-paragraph\">SemM\u00e9xico, 4 octubre 2018.- Rumbo al s\u00e1bado 1 de diciembre, cuando Andr\u00e9s Manuel L\u00f3pez Obrador rinda protesta ante el Congreso de la Uni\u00f3n como Presidente de la Rep\u00fablica, el presunto equipo que ocupar\u00e1 espacios clave en la administraci\u00f3n federal ha entrado en un proceso de desgaste con discrepancias que&nbsp;evidencian ausencia de un plan de gobierno y una tendencia a elaborarlo sobre la marcha, con ocurrencias en buena parte que no son garant\u00eda de buen gobierno.<\/p>\n\n\n\n<p class=\"wp-block-paragraph\">Y, del lado del Poder Legislativo, la situaci\u00f3n no se diferencia en esto de una singular disputa por el poder, por ver qui\u00e9n es mejor y qui\u00e9n queda bien, al nivel oficioso y si quiere usted hasta servil, con Andr\u00e9s Manuel L\u00f3pez Obrador, en un \u00e1nimo de impulsar una agenda del Presidente electo que no tiene sustento ya no diga usted legal, \u00a1vaya!, ni siquiera de coordinaci\u00f3n y consensos entre los legisladores del partido que parecen continuar en campa\u00f1a.<\/p>\n\n\n\n<p class=\"wp-block-paragraph\">Mire usted. Ayer hubo dos momentos escenificados por quienes se asumen morenistas recalcitrantes, aunque los hay del cuarto para las doce, por usar un eufemismo, con desplantes de protagonismo y ganas de quedar bien, aunque las consecuencias pueden ser adversamente graves para el gobierno de L\u00f3pez Obrador.<\/p>\n\n\n\n<p class=\"wp-block-paragraph\">Veamos. En esto de la propuesta de consulta p\u00fablica para decidir d\u00f3nde se construye el Nuevo Aeropuerto Internacional de M\u00e9xico, hubo una reuni\u00f3n del equipo de transici\u00f3n relacionado con el tema, encabezado por el eterno aspirante a secretario de Comunicaciones y Transportes, Javier Jim\u00e9nez Espri\u00fa, en la que \u00e9l como Alejandro Encinas y quien se presume ser\u00e1 la pr\u00f3xima secretar\u00eda de Medio Ambiente y Recursos Naturales, se pronunciaron contra la sede de Texcoco.<\/p>\n\n\n\n<p class=\"wp-block-paragraph\">Y, frente a quienes se asumen representantes de cuatro pueblos pr\u00f3ximos a la zona donde se construye la terminal a\u00e9rea, Alejandro Encinas dijo que desde los d\u00edas en que fue jefe de Gobierno del entonces Distrito Federal, en relevo de Andr\u00e9s Manuel L\u00f3pez Obrador, se opuso a la propuesta del entonces presidente Ernesto Zedillo Ponce de Le\u00f3n, de construir el aeropuerto en la zona de Texcoco.<\/p>\n\n\n\n<p class=\"wp-block-paragraph\">En realidad, el impulsor formal fue Vicente Fox Quesada junto con quien fuera su secretario de Comunicaciones y Transportes, Pedro Cerisola y Weber, conocido como el Pato Cerisola porque dijo que los patos que migraban al ex Lago de Texcoco estaban de acuerdo con el proyecto y no a favor del propuesto en terrenos del estado de Hidalgo.<\/p>\n\n\n\n<p class=\"wp-block-paragraph\">Pero, bueno, ah\u00ed la imagen de Felipe \u00c1lvarez, dirigente de una de las agrupaciones de pobladores de esa zona que no quieren al nuevo aeropuerto, machete en mano con la exigencia de que se cancele la construcci\u00f3n del NAIMX. \u00bfCon qui\u00e9n quieren quedar bien Jim\u00e9nez Espri\u00fa, Encinas y asociados?<\/p>\n\n\n\n<p class=\"wp-block-paragraph\">Porque impulsan una agenda falsa, tanto que sin pregunta de por medio dijeron que lo de la consulta no era para lavarse las manos, porque \u00e9sta va. \u00bfY? \u00bfTienen la l\u00ednea de Andr\u00e9s Manuel L\u00f3pez Obrador? Sin duda, porque no dan un paso sin consultar al electo. El hecho es que \u00e9ste grupo no tiene consenso entre los responsables de otras \u00e1reas, cuya opini\u00f3n e intervenci\u00f3n es toral porque toca fibras de sensibilidad pol\u00edtica y econ\u00f3mica.<\/p>\n\n\n\n<p class=\"wp-block-paragraph\">Y, en el otro lado, en el del Congreso de la Uni\u00f3n, espec\u00edficamente en la C\u00e1mara de Diputados \u2013aunque en el Senado hay desencuentros entre Ricardo Monreal y Mart\u00ed Batres, cada quien con sus atributos pol\u00edticos y aspiraciones futuras&#8211;.<\/p>\n\n\n\n<p class=\"wp-block-paragraph\">La evidencia. Ayer, en el corolario de la comparecencia del secretario de Hacienda y Cr\u00e9dito P\u00fablico, Jos\u00e9 Antonio Gonz\u00e1lez Anaya, la diputada federal en funciones de presidenta de la Mesa Directiva de la C\u00e1mara de Diputados, Dolores Padierna Luna, aprovech\u00f3 la ausencia del presidente Porfirio Mu\u00f1oz Ledo que hab\u00eda dejado de conducir la sesi\u00f3n para atender un asunto oficial.<\/p>\n\n\n\n<p class=\"wp-block-paragraph\">Y demostr\u00f3 \u00e9se \u00e1nimo, ambici\u00f3n en pocas palabras, de presidir, manejar, controlar a la C\u00e1mara baja con la mayor\u00eda morenista, en olvido de que lleg\u00f3 a las filas de Morena apenas unas horas despu\u00e9s de haber fungido coordinadora de la bancada del PRD en el Senado, y que en esas condiciones se le otorg\u00f3 un espacio como legisladora mas no en la opci\u00f3n de ser siquiera coordinadora.<\/p>\n\n\n\n<p class=\"wp-block-paragraph\">Haber llegado a la vicepresidencia camaral fue merced a un acuerdo logrado con la anuencia de Andr\u00e9s Manuel L\u00f3pez Obrador, porque Mario Delgado se hab\u00eda perfilado como coordinador de la bancada de Morena por tres a\u00f1os.<\/p>\n\n\n\n<p class=\"wp-block-paragraph\">El caso es que una comparecencia que hab\u00eda corrido tersa y sin aspavientos, con cr\u00edticas, s\u00ed, pero despojada de esas escenas de tomas de tribuna y manifestaciones de la que fue oposici\u00f3n, pero hoy con su mayor\u00eda evit\u00f3 el papelazo.<\/p>\n\n\n\n<p class=\"wp-block-paragraph\">Acaso por ello, Mar\u00eda de los Dolores Padierna Luna dej\u00f3 de lado el ordenamiento legal y, desde la Presidencia camaral, habl\u00f3 a nombre de su bancada, es decir, de Morena, sin consultar con el coordinador Mario Delgado, lo que evidenci\u00f3 el tama\u00f1o de las diferencias que hay en la fracci\u00f3n.<\/p>\n\n\n\n<p class=\"wp-block-paragraph\">Cr\u00edtica, descalific\u00f3 al gobierno de Pe\u00f1a Nieto en el rubro de la econom\u00eda, lo que pudo haber hecho como una diputada integrante de un grupo parlamentario mas no desde la Presidencia camaral.<\/p>\n\n\n\n<p class=\"wp-block-paragraph\">Y, a los reclamos de la oposici\u00f3n priista que le se\u00f1al\u00f3 la violaci\u00f3n al reglamento, respondi\u00f3: \u201c(\u2026)&nbsp;\u00edbamos a concluir con la intervenci\u00f3n del diputado Ram\u00edrez Cu\u00e9llar porque estamos en el Poder Legislativo y el Poder Legislativo es el \u00faltimo que tiene la palabra, no el Poder Ejecutivo, por eso estoy hablando yo a nombre del grupo mayoritario en esta C\u00e1mara (\u2026) Ruego a los diputados del PRI guardar silencio y sentarse en sus sillas. A ver, guarden silencio y si\u00e9ntense. Estamos respetando un acuerdo de la Mesa Directiva. Estamos en el Poder Legislativo y no ser\u00e1 la visi\u00f3n del Ejecutivo lo que prevalezca en este recinto\u201d.<\/p>\n\n\n\n<p class=\"wp-block-paragraph\">Dolores Padierna no pec\u00f3 de inexperta menos de ilusa. Mostr\u00f3 el nivel de la lucha por el control de los 257 diputados federales de Morena. \u00bfQuiere la Presidencia de la C\u00e1mara baja? \u00a1S\u00ed! \u00bfQuiere la coordinaci\u00f3n de los legisladores morenistas? \u00bfAlguien lo duda?<\/p>\n\n\n\n<p class=\"wp-block-paragraph\">\u201cNosotros \u2013dijo Padierna como si continuara la campa\u00f1a&#8211;, la mayor\u00eda democr\u00e1tica, vamos a cambiar el modelo econ\u00f3mico, haremos finanzas p\u00fablicas basadas en la austeridad republicana (\u00bfahora es austera y republicana?) y le daremos vuelta a la historia (\u00bf?). \u00a1Que viva la mayor\u00eda democr\u00e1tica que gan\u00f3 en la elecci\u00f3n!\u201d<\/p>\n\n\n\n<p class=\"wp-block-paragraph\">Y conste que esto apenas comienza. Por eso la sedicente izquierda no cuaja en los gobiernos del mundo. Las tribus, estancos de selectivo pedigr\u00ed ilustrado, mantienen la lucha por el poder. Mientras, la hoy oposici\u00f3n priista y panista entr\u00f3 en el periodo de la reconstrucci\u00f3n; no son hermanas de la caridad ni colegiales en examen extraordinario. Conste.<\/p>\n\n\n\n<p class=\"wp-block-paragraph\"><a href=\"mailto:sanchezlimon@gmail.com\" target=\"_blank\" rel=\"noreferrer noopener\">sanchezlimon@gmail.com<\/a><\/p>\n\n\n\n<p class=\"wp-block-paragraph\"><a href=\"http:\/\/www.entresemana.mx\/\" target=\"_blank\" rel=\"noreferrer noopener\">www.entresemana.mx<\/a><\/p>\n\n\n\n<p class=\"wp-block-paragraph\">@msanchezlimon<\/p>\n","protected":false},"excerpt":{"rendered":"<p>Rumbo al 1 de diciembre. Disputa por el poder\u2026 en Morena Mois\u00e9s S\u00e1nchez SemM\u00e9xico, 4 octubre 2018.- Rumbo al s\u00e1bado 1 de diciembre, cuando Andr\u00e9s Manuel L\u00f3pez Obrador rinda protesta ante el Congreso de la Uni\u00f3n como Presidente de la Rep\u00fablica, el presunto equipo que ocupar\u00e1 espacios clave en la administraci\u00f3n federal ha entrado en [&hellip;]<\/p>\n","protected":false},"author":3,"featured_media":6811,"comment_status":"open","ping_status":"open","sticky":false,"template":"","format":"standard","meta":{"_monsterinsights_skip_tracking":false,"footnotes":""},"categories":[689,83],"tags":[],"class_list":["post-7009","post","type-post","status-publish","format-standard","has-post-thumbnail","category-689","category-moises-sanchez-limon"],"_links":{"self":[{"href":"https:\/\/redsemlac.com\/semmexico\/wp-json\/wp\/v2\/posts\/7009","targetHints":{"allow":["GET"]}}],"collection":[{"href":"https:\/\/redsemlac.com\/semmexico\/wp-json\/wp\/v2\/posts"}],"about":[{"href":"https:\/\/redsemlac.com\/semmexico\/wp-json\/wp\/v2\/types\/post"}],"author":[{"embeddable":true,"href":"https:\/\/redsemlac.com\/semmexico\/wp-json\/wp\/v2\/users\/3"}],"replies":[{"embeddable":true,"href":"https:\/\/redsemlac.com\/semmexico\/wp-json\/wp\/v2\/comments?post=7009"}],"version-history":[{"count":0,"href":"https:\/\/redsemlac.com\/semmexico\/wp-json\/wp\/v2\/posts\/7009\/revisions"}],"wp:featuredmedia":[{"embeddable":true,"href":"https:\/\/redsemlac.com\/semmexico\/wp-json\/wp\/v2\/media\/6811"}],"wp:attachment":[{"href":"https:\/\/redsemlac.com\/semmexico\/wp-json\/wp\/v2\/media?parent=7009"}],"wp:term":[{"taxonomy":"category","embeddable":true,"href":"https:\/\/redsemlac.com\/semmexico\/wp-json\/wp\/v2\/categories?post=7009"},{"taxonomy":"post_tag","embeddable":true,"href":"https:\/\/redsemlac.com\/semmexico\/wp-json\/wp\/v2\/tags?post=7009"}],"curies":[{"name":"wp","href":"https:\/\/api.w.org\/{rel}","templated":true}]}}