{"id":7003,"date":"2018-10-11T20:55:44","date_gmt":"2018-10-11T20:55:44","guid":{"rendered":"https:\/\/redsemlac.com\/semmexico\/?p=7003"},"modified":"2023-07-21T14:33:48","modified_gmt":"2023-07-21T19:33:48","slug":"entresemana-25","status":"publish","type":"post","link":"https:\/\/redsemlac.com\/semmexico\/entresemana-25\/","title":{"rendered":"Entresemana"},"content":{"rendered":"\n<p class=\"wp-block-paragraph\">La aportaci\u00f3n del recurso prometido<\/p>\n\n\n\n<h5 class=\"wp-block-heading\"> Fe, esperanza y caridad\u2026<\/h5>\n\n\n\n<p class=\"wp-block-paragraph\"><a href=\"https:\/\/semmexico.com\/gallery-post.php?id=6086#\">Mois\u00e9s S\u00e1nchez<\/a><\/p>\n\n\n\n<p class=\"wp-block-paragraph\">SemM\u00e9xico, 11 octubre 2018.- H\u00e9ctor Melesio Cu\u00e9n Ojeda, fue rector de la Universidad Aut\u00f3noma de Sinaloa. En unos d\u00edas m\u00e1s cumplir\u00e1 63 a\u00f1os y es una figura pol\u00edtica respetada y reconocida en esa entidad, de cuyo municipio Badiraguato, es originario.<\/p>\n\n\n\n<p class=\"wp-block-paragraph\">De profesi\u00f3n qu\u00edmico farmac\u00e9utico bi\u00f3logo, ha hecho lo que se denomina trabajo a pie tierra, con los grupos sociales desprotegidos, pero sin descuidar al resto de los estratos que tambi\u00e9n requieren atenci\u00f3n, sin adjetivos ni ofertas temerarias, vaya, sin ofrecer el man\u00e1 aunque mucho de fe y esperanza tienen estas tareas que se despojan de la demagogia y el populismo.<\/p>\n\n\n\n<p class=\"wp-block-paragraph\">Y es que, eso de la caridad, m\u00e1s all\u00e1 de asumirse como parte de las virtudes teologales, se ha considerado como lo que, en pol\u00edtica y en la creencia terrenal se tiene de la d\u00e1diva, la aportaci\u00f3n del recurso prometido, la oferta de campa\u00f1a que corresponde otorgar al ungido, el gobernante que, mediante diferentes figuras, paga el voto aportado a su causa.<\/p>\n\n\n\n<p class=\"wp-block-paragraph\">Pero, mire usted, traigo a colaci\u00f3n el nombre del maestro H\u00e9ctor Melesio Cu\u00e9n Ojeda justo en este proceso en el que Andr\u00e9s Manuel L\u00f3pez Obrador est\u00e1 en v\u00edsperas de cumplir su sue\u00f1o dorado, el sue\u00f1o de vida, de convertirse en Presidente de M\u00e9xico, a partir de una carrera que su m\u00e1s reciente bi\u00f3grafo, Ignacio Ovalle Fern\u00e1ndez, pretendi\u00f3 sustentar como una especie de apostolado, de un personaje que viv\u00eda en una casa de piso de tierra con la cuna humilde en la que dorm\u00eda el primog\u00e9nito.<\/p>\n\n\n\n<p class=\"wp-block-paragraph\">Sin duda, al licenciado L\u00f3pez debe reconoc\u00e9rsele la necedad por conseguir un objetivo de poder, de poder, porque en eso de la ilustraci\u00f3n como que no se le dio, tanto que dif\u00edcilmente logra pronunciar una palabra en ingl\u00e9s y mucho menos en franc\u00e9s, que cualquier estudiante de aquellos d\u00edas de la Facultad de Ciencias Pol\u00edticas y Sociales, de la que fue alumno, pod\u00eda pronunciar obligado por las lecturas b\u00e1sicas. En fin.<\/p>\n\n\n\n<p class=\"wp-block-paragraph\">Pero, hay otros liderazgos a los que se combate con todo el peso de la misma oposici\u00f3n de dizque izquierda o el aparato del gobierno constituido, como ha sido el caso de Cu\u00e9n Ojeda, que en menos de seis a\u00f1os ha construido un partido \u2013el Partido Sinaloense&#8211; del que, en coalici\u00f3n con Movimiento Ciudadano, fue candidato al gobierno de Sinaloa, periplo en el que dej\u00f3 en tercer sitio al PAN y en cuarto al PRD.<\/p>\n\n\n\n<p class=\"wp-block-paragraph\">Fue diputado local y, justo cuando busc\u00f3 la gubernatura, en el PAN pretendieron sorprenderlo con el canto de las sirenas y, mediante un acuerdo al que lo convocaron firmar, quisieron sacarlo de la contienda.<\/p>\n\n\n\n<p class=\"wp-block-paragraph\">S\u00ed, en Sinaloa gan\u00f3 Quirino Ordaz Coppel, candidato de la coalici\u00f3n PRI-PVEM-Nueva Alianza, pero estuvo a un tris de perder los comicios en el a\u00f1o 2006 frente a H\u00e9ctor Melesio Cu\u00e9n Ojeda, quien se present\u00f3 a la contienda federal en busca de ser senador. Perdi\u00f3 y asume la derrota con la tranquilidad que da el tener arraigo en su tierra; asume que perdi\u00f3 frente al fen\u00f3meno Andr\u00e9s Manuel L\u00f3pez Obrador, pero est\u00e1 cierto de que en la elecci\u00f3n intermedia de 2021 podr\u00e1 ganar una posici\u00f3n como diputado federal.<\/p>\n\n\n\n<p class=\"wp-block-paragraph\">\u00bfPor qu\u00e9 esa certidumbre de que puede ganar un espacio en el Congreso de la Uni\u00f3n? Porque es uno de esos raros liderazgos que no han sucumbido, dec\u00eda, al canto de las sirenas ni se consideran iluminados. Ha hecho trabajo en su tierra; incluso tiene un natural liderazgo con los partidos locales y \u00e9stas organizaciones sociales que hay en el pa\u00eds y se niegan a vincularse a los partidos de siempre o, incluso, al Movimiento Regeneraci\u00f3n Nacional que, dice L\u00f3pez Obrador, debe mantenerse como tal porque es del pueblo y para el pueblo. \u00bfDe veras?<\/p>\n\n\n\n<p class=\"wp-block-paragraph\">Bueno, resulta que \u00e9sta mayor\u00eda de Morena en el Congreso de la Uni\u00f3n tiene frente a s\u00ed una prueba de congruencia, del dicho al hecho. Porque ese liderazgo de L\u00f3pez Obrador, acompa\u00f1ado con sus ap\u00f3stoles en la pretendida cristalizaci\u00f3n de sue\u00f1os personales y de grupo, de tribu, y de caminar con esas virtudes teologales pero muy terrenales, de pronto asume cierta amnesia selectiva y, por ejemplo, olvid\u00f3 la oferta, vendida como esperanza para millones de mexicanos, de acabar con los gasolinazos.<\/p>\n\n\n\n<p class=\"wp-block-paragraph\">Y lo mismo tendr\u00e1 que responder con la largueza ofrecida, en esa caridad vestida de apoyo a los ninis, a los que ahora quiere integrar como esa suma de 50 mil nuevos miembros del ej\u00e9rcito mexicano, y pagarles de qui\u00e9n sabe qu\u00e9 bolsa presupuestal como tambi\u00e9n cumplirle a los que menos tienen y a los adultos mayores.<\/p>\n\n\n\n<p class=\"wp-block-paragraph\">El caso es que, el maestro H\u00e9ctor Melesio Cu\u00e9n Ojeda, en su car\u00e1cter de dirigente del Partido Sinaloense, reuni\u00f3 m\u00e1s de 200 mil firmas para cada paquete del que ha solicitado atenci\u00f3n y aprobaci\u00f3n del Senado y de la C\u00e1mara de Diputados, respecto de tres iniciativas ciudadanas que formaron parte de la oferta de campa\u00f1a de Andr\u00e9s Manuel, a saber:<\/p>\n\n\n\n<p class=\"wp-block-paragraph\">&#8211;Reducci\u00f3n de los precios de las gasolinas y el gas dom\u00e9stico, merced a la desaparici\u00f3n o reducci\u00f3n sustancial del IEPS, el Impuesto Especial a Productos y Servicios, que es el que encarece a los combustibles.<\/p>\n\n\n\n<p class=\"wp-block-paragraph\">&#8211;Desaparecer el Horario de Verano para el estado de Sinaloa y reducir en m\u00e1s de 50 por ciento el financiamiento a los partidos pol\u00edticos en el nivel nacional y desaparec\u00e9rselo en lo estatal, que en buen cristiano implica que s\u00f3lo se otorguen recursos a los locales para que est\u00e9n en condiciones de competir en igualdad de condiciones.<\/p>\n\n\n\n<p class=\"wp-block-paragraph\">\u00bfAtender\u00e1n diputados y senadores a estas iniciativas? Cu\u00e9n Ojeda dice que tiene confianza en este nuevo Congreso con mayor\u00eda de Morena. \u00bfGobernar\u00e1 Andr\u00e9s Manuel y su equipo con el pueblo y para el pueblo? Esta, la del paquete de tres iniciativas ciudadanas llegadas desde Sinaloa, es una prueba. Conste.<\/p>\n\n\n\n<p class=\"wp-block-paragraph\"><a href=\"mailto:sanchezlimon@gmail.com\">sanchezlimon@gmail.com<\/a><\/p>\n\n\n\n<p class=\"wp-block-paragraph\"><a href=\"http:\/\/www.entresemana.mx\/\">www.entresemana.mx<\/a><\/p>\n\n\n\n<p class=\"wp-block-paragraph\">@msanchezlimon<\/p>\n","protected":false},"excerpt":{"rendered":"<p>La aportaci\u00f3n del recurso prometido Fe, esperanza y caridad\u2026 Mois\u00e9s S\u00e1nchez SemM\u00e9xico, 11 octubre 2018.- H\u00e9ctor Melesio Cu\u00e9n Ojeda, fue rector de la Universidad Aut\u00f3noma de Sinaloa. En unos d\u00edas m\u00e1s cumplir\u00e1 63 a\u00f1os y es una figura pol\u00edtica respetada y reconocida en esa entidad, de cuyo municipio Badiraguato, es originario. De profesi\u00f3n qu\u00edmico farmac\u00e9utico [&hellip;]<\/p>\n","protected":false},"author":3,"featured_media":6811,"comment_status":"open","ping_status":"open","sticky":false,"template":"","format":"standard","meta":{"_monsterinsights_skip_tracking":false,"footnotes":""},"categories":[689,83],"tags":[],"class_list":["post-7003","post","type-post","status-publish","format-standard","has-post-thumbnail","category-689","category-moises-sanchez-limon"],"_links":{"self":[{"href":"https:\/\/redsemlac.com\/semmexico\/wp-json\/wp\/v2\/posts\/7003","targetHints":{"allow":["GET"]}}],"collection":[{"href":"https:\/\/redsemlac.com\/semmexico\/wp-json\/wp\/v2\/posts"}],"about":[{"href":"https:\/\/redsemlac.com\/semmexico\/wp-json\/wp\/v2\/types\/post"}],"author":[{"embeddable":true,"href":"https:\/\/redsemlac.com\/semmexico\/wp-json\/wp\/v2\/users\/3"}],"replies":[{"embeddable":true,"href":"https:\/\/redsemlac.com\/semmexico\/wp-json\/wp\/v2\/comments?post=7003"}],"version-history":[{"count":0,"href":"https:\/\/redsemlac.com\/semmexico\/wp-json\/wp\/v2\/posts\/7003\/revisions"}],"wp:featuredmedia":[{"embeddable":true,"href":"https:\/\/redsemlac.com\/semmexico\/wp-json\/wp\/v2\/media\/6811"}],"wp:attachment":[{"href":"https:\/\/redsemlac.com\/semmexico\/wp-json\/wp\/v2\/media?parent=7003"}],"wp:term":[{"taxonomy":"category","embeddable":true,"href":"https:\/\/redsemlac.com\/semmexico\/wp-json\/wp\/v2\/categories?post=7003"},{"taxonomy":"post_tag","embeddable":true,"href":"https:\/\/redsemlac.com\/semmexico\/wp-json\/wp\/v2\/tags?post=7003"}],"curies":[{"name":"wp","href":"https:\/\/api.w.org\/{rel}","templated":true}]}}