{"id":69961,"date":"2023-08-12T11:59:00","date_gmt":"2023-08-12T17:59:00","guid":{"rendered":"https:\/\/redsemlac.com\/semmexico\/?p=69961"},"modified":"2023-08-12T11:59:01","modified_gmt":"2023-08-12T17:59:01","slug":"con-la-quema-de-un-ataud-colectiva-madres-en-resistencia-piden-justicia-por-el-feminicidio-de-paola-yasmin-en-chiapas","status":"publish","type":"post","link":"https:\/\/redsemlac.com\/semmexico\/con-la-quema-de-un-ataud-colectiva-madres-en-resistencia-piden-justicia-por-el-feminicidio-de-paola-yasmin-en-chiapas\/","title":{"rendered":"Con la quema de un ata\u00fad, colectiva Madres en Resistencia piden justicia por el feminicidio de Paola Yasm\u00edn en Chiapas"},"content":{"rendered":"\n<p class=\"wp-block-paragraph\">El 8 de diciembre de 2022 apareci\u00f3 muerta en el interior de la cisterna de la escuela primaria donde laboraba<\/p>\n\n\n\n<p class=\"wp-block-paragraph\">La madre, familiares y colectivas recordaron el natalicio n\u00famero 37 de Paola Yasm\u00edn.<\/p>\n\n\n\n<p class=\"wp-block-paragraph\">Gabriela Couti\u00f1o<\/p>\n\n\n\n<p class=\"wp-block-paragraph\">SemM\u00e9xico, Tuxtla Guti\u00e9rrez, Chis. 12 de agosto, 2023.- La colectiva \u201cMadres en Resistencia\u201d que agrupa a mam\u00e1s de v\u00edctimas de Feminicidios y desaparecidos, protestaron este viernes por la impunidad en el feminicidio de Paola Yasm\u00edn Ocampo Alc\u00e1zar, hallada muerta el 8 de diciembre de 2022, en el interior de una cisterna de la escuela primaria donde laboraba.<\/p>\n\n\n\n<p class=\"wp-block-paragraph\">Las mujeres instalaron lonas, realizaron pintas exigiendo justicia; colocaron cruces, flores, globos y la fotograf\u00eda de la v\u00edctima que este d\u00eda cumplir\u00eda 37 a\u00f1os; as\u00ed como un ata\u00fad de cart\u00f3n que luego quemaron en la puerta de la escuela primaria David G\u00f3mez.<\/p>\n\n\n\n<p class=\"wp-block-paragraph\">Flor Emilia Alc\u00e1zar madre de Paola Yasm\u00edn dijo entre l\u00e1grimas que han pasado 8 meses desde el feminicidio de su hija, y no hay ninguna persona detenida.<\/p>\n\n\n\n<p class=\"wp-block-paragraph\">\u201cEn el caso de mi hija hay cosas muy dif\u00edciles de creer. La fiscal\u00eda estatal se declar\u00f3 incompetente y remite la carpeta de investigaci\u00f3n a la Fiscal\u00eda General de la Rep\u00fablica. No sabemos qu\u00e9 pas\u00f3. La primera necropsia la realizaron mal. Dijeron que fue ahogamiento mec\u00e1nico, como que ella cay\u00f3 a la cisterna\u201d.<\/p>\n\n\n\n<p class=\"wp-block-paragraph\">En entrevista la madre, profesora jubilada, dijo que lo anterior \u201cno puede ser posible, porque la cisterna ten\u00eda candado y el primer d\u00eda que desapareci\u00f3 Paola Yasm\u00edn, se busc\u00f3 incluso en la cisterna y no estaba. Sembraron su cuerpo. El director dijo el d\u00eda que desapareci\u00f3 que hab\u00eda salido a la calle. Adem\u00e1s, hay una persona que maneja el candado de la cisterna\u201d.<\/p>\n\n\n\n<p class=\"wp-block-paragraph\">\u201cEn la Fiscal\u00eda estatal, hicieron todo mal. La escuela la abrieron la arreglaron y la pintaron borrando todas las evidencias\u201d, reclam\u00f3 la profesora Flor Emilia.<\/p>\n\n\n\n<p class=\"wp-block-paragraph\">La mujer de 65 a\u00f1os se\u00f1al\u00f3 que las sospechas recaen sobre quienes trabajan en la escuela. Lo lamentable, dijo, es la falta de colaboraci\u00f3n de las autoridades educativas, del sindicato de trabajadores de la educaci\u00f3n, de los maestros, quienes \u00abno se han arrimado para nada\u00bb.<\/p>\n\n\n\n<p class=\"wp-block-paragraph\">Do\u00f1a Flor Emilia expres\u00f3 su pesar ba\u00f1ado en l\u00e1grimas. \u201cYa nada es igual, en las noches no puedo dormir, quedo sentada, pienso en mi hija, c\u00f3mo sucedi\u00f3, qu\u00e9 pas\u00f3, qu\u00e9 le hicieron. Mi otra hija dej\u00f3 de trabajar, no pod\u00eda dejarme sola en la casa. Todo se acab\u00f3\u00bb.<\/p>\n\n\n\n<p class=\"wp-block-paragraph\">La mujer exigi\u00f3 \u201cal presidente Andr\u00e9s Manuel L\u00f3pez Obrador que vea a su gente, que haga bien las cosas, porque una cosa dice aqu\u00ed, y otra cosa es. Qu\u00e9 esperamos de nuestras autoridades\u201d.<\/p>\n\n\n\n<p class=\"wp-block-paragraph\">La petici\u00f3n es por justicia, \u00abaunque sea en los \u00faltimos d\u00edas de mi vida, pero quiero ver en la c\u00e1rcel al o a los asesinos, que paguen lo que le hicieron a mi hija que fue cari\u00f1osa, trabajadora, no hac\u00eda mal a nadie\u00bb, expres\u00f3.<\/p>\n\n\n\n<p class=\"wp-block-paragraph\">En la protesta la activista y madre de v\u00edctima de feminicidio, Mary Cruz Velasco exigi\u00f3 a la direcci\u00f3n de la escuela David G\u00f3mez \u00abque entreguen a los asesinos de Paola Yazm\u00edn\u00bb, as\u00ed tambi\u00e9n hizo un llamado a padres y madres de familia\u00bb que tengan cuidado, que en esta escuela hay feminicidas \u201cQu\u00e9 nos esperamos, si mataron a una trabajadora de esta escuela, qu\u00e9 nos esperamos con nuestros hijos\u00bb, reclam\u00f3.<\/p>\n\n\n\n<figure class=\"wp-block-gallery has-nested-images columns-default is-cropped wp-block-gallery-1 is-layout-flex wp-block-gallery-is-layout-flex\">\n<figure class=\"wp-block-image size-large\"><a href=\"https:\/\/redsemlac.com\/semmexico\/wp-content\/uploads\/2023\/08\/WhatsApp-Image-2023-08-11-at-11.26.43-PM.jpeg\"><img loading=\"lazy\" decoding=\"async\" width=\"768\" height=\"1024\" data-id=\"69963\" src=\"https:\/\/redsemlac.com\/semmexico\/wp-content\/uploads\/2023\/08\/WhatsApp-Image-2023-08-11-at-11.26.43-PM.jpeg\" alt=\"\" class=\"wp-image-69963\"\/><\/a><\/figure>\n\n\n\n<figure class=\"wp-block-image size-large\"><a href=\"https:\/\/redsemlac.com\/semmexico\/wp-content\/uploads\/2023\/08\/WhatsApp-Image-2023-08-11-at-11.26.44-PM-1.jpeg\"><img loading=\"lazy\" decoding=\"async\" width=\"768\" height=\"1024\" data-id=\"69964\" src=\"https:\/\/redsemlac.com\/semmexico\/wp-content\/uploads\/2023\/08\/WhatsApp-Image-2023-08-11-at-11.26.44-PM-1.jpeg\" alt=\"\" class=\"wp-image-69964\"\/><\/a><\/figure>\n\n\n\n<figure class=\"wp-block-image size-large\"><a href=\"https:\/\/redsemlac.com\/semmexico\/wp-content\/uploads\/2023\/08\/WhatsApp-Image-2023-08-11-at-11.26.44-PM-2.jpeg\"><img loading=\"lazy\" decoding=\"async\" width=\"768\" height=\"1024\" data-id=\"69966\" src=\"https:\/\/redsemlac.com\/semmexico\/wp-content\/uploads\/2023\/08\/WhatsApp-Image-2023-08-11-at-11.26.44-PM-2.jpeg\" alt=\"\" class=\"wp-image-69966\"\/><\/a><\/figure>\n\n\n\n<figure class=\"wp-block-image size-large\"><a href=\"https:\/\/redsemlac.com\/semmexico\/wp-content\/uploads\/2023\/08\/WhatsApp-Image-2023-08-11-at-11.26.48-PM.jpeg\"><img loading=\"lazy\" decoding=\"async\" width=\"768\" height=\"1024\" data-id=\"69965\" src=\"https:\/\/redsemlac.com\/semmexico\/wp-content\/uploads\/2023\/08\/WhatsApp-Image-2023-08-11-at-11.26.48-PM.jpeg\" alt=\"\" class=\"wp-image-69965\"\/><\/a><\/figure>\n\n\n\n<figure class=\"wp-block-image size-large\"><a href=\"https:\/\/redsemlac.com\/semmexico\/wp-content\/uploads\/2023\/08\/WhatsApp-Image-2023-08-11-at-11.27.22-PM.jpeg\"><img loading=\"lazy\" decoding=\"async\" width=\"768\" height=\"1024\" data-id=\"69967\" src=\"https:\/\/redsemlac.com\/semmexico\/wp-content\/uploads\/2023\/08\/WhatsApp-Image-2023-08-11-at-11.27.22-PM.jpeg\" alt=\"\" class=\"wp-image-69967\"\/><\/a><\/figure>\n<\/figure>\n\n\n\n<figure class=\"wp-block-gallery has-nested-images columns-default is-cropped wp-block-gallery-2 is-layout-flex wp-block-gallery-is-layout-flex\">\n<figure class=\"wp-block-image size-large\"><a href=\"https:\/\/redsemlac.com\/semmexico\/wp-content\/uploads\/2023\/08\/WhatsApp-Image-2023-08-11-at-11.26.44-PM.jpeg\"><img loading=\"lazy\" decoding=\"async\" width=\"1024\" height=\"768\" data-id=\"69969\" src=\"https:\/\/redsemlac.com\/semmexico\/wp-content\/uploads\/2023\/08\/WhatsApp-Image-2023-08-11-at-11.26.44-PM.jpeg\" alt=\"\" class=\"wp-image-69969\"\/><\/a><\/figure>\n\n\n\n<figure class=\"wp-block-image size-large\"><a href=\"https:\/\/redsemlac.com\/semmexico\/wp-content\/uploads\/2023\/08\/WhatsApp-Image-2023-08-11-at-11.26.45-PM.jpeg\"><img loading=\"lazy\" decoding=\"async\" width=\"1024\" height=\"768\" data-id=\"69970\" src=\"https:\/\/redsemlac.com\/semmexico\/wp-content\/uploads\/2023\/08\/WhatsApp-Image-2023-08-11-at-11.26.45-PM.jpeg\" alt=\"\" class=\"wp-image-69970\"\/><\/a><\/figure>\n\n\n\n<figure class=\"wp-block-image size-large\"><a href=\"https:\/\/redsemlac.com\/semmexico\/wp-content\/uploads\/2023\/08\/WhatsApp-Image-2023-08-11-at-11.26.47-PM.jpeg\"><img loading=\"lazy\" decoding=\"async\" width=\"1024\" height=\"768\" data-id=\"69968\" src=\"https:\/\/redsemlac.com\/semmexico\/wp-content\/uploads\/2023\/08\/WhatsApp-Image-2023-08-11-at-11.26.47-PM.jpeg\" alt=\"\" class=\"wp-image-69968\"\/><\/a><\/figure>\n<\/figure>\n","protected":false},"excerpt":{"rendered":"<p>La colectiva \u201cMadres en Resistencia\u201d que agrupa a mam\u00e1s de v\u00edctimas de Feminicidios y desaparecidos, protestaron este viernes por la impunidad en el feminicidio de Paola Yasm\u00edn Ocampo Alc\u00e1zar<\/p>\n","protected":false},"author":3,"featured_media":69962,"comment_status":"open","ping_status":"open","sticky":false,"template":"","format":"standard","meta":{"_monsterinsights_skip_tracking":false,"footnotes":""},"categories":[48],"tags":[],"class_list":["post-69961","post","type-post","status-publish","format-standard","has-post-thumbnail","category-no-mas-impunidad-no-mas-impunidad"],"_links":{"self":[{"href":"https:\/\/redsemlac.com\/semmexico\/wp-json\/wp\/v2\/posts\/69961","targetHints":{"allow":["GET"]}}],"collection":[{"href":"https:\/\/redsemlac.com\/semmexico\/wp-json\/wp\/v2\/posts"}],"about":[{"href":"https:\/\/redsemlac.com\/semmexico\/wp-json\/wp\/v2\/types\/post"}],"author":[{"embeddable":true,"href":"https:\/\/redsemlac.com\/semmexico\/wp-json\/wp\/v2\/users\/3"}],"replies":[{"embeddable":true,"href":"https:\/\/redsemlac.com\/semmexico\/wp-json\/wp\/v2\/comments?post=69961"}],"version-history":[{"count":0,"href":"https:\/\/redsemlac.com\/semmexico\/wp-json\/wp\/v2\/posts\/69961\/revisions"}],"wp:featuredmedia":[{"embeddable":true,"href":"https:\/\/redsemlac.com\/semmexico\/wp-json\/wp\/v2\/media\/69962"}],"wp:attachment":[{"href":"https:\/\/redsemlac.com\/semmexico\/wp-json\/wp\/v2\/media?parent=69961"}],"wp:term":[{"taxonomy":"category","embeddable":true,"href":"https:\/\/redsemlac.com\/semmexico\/wp-json\/wp\/v2\/categories?post=69961"},{"taxonomy":"post_tag","embeddable":true,"href":"https:\/\/redsemlac.com\/semmexico\/wp-json\/wp\/v2\/tags?post=69961"}],"curies":[{"name":"wp","href":"https:\/\/api.w.org\/{rel}","templated":true}]}}